{"id":417327,"date":"2019-03-01T00:09:34","date_gmt":"2019-03-01T06:09:34","guid":{"rendered":"https:\/\/www.diarioimagen.net\/?p=417327"},"modified":"2019-03-03T22:54:50","modified_gmt":"2019-03-04T04:54:50","slug":"demostraremos-que-la-economia-crecera-4-lopez-obrador","status":"publish","type":"post","link":"https:\/\/www.diarioimagen.net\/?p=417327","title":{"rendered":"Econom\u00eda crecer\u00e1 un 4%, garantiza L\u00f3pez Obrador"},"content":{"rendered":"<ul>\n<li><strong><em>Con apoyo del sector empresarial<\/em><\/strong><\/li>\n<li><strong><em>Asegura que nuestro pa\u00eds tiene una buena relaci\u00f3n con la administraci\u00f3n de Trump<\/em><\/strong><\/li>\n<\/ul>\n<h6>Jos\u00e9 Luis Monta\u00f1ez<\/h6>\n<p>&nbsp;<\/p>\n<div id=\"attachment_417328\" style=\"width: 470px\" class=\"wp-caption aligncenter\"><img loading=\"lazy\" decoding=\"async\" aria-describedby=\"caption-attachment-417328\" class=\"size-large wp-image-417328\" src=\"https:\/\/www.diarioimagen.net\/wp-content\/uploads\/2019\/02\/AMLO1-portal-460x268.jpg\" alt=\"\" width=\"460\" height=\"268\" srcset=\"https:\/\/www.diarioimagen.net\/wp-content\/uploads\/2019\/02\/AMLO1-portal-460x268.jpg 460w, https:\/\/www.diarioimagen.net\/wp-content\/uploads\/2019\/02\/AMLO1-portal-240x140.jpg 240w, https:\/\/www.diarioimagen.net\/wp-content\/uploads\/2019\/02\/AMLO1-portal.jpg 480w\" sizes=\"auto, (max-width: 460px) 100vw, 460px\" \/><p id=\"caption-attachment-417328\" class=\"wp-caption-text\">Andr\u00e9s Manuel L\u00f3pez Obrador refrend\u00f3 que habr\u00e1 avance econ\u00f3mico en M\u00e9xico, y destac\u00f3 que para ello se cuenta con el apoyo del sector empresarial.<\/p><\/div>\n<p>&nbsp;<\/p>\n<p>El presidente Andr\u00e9s Manuel L\u00f3pez Obrador refrend\u00f3 que habr\u00e1 avance econ\u00f3mico en M\u00e9xico, y destac\u00f3 que para ello se cuenta con el apoyo del sector empresarial, que la v\u00edspera le ofreci\u00f3 ayudar para crecer al cuatro por ciento anual.<\/p>\n<p>\u201cLes vamos a demostrar que va a crecer m\u00e1s la econom\u00eda, ayer hicimos un trato con los empresarios, \u2018de primera\u2019\u201d, expres\u00f3 el jueves el mandatario federal luego de que el Banco de M\u00e9xico (Banxico) ajust\u00f3 la proyecci\u00f3n de crecimiento econ\u00f3mico del pa\u00eds para este a\u00f1o.<\/p>\n<p>Ante las estimaciones del Banxico, L\u00f3pez Obrador indic\u00f3 en su conferencia de prensa matutina en Palacio Nacional que se tienen que tomar en cuenta todos los antecedentes, todo el contexto, \u201cno s\u00f3lo se puede ver el \u00e1rbol sin ver el bosque\u201d.<\/p>\n<p>En ese sentido, el Ejecutivo federal mencion\u00f3 que en los primeros a\u00f1os de administraciones pasadas la econom\u00eda descendi\u00f3, y ahora \u201cest\u00e1n diciendo que el primero de nosotros ser\u00e1 1.6 por ciento, est\u00e1 bien, lo aceptamos, estamos empezando\u201d.<\/p>\n<p>Record\u00f3 que el mi\u00e9rcoles, el Consejo Coordinador Empresarial le hizo dos propuestas: apoyar para que en este sexenio los mexicanos salgan de la pobreza extrema, y ayudar para que M\u00e9xico pueda crecer al cuatro por ciento anual, a las cuales el Presidente sum\u00f3 la de acabar con la corrupci\u00f3n, de manera conjunta.<\/p>\n<p>Tras se\u00f1alar que su gobierno es plural, representa a todos y es de todos, de trabajadores y empresarios, L\u00f3pez Obrador enfatiz\u00f3 que el crecimiento de la econom\u00eda, el combate a la corrupci\u00f3n y erradicar la pobreza extrema son los tres grandes prop\u00f3sitos de su administraci\u00f3n.<\/p>\n<p style=\"text-align: center;\"><strong>M\u00e9xico y EU abordan tema migratorio con enfoque distinto<\/strong><\/p>\n<p>L\u00f3pez Obrador asegur\u00f3 que M\u00e9xico tiene una buena relaci\u00f3n con el gobierno de Estados Unidos, con el que aborda el tema migratorio con un enfoque distinto al que se hab\u00eda concebido y aplicado en los \u00faltimos tiempos.<\/p>\n<p>El Ejecutivo federal afirm\u00f3 que ese gobierno reconoce lo que significan los mexicanos en todo sentido, pues se trata de \u201cuna fuerza productiva de primera para la econom\u00eda de Estados Unidos, de los mejores trabajadores del mundo, esos son nuestros paisanos\u201d.<\/p>\n<p>\u201cEstamos actuando con mucho respeto a la soberan\u00eda de Estados Unidos; vamos a seguir haci\u00e9ndolo de esa manera porque queremos que se respete nuestra soberan\u00eda; hay condiciones muy favorables para que se garanticen los derechos humanos, se proteja a migrantes y se les d\u00e9 reconocimiento a nuestros paisanos\u201d.<\/p>\n<p>Dijo que el gobierno federal trabaja con programas como Sembrando Vida, para que los mexicanos tengan empleos en el pa\u00eds y que haya cooperaci\u00f3n para el desarrollo, a fin de que la migraci\u00f3n sea opcional y no forzada ni obligatoria.<\/p>\n<p>El mandatario detall\u00f3 que los migrantes en Estados Unidos env\u00edan a M\u00e9xico recursos econ\u00f3micos, remesas, por m\u00e1s de 30 mil millones de d\u00f3lares al a\u00f1o, que representan la principal fuente de ingresos del pa\u00eds, lo que es un apoyo fundamental, sobre todo para la econom\u00eda popular, \u201cpor eso nuestro compromiso de apoyarlos, de protegerlos, de ayudarlos\u201d.<\/p>\n<p>Destac\u00f3 el concepto de \u201ccivilizaci\u00f3n mexicana\u201d conformada por varias culturas que representan la fortaleza de la naci\u00f3n, \u201cyo siempre he dicho que las culturas nos han salvado siempre de todas las calamidades\u201d, ya sean desastres naturales o incluso resistir ante malos gobiernos y corrupci\u00f3n.<\/p>\n<p>El Presidente record\u00f3 que este a\u00f1o se terminar\u00e1 con el Metro de Guadalajara, Jalisco, obra que se demor\u00f3 debido a que se hicieron mal los c\u00e1lculos, para lo cual se invertir\u00e1n 4 mil 500 millones de pesos para cumplir el objetivo.<\/p>\n<p>Adelant\u00f3 que el pr\u00f3ximo 8 de marzo se dar\u00e1 a conocer el Plan de Atenci\u00f3n, Apoyo y Protecci\u00f3n a la Mujeres en un encuentro.<\/p>\n<p>Explic\u00f3 que el pr\u00f3ximo 11 de marzo dar\u00e1 a conocer el informe respecto a los primeros 100 d\u00edas de gobierno, para que los ciudadanos conozcan las acciones tomadas por el gobierno federal en este periodo.<\/p>\n<p>&nbsp;<\/p>\n<blockquote>\n<h2 style=\"text-align: center;\">Plan del gobierno federal para apoyar a migrantes<\/h2>\n<p>En la conferencia matutina del presidente Andr\u00e9s Manuel L\u00f3pez Obrador se present\u00f3 un plan de diez acciones para apoyar a los migrantes mexicanos.<\/p>\n<p>Entre las acciones, destacan el despliegue de consulados m\u00f3viles y la consulta peri\u00f3dica a migrantes para que opinen sobre los proyectos del gobierno.<\/p>\n<p>Aqu\u00ed las acciones que el gobierno anunci\u00f3:<\/p>\n<p>\u2022 Participaci\u00f3n de gobiernos estatales y municipales con todo el gobierno federal.<\/p>\n<p>\u2022 Cambio de mentalidad y actitud, mayor capacitaci\u00f3n y motivaci\u00f3n para profesionalizar la atenci\u00f3n consular y ser especialistas en materia legal.<\/p>\n<p>\u2022 Ampliar la red de abogados con organizaciones especializadas en derechos de migrantes mexicanos.<\/p>\n<p>\u2022 Promoci\u00f3n activa de identidad cultural mexicana.<\/p>\n<p>\u2022 Ampliar programas de educaci\u00f3n, salud y deporte.<\/p>\n<p>\u2022 Nuevos mecanismos financieros para la participaci\u00f3n de la comunidad migrante en los proyectos de M\u00e9xico.<\/p>\n<p>\u2022 Los c\u00f3nsules encabezar\u00e1n despliegue de consulados m\u00f3viles integrales para atender a comunidades.<\/p>\n<p>\u2022 Empoderar a la comunidad mexicoamericana, mediante un programa que el gobierno federal dar\u00e1 a conocer en breve.<\/p>\n<p>\u2022 Homologar todo el marco actual derechos humanos en consulados, en lo que refiere a lenguas ind\u00edgenas y matrimonio igualitario, por ejemplo.<\/p>\n<p>\u2022 Desarrollo de una consulta peri\u00f3dica en la comunidad mexicano-americana, para escuchar sus opiniones en temas como el plan de desarrollo de M\u00e9xico.<\/p><\/blockquote>\n","protected":false},"excerpt":{"rendered":"<p>style=\u00bbcolor: #005497;\u00bb>Jos\u00e9 Luis Monta\u00f1ez<br \/>\n<br \/>\nEl presidente Andr\u00e9s Manuel L\u00f3pez Obrador refrend\u00f3 que habr\u00e1 avance econ\u00f3mico en M\u00e9xico, y destac\u00f3 que para ello se cuenta con el apoyo del sector empresarial, que la v\u00edspera le ofreci\u00f3 ayudar para crecer al cuatro por ciento anual.<\/p>\n","protected":false},"author":5,"featured_media":417328,"comment_status":"open","ping_status":"open","sticky":false,"template":"","format":"standard","meta":{"_monsterinsights_skip_tracking":false,"_monsterinsights_sitenote_active":false,"_monsterinsights_sitenote_note":"","_monsterinsights_sitenote_category":0,"footnotes":""},"categories":[8],"tags":[2545,1519,83285,43678,81020,373,77870],"class_list":["post-417327","post","type-post","status-publish","format-standard","has-post-thumbnail","hentry","category-finanzas","tag-amlo","tag-banxico","tag-economia-crecera-4","tag-finanzas","tag-lopez-obrador","tag-palacio-nacional","tag-sector-empresarial"],"_links":{"self":[{"href":"https:\/\/www.diarioimagen.net\/index.php?rest_route=\/wp\/v2\/posts\/417327","targetHints":{"allow":["GET"]}}],"collection":[{"href":"https:\/\/www.diarioimagen.net\/index.php?rest_route=\/wp\/v2\/posts"}],"about":[{"href":"https:\/\/www.diarioimagen.net\/index.php?rest_route=\/wp\/v2\/types\/post"}],"author":[{"embeddable":true,"href":"https:\/\/www.diarioimagen.net\/index.php?rest_route=\/wp\/v2\/users\/5"}],"replies":[{"embeddable":true,"href":"https:\/\/www.diarioimagen.net\/index.php?rest_route=%2Fwp%2Fv2%2Fcomments&post=417327"}],"version-history":[{"count":0,"href":"https:\/\/www.diarioimagen.net\/index.php?rest_route=\/wp\/v2\/posts\/417327\/revisions"}],"wp:featuredmedia":[{"embeddable":true,"href":"https:\/\/www.diarioimagen.net\/index.php?rest_route=\/wp\/v2\/media\/417328"}],"wp:attachment":[{"href":"https:\/\/www.diarioimagen.net\/index.php?rest_route=%2Fwp%2Fv2%2Fmedia&parent=417327"}],"wp:term":[{"taxonomy":"category","embeddable":true,"href":"https:\/\/www.diarioimagen.net\/index.php?rest_route=%2Fwp%2Fv2%2Fcategories&post=417327"},{"taxonomy":"post_tag","embeddable":true,"href":"https:\/\/www.diarioimagen.net\/index.php?rest_route=%2Fwp%2Fv2%2Ftags&post=417327"}],"curies":[{"name":"wp","href":"https:\/\/api.w.org\/{rel}","templated":true}]}}