{"id":417375,"date":"2019-03-01T00:07:16","date_gmt":"2019-03-01T06:07:16","guid":{"rendered":"https:\/\/www.diarioimagen.net\/?p=417375"},"modified":"2019-03-03T22:54:33","modified_gmt":"2019-03-04T04:54:33","slug":"uaem-aprueba-reglamento-de-becas-apoyos-y-estimulos","status":"publish","type":"post","link":"https:\/\/www.diarioimagen.net\/?p=417375","title":{"rendered":"UAEM aprueba Reglamento de Becas, Apoyos y Est\u00edmulos"},"content":{"rendered":"<ul>\n<li><strong><em>Implementa mecanismo justo y equitativo de distribuci\u00f3n<\/em><\/strong><\/li>\n<\/ul>\n<p>&nbsp;<\/p>\n<p><a href=\"https:\/\/www.diarioimagen.net\/?attachment_id=417470\" rel=\"attachment wp-att-417470\"><img loading=\"lazy\" decoding=\"async\" class=\"aligncenter size-large wp-image-417470\" src=\"https:\/\/www.diarioimagen.net\/wp-content\/uploads\/2019\/03\/UAEM-1-460x259.jpg\" alt=\"\" width=\"460\" height=\"259\" srcset=\"https:\/\/www.diarioimagen.net\/wp-content\/uploads\/2019\/03\/UAEM-1-460x259.jpg 460w, https:\/\/www.diarioimagen.net\/wp-content\/uploads\/2019\/03\/UAEM-1-240x135.jpg 240w, https:\/\/www.diarioimagen.net\/wp-content\/uploads\/2019\/03\/UAEM-1-235x132.jpg 235w, https:\/\/www.diarioimagen.net\/wp-content\/uploads\/2019\/03\/UAEM-1-202x114.jpg 202w, https:\/\/www.diarioimagen.net\/wp-content\/uploads\/2019\/03\/UAEM-1-350x196.jpg 350w, https:\/\/www.diarioimagen.net\/wp-content\/uploads\/2019\/03\/UAEM-1-220x123.jpg 220w, https:\/\/www.diarioimagen.net\/wp-content\/uploads\/2019\/03\/UAEM-1-237x132.jpg 237w, https:\/\/www.diarioimagen.net\/wp-content\/uploads\/2019\/03\/UAEM-1.jpg 480w\" sizes=\"auto, (max-width: 460px) 100vw, 460px\" \/><\/a><\/p>\n<p>&nbsp;<\/p>\n<p><strong>Toluca, Estado de M\u00e9xico<\/strong>.- La Universidad Aut\u00f3noma del Estado de M\u00e9xico refrenda su posici\u00f3n como una instituci\u00f3n de vanguardia y a la par de su nuevo Reglamento de Becas, Apoyos y Est\u00edmulos pondr\u00e1 en marcha un nuevo mecanismo de asignaci\u00f3n de becas, sustentado en un innovador algoritmo matem\u00e1tico.<\/p>\n<p>Luego de que el H.<\/p>\n<p>Consejo Universitario aprob\u00f3 por unanimidad dicho reglamento, que permitir\u00e1 la asignaci\u00f3n de recursos a un mayor n\u00famero de estudiantes en situaci\u00f3n vulnerable para que contin\u00faen con su formaci\u00f3n acad\u00e9mica, el rector Alfredo Barrera Baca afirm\u00f3 que el nuevo modelo de otorgamiento de becas fue inspirado en principios de justicia distributiva y equidad.<\/p>\n<p>Durante la sesi\u00f3n correspondiente al mes de febrero del m\u00e1ximo \u00f3rgano colegiado de la UAEM, Alfredo Barrera Baca indic\u00f3 que dicho algoritmo responde a condiciones como el m\u00e9rito acad\u00e9mico y variables socioecon\u00f3micas como zona de residencia, ingreso y gasto familiar, vivienda, entre otros.<\/p>\n<p>Al respecto, el abogado general de la instituci\u00f3n, Luis Ra\u00fal Ortiz Ram\u00edrez, refiri\u00f3 que a trav\u00e9s de este nuevo sistema se da cumplimiento a una de las metas trazadas por la Administraci\u00f3n 2017-2021, es decir, mantener las modalidades de becas vigentes, as\u00ed como brindar mayor transparencia y objetividad a la asignaci\u00f3n de los montos econ\u00f3micos.<\/p>\n<p>El director de la Facultad de Ciencias Pol\u00edticas y Sociales, Marco Aurelio Cienfuegos Terr\u00f3n, abund\u00f3 que el dise\u00f1o de este algoritmo, que valora 10 indicadores, muestra el esfuerzo de la presente administraci\u00f3n para distribuir de manera equitativa los recursos, ponderando la situaci\u00f3n socioecon\u00f3mica de los alumnos que solicitaron el apoyo.<\/p>\n<p>En tanto, el consejero alumno de la Facultad de Derecho de la UAEM, Jorge Antonio Ortega, expres\u00f3 que este novedoso algoritmo brindar\u00e1 mayores oportunidades para culminar sus estudios a los estudiantes que econ\u00f3micamente m\u00e1s lo requieren.<\/p>\n<p>La representante de los alumnos del plantel \u201cNezahualc\u00f3yotl\u201d de la escuela preparatoria, Yectli Ram\u00f3n Guti\u00e9rrez Ju\u00e1rez, resalt\u00f3 la importancia de que este nuevo mecanismo considere el desempe\u00f1o acad\u00e9mico y las condiciones sociales y econ\u00f3micas bajo las cuales los j\u00f3venes desarrollan sus estudios.<\/p>\n","protected":false},"excerpt":{"rendered":"<p>La Universidad Aut\u00f3noma del Estado de M\u00e9xico refrenda su posici\u00f3n como una instituci\u00f3n de vanguardia y a la par de su nuevo Reglamento de Becas, Apoyos y Est\u00edmulos pondr\u00e1 en marcha un nuevo mecanismo de asignaci\u00f3n de becas, sustentado en un innovador algoritmo matem\u00e1tico.<\/p>\n","protected":false},"author":3,"featured_media":417470,"comment_status":"open","ping_status":"open","sticky":false,"template":"","format":"standard","meta":{"_monsterinsights_skip_tracking":false,"_monsterinsights_sitenote_active":false,"_monsterinsights_sitenote_note":"","_monsterinsights_sitenote_category":0,"footnotes":""},"categories":[5],"tags":[43675,83311,452,1491],"class_list":["post-417375","post","type-post","status-publish","format-standard","has-post-thumbnail","hentry","category-estado-de-mexico","tag-estado-de-mexico","tag-reglamento-de-becas","tag-toluca","tag-uaem"],"_links":{"self":[{"href":"https:\/\/www.diarioimagen.net\/index.php?rest_route=\/wp\/v2\/posts\/417375","targetHints":{"allow":["GET"]}}],"collection":[{"href":"https:\/\/www.diarioimagen.net\/index.php?rest_route=\/wp\/v2\/posts"}],"about":[{"href":"https:\/\/www.diarioimagen.net\/index.php?rest_route=\/wp\/v2\/types\/post"}],"author":[{"embeddable":true,"href":"https:\/\/www.diarioimagen.net\/index.php?rest_route=\/wp\/v2\/users\/3"}],"replies":[{"embeddable":true,"href":"https:\/\/www.diarioimagen.net\/index.php?rest_route=%2Fwp%2Fv2%2Fcomments&post=417375"}],"version-history":[{"count":0,"href":"https:\/\/www.diarioimagen.net\/index.php?rest_route=\/wp\/v2\/posts\/417375\/revisions"}],"wp:featuredmedia":[{"embeddable":true,"href":"https:\/\/www.diarioimagen.net\/index.php?rest_route=\/wp\/v2\/media\/417470"}],"wp:attachment":[{"href":"https:\/\/www.diarioimagen.net\/index.php?rest_route=%2Fwp%2Fv2%2Fmedia&parent=417375"}],"wp:term":[{"taxonomy":"category","embeddable":true,"href":"https:\/\/www.diarioimagen.net\/index.php?rest_route=%2Fwp%2Fv2%2Fcategories&post=417375"},{"taxonomy":"post_tag","embeddable":true,"href":"https:\/\/www.diarioimagen.net\/index.php?rest_route=%2Fwp%2Fv2%2Ftags&post=417375"}],"curies":[{"name":"wp","href":"https:\/\/api.w.org\/{rel}","templated":true}]}}