{"id":417402,"date":"2019-03-01T00:01:43","date_gmt":"2019-03-01T06:01:43","guid":{"rendered":"https:\/\/www.diarioimagen.net\/?p=417402"},"modified":"2019-03-01T07:05:03","modified_gmt":"2019-03-01T13:05:03","slug":"cumple-30-anos-de-operar-el-hotel-radisson-paraiso-perisur-de-la-cadena-radisson-hotel-group-que-en-2022-habra-triplicado-sus-instalaciones","status":"publish","type":"post","link":"https:\/\/www.diarioimagen.net\/?p=417402","title":{"rendered":"Cumple 30 a\u00f1os de operar el hotel <em>Radisson Para\u00edso Perisur<\/em>, de la cadena <em>Radisson Hotel Group<\/em>, que en 2022 habr\u00e1 triplicado sus instalaciones"},"content":{"rendered":"<h2>De cinco estrellas<\/h2>\n<h5>Victoria Gonz\u00e1lez Prado<\/h5>\n<p><strong>\u00a0<\/strong><\/p>\n<ul>\n<li><strong><em>Volaris anuncia dos nuevas rutas: Ciudad de M\u00e9xico-Puerto Escondido y Ciudad Ju\u00e1rez-Ciudad de M\u00e9xico<\/em><\/strong><\/li>\n<\/ul>\n<p>&nbsp;<\/p>\n<div id=\"attachment_417482\" style=\"width: 470px\" class=\"wp-caption aligncenter\"><a href=\"https:\/\/www.diarioimagen.net\/?attachment_id=417482\" rel=\"attachment wp-att-417482\"><img loading=\"lazy\" decoding=\"async\" aria-describedby=\"caption-attachment-417482\" class=\"size-large wp-image-417482\" src=\"https:\/\/www.diarioimagen.net\/wp-content\/uploads\/2019\/03\/tuirsmo-460x259.jpg\" alt=\"\" width=\"460\" height=\"259\" srcset=\"https:\/\/www.diarioimagen.net\/wp-content\/uploads\/2019\/03\/tuirsmo-460x259.jpg 460w, https:\/\/www.diarioimagen.net\/wp-content\/uploads\/2019\/03\/tuirsmo-240x135.jpg 240w, https:\/\/www.diarioimagen.net\/wp-content\/uploads\/2019\/03\/tuirsmo-235x132.jpg 235w, https:\/\/www.diarioimagen.net\/wp-content\/uploads\/2019\/03\/tuirsmo-202x114.jpg 202w, https:\/\/www.diarioimagen.net\/wp-content\/uploads\/2019\/03\/tuirsmo-350x196.jpg 350w, https:\/\/www.diarioimagen.net\/wp-content\/uploads\/2019\/03\/tuirsmo-220x123.jpg 220w, https:\/\/www.diarioimagen.net\/wp-content\/uploads\/2019\/03\/tuirsmo-237x132.jpg 237w, https:\/\/www.diarioimagen.net\/wp-content\/uploads\/2019\/03\/tuirsmo.jpg 480w\" sizes=\"auto, (max-width: 460px) 100vw, 460px\" \/><\/a><p id=\"caption-attachment-417482\" class=\"wp-caption-text\">Directivos del hotel Radisson Para\u00edso Perisur, durante la celebraci\u00f3n del 30 aniversario.<\/p><\/div>\n<p>&nbsp;<\/p>\n<p>En noche bohemia y tirados a la nostalgia con melod\u00edas encajadas en la profundidad del recuerdo, como \u201cLos a\u00f1os pasar\u00e1n\u201d, el inolvidable tema de \u201cCasablanca\u201d, y \u201cC\u00f3mo han pasado los a\u00f1os\u201d, algunos reporteros nos dimos a la tarea de poner al d\u00eda el ayer. As\u00ed me vino a la memoria que <em>Radisson Hotel Group <\/em>ha cumplido treinta a\u00f1os de operar en M\u00e9xico con el Radisson Para\u00edso Perisur.<\/p>\n<p>\u201cEstamos muy orgullosos de reconocer tres d\u00e9cadas de servicio incre\u00edble en este hermoso hotel\u201d, dijo <strong>Ken <\/strong>Greene, presidente de <em>Radisson<\/em> <em>Hotel <\/em>Group para Las Am\u00e9ricas, durante la celebraci\u00f3n de este 30 aniversario; \u201cfue este hotel el que prepar\u00f3 el escenario para el crecimiento de Radisson e<strong>nivers<\/strong><em>ario; <\/em>\u201cfue este hotel el que prepar\u00f3 el escenario para el crecimiento de <em>Radisson <\/em>en M\u00e9xico y Am\u00e9rica Latina, ejemplificando el \u00e9xito de nuestra asociaci\u00f3n con grandes propietarios y la fortaleza de esta fant\u00e1stica marca\u201d.<\/p>\n<p><strong>Ken Greene <\/strong>reiter\u00f3 la importancia que tiene el mercado mexicano para la compa\u00f1\u00eda, y destac\u00f3 la fuerte inversi\u00f3n en tecnolog\u00eda para satisfacer las necesidades del hu\u00e9sped, bajo la premisa \u201c<em>Every moment matters<\/em>\u201d (Cada momento importa).<\/p>\n<p>Cabe destacar que Radisson Para\u00edso Perisur fue el primer hotel que ese grupo abri\u00f3 en M\u00e9xico y lo llev\u00f3 a la expansi\u00f3n de su cartera en el pa\u00eds. Con los a\u00f1os se convirti\u00f3 en uno de los destinos principales de la ciudad y ha hospedado a innumerables personalidades. <u>\u00a0<\/u><\/p>\n<p>El inmueble ofrece 240 habitaciones y suites en el sur de la metr\u00f3poli, cerca de gran variedad de atracciones, monumentos culturales, corporativos y universidades. En los \u00faltimos 30 a\u00f1os ha sido renovado para que siga brindando el mejor servicio a sus hu\u00e9spedes, incluyendo centro de negocios, gimnasio, spa y patio ejecutivo. Tiene impacto econ\u00f3mico en la urbe, pues emplea a m\u00e1s de 250 personas y comercia con doscientos proveedores locales.<\/p>\n<p>Sus hu\u00e9spedes pueden disfrutar de dos restaurantes que ofrecen platillos t\u00edpicos mexicanos e internacionales, <em>Lobby Bar<\/em> y r<em>oom service <\/em>para quienes deseen alimentarse c\u00f3modamente en su habitaci\u00f3n. Adem\u00e1s tiene salones para grupos y convenciones, con capacidad hasta para 450 personas, lo que lo hace perfecto para eventos especiales o corporativos.<\/p>\n<p>Para mayor comodidad de los hu\u00e9spedes, hay v<em>alet parking,<\/em> tienda de recuerdos y lavander\u00eda.<\/p>\n<p>\u201cEstamos encantados de cumplir 30 a\u00f1os como parte de la familia <em>Radisson<\/em>\u201d, se\u00f1al\u00f3 <strong>Ademir Velasco<\/strong>, director de operaciones del hotel. \u201cDesde el d\u00eda que se abrieron las puertas el equipo se ha dedicado a brindar hospitalidad excepcional y a crear momentos memorables para cada hu\u00e9sped. Durante esta celebraci\u00f3n, hemos disfrutado recordar la historia del hotel y estamos seguros que continuaremos con muchos \u00e9xitos en el futuro\u201d, finaliz\u00f3.<\/p>\n<p>Por otra parte, la vicepresidenta de operaciones para Latinoam\u00e9rica de Radisson Hotel Group, Frances Gonz\u00e1lez, asegur\u00f3 que la empresa de origen chino Jin Jiang, invertir\u00e1 miles de millones de d\u00f3lares para la construcci\u00f3n y operaci\u00f3n de hoteles en M\u00e9xico dentro del Grupo Hotelero Radisson, a fin de triplicar la presencia de la cadena en el pa\u00eds hacia el <em>adisson Hotel Group<\/em>, <strong>Frances Gonz\u00e1lez<\/strong>, asegur\u00f3 que la empresa de origen chino <em>Jin Jiang,<\/em> invertir\u00e1 miles de millones de d\u00f3lares para la construcci\u00f3n y operaci\u00f3n de hoteles en M\u00e9xico dentro del Grupo Hotelero <em>Radisson, <\/em>a fin de triplicar la presencia de la cadena en el pa\u00eds hacia el a\u00f1o 2022.<\/p>\n<p>Se\u00f1al\u00f3 que tienen previsto que entre 2019 y el primer cuatrimestre de 2020 se abran tres nuevos hoteles en los estados de Jalisco e Hidalgo. \u201cLa compa\u00f1\u00eda tiene un plan quinquenal que culmina en 2022, cuyo objetivo principal es triplicar los mil 400 hoteles que tiene en 112 pa\u00edses, ecuaci\u00f3n que se aplicar\u00e1 en el caso de M\u00e9xico\u201d.<\/p>\n<p>Aunque que se trata de un modelo de franquicias \u2013precis\u00f3\u2013, la empresa hotelera realizar\u00e1 la inversi\u00f3n en cuanto a tecnolog\u00eda para dar soporte a los hoteles, el sistema de operaci\u00f3n que se comunicar\u00e1 con todo el mundo y la plataforma <em>web,<\/em> mientras que los franquicitarios realizar\u00e1n las inversiones en la construcci\u00f3n y operaci\u00f3n de los mismos\u201d.<\/p>\n<p>Para finales de 2019 se prev\u00e9 la apertura de <em>Parkin by Radisson, <\/em>de Pachuca, Hidalgo, con inversi\u00f3n de 30 millones de d\u00f3lares; la reconversi\u00f3n de El Tapat\u00edo, por Grupo Sevilla, en Guadalajara, Jalisco, con miles de millones de d\u00f3lares.<\/p>\n<p>Adem\u00e1s el hotel de la m\u00e1s alta categor\u00eda del grupo se abrir\u00e1 en el primer cuatrimestre de 2020 en Chapala, Jalisco, con alrededor de 90 habitaciones. El est\u00e1ndar del costo de construcci\u00f3n de un hotel de esta magnitud asciende a unos 100 mil d\u00f3lares por habitaci\u00f3n.<\/p>\n<p>Por su parte, el director de Operaciones de <em>Radisson Para\u00edso Perisur<\/em>, <strong>Edemir Velasco<\/strong>, representante de la franquicia, advirti\u00f3 la intenci\u00f3n de continuar las inversiones en la infraestructura de este hotel, que hoy en d\u00eda tiene entre cinco mil y seis mil hu\u00e9spedes al mes y por su estrat\u00e9gica ubicaci\u00f3n, cerca del estadio Azteca y estadio Ol\u00edmpico Universitario, es ideal para hospedar equipos de futbol de la liga mexicana, selecciones nacionales y equipos deportivos de otras disciplinas como la NBA y\u00a0 F1, entre otras.<\/p>\n<p>Inform\u00f3 que durante 30 a\u00f1os han tenido remodelaciones anuales, ritmo que no se ha detenido porque de ah\u00ed se mantienen por lo menos 250 familias de manera directa y una cantidad similar de empleos indirectos; posee 240 habitaciones y suites, tres restaurantes, <em>lobby bar<\/em> y \u00e1rea de salones para cerca de 450 personas; mantiene su solidez como parte de la oferta hotelera de la capital y en 2018 cerr\u00f3 con una ocupaci\u00f3n promedio de 78 por ciento, la m\u00e1s alta de la zona.<\/p>\n<p>\u2730\u2730\u2730\u2730\u2730 Volaris contin\u00faa con la diversificaci\u00f3n de su red de conexi\u00f3n punto a punto, con la integraci\u00f3n de dos nuevas rutas: Ciudad de M\u00e9xico-Puerto Escondido y Ciudad Ju\u00e1rez\u2013Ciudad de M\u00e9xico. Ambas rutas tendr\u00e1n una frecuencia diaria y comenzar\u00e1n a operar a partir del 31 de marzo pr\u00f3ximo a una tarifa de 748 pesos mexicanos.<\/p>\n<p><strong>Miguel Agui\u00f1iga<\/strong>, director de Desarrollo de Mercados y Distribuci\u00f3n de la aerol\u00ednea asegur\u00f3: \u201cnos enorgullece poder ofrecer nuevas rutas y tarifas competitivas que hagan que sus clientes viajen m\u00e1s y que tengan las mejores opciones de vuelo para conectar con los diferentes puntos de M\u00e9xico\u201d.<\/p>\n<p>La ruta M\u00e9xico\u2013Ciudad Ju\u00e1rez (diario). Saldr\u00e1 de M\u00e9xico a las 13:51 horas y llegar\u00e1 a Ciudad Ju\u00e1rez a las 15:31 horas. Saliendo de Ciudad Ju\u00e1rez a las 16:01 horas y llegando a Ciudad de M\u00e9xico a las 19:31 horas.<\/p>\n<p>M\u00e9xico\u2013Puerto Escondido (jueves, viernes y domingo).<em>\u2028<\/em>Saliendo de M\u00e9xico a las 11:00 horas y llegando a Puerto Escondido a las 12:10 horas. Saliendo de Puerto Escondido a las 12:40 horas y llegando a M\u00e9xico a las 14:00 horas.<\/p>\n<p>Los boletos estar\u00e1n a la venta en los distintos canales de la aerol\u00ednea.\u00a0 <strong>\u00a0<\/strong><\/p>\n<p><strong>\u201cEl \u00c1ngel de la Fama tiene sus alas hechas de papel&#8230; peri\u00f3dico\u201d.<\/strong><\/p>\n<p><em><a href=\"mailto:victoriagprado@gmail.com\" target=\"_blank\" rel=\"noopener noreferrer\">victoriagprado@gmail.com<\/a><\/em><br \/>\n<em>Twitter: <a href=\"https:\/\/twitter.com\/victoriagprado\" target=\"_blank\" rel=\"noopener noreferrer\">@victoriagprado<\/a><\/em><\/p>\n","protected":false},"excerpt":{"rendered":"<p>En noche bohemia y tirados a la nostalgia con melod\u00edas encajadas en la profundidad del recuerdo, como \u201cLos a\u00f1os pasar\u00e1n\u201d, el inolvidable tema de \u201cCasablanca\u201d, y \u201cC\u00f3mo han pasado los a\u00f1os\u201d, algunos reporteros nos dimos a la tarea de poner al d\u00eda el ayer. As\u00ed me vino a la memoria que Radisson Hotel Group ha cumplido treinta a\u00f1os de operar en M\u00e9xico con el Radisson Para\u00edso Perisur.<\/p>\n","protected":false},"author":3,"featured_media":417482,"comment_status":"open","ping_status":"open","sticky":false,"template":"","format":"standard","meta":{"_monsterinsights_skip_tracking":false,"_monsterinsights_sitenote_active":false,"_monsterinsights_sitenote_note":"","_monsterinsights_sitenote_category":0,"footnotes":""},"categories":[11],"tags":[107,43674,43681,106],"class_list":["post-417402","post","type-post","status-publish","format-standard","has-post-thumbnail","hentry","category-turismo","tag-de-cinco-estrellas","tag-opinion","tag-turismo","tag-victoria-gonzalez-prado"],"_links":{"self":[{"href":"https:\/\/www.diarioimagen.net\/index.php?rest_route=\/wp\/v2\/posts\/417402","targetHints":{"allow":["GET"]}}],"collection":[{"href":"https:\/\/www.diarioimagen.net\/index.php?rest_route=\/wp\/v2\/posts"}],"about":[{"href":"https:\/\/www.diarioimagen.net\/index.php?rest_route=\/wp\/v2\/types\/post"}],"author":[{"embeddable":true,"href":"https:\/\/www.diarioimagen.net\/index.php?rest_route=\/wp\/v2\/users\/3"}],"replies":[{"embeddable":true,"href":"https:\/\/www.diarioimagen.net\/index.php?rest_route=%2Fwp%2Fv2%2Fcomments&post=417402"}],"version-history":[{"count":0,"href":"https:\/\/www.diarioimagen.net\/index.php?rest_route=\/wp\/v2\/posts\/417402\/revisions"}],"wp:featuredmedia":[{"embeddable":true,"href":"https:\/\/www.diarioimagen.net\/index.php?rest_route=\/wp\/v2\/media\/417482"}],"wp:attachment":[{"href":"https:\/\/www.diarioimagen.net\/index.php?rest_route=%2Fwp%2Fv2%2Fmedia&parent=417402"}],"wp:term":[{"taxonomy":"category","embeddable":true,"href":"https:\/\/www.diarioimagen.net\/index.php?rest_route=%2Fwp%2Fv2%2Fcategories&post=417402"},{"taxonomy":"post_tag","embeddable":true,"href":"https:\/\/www.diarioimagen.net\/index.php?rest_route=%2Fwp%2Fv2%2Ftags&post=417402"}],"curies":[{"name":"wp","href":"https:\/\/api.w.org\/{rel}","templated":true}]}}