{"id":417422,"date":"2019-03-01T00:06:55","date_gmt":"2019-03-01T06:06:55","guid":{"rendered":"https:\/\/www.diarioimagen.net\/?p=417422"},"modified":"2019-03-01T07:20:52","modified_gmt":"2019-03-01T13:20:52","slug":"el-gem-informa-a-diputados-federales-y-locales-de-avances-de-megaobra-hidraulica-en-nezahualcoyotl","status":"publish","type":"post","link":"https:\/\/www.diarioimagen.net\/?p=417422","title":{"rendered":"El GEM informa a diputados federales y locales de avances de megaobra hidr\u00e1ulica en Nezahualc\u00f3yotl"},"content":{"rendered":"<p><a href=\"https:\/\/www.diarioimagen.net\/?attachment_id=417494\" rel=\"attachment wp-att-417494\"><img loading=\"lazy\" decoding=\"async\" class=\"aligncenter size-large wp-image-417494\" src=\"https:\/\/www.diarioimagen.net\/wp-content\/uploads\/2019\/03\/NEZAHUALCOYOTL-1-460x259.jpg\" alt=\"\" width=\"460\" height=\"259\" srcset=\"https:\/\/www.diarioimagen.net\/wp-content\/uploads\/2019\/03\/NEZAHUALCOYOTL-1-460x259.jpg 460w, https:\/\/www.diarioimagen.net\/wp-content\/uploads\/2019\/03\/NEZAHUALCOYOTL-1-240x135.jpg 240w, https:\/\/www.diarioimagen.net\/wp-content\/uploads\/2019\/03\/NEZAHUALCOYOTL-1-235x132.jpg 235w, https:\/\/www.diarioimagen.net\/wp-content\/uploads\/2019\/03\/NEZAHUALCOYOTL-1-202x114.jpg 202w, https:\/\/www.diarioimagen.net\/wp-content\/uploads\/2019\/03\/NEZAHUALCOYOTL-1-350x196.jpg 350w, https:\/\/www.diarioimagen.net\/wp-content\/uploads\/2019\/03\/NEZAHUALCOYOTL-1-220x123.jpg 220w, https:\/\/www.diarioimagen.net\/wp-content\/uploads\/2019\/03\/NEZAHUALCOYOTL-1-237x132.jpg 237w, https:\/\/www.diarioimagen.net\/wp-content\/uploads\/2019\/03\/NEZAHUALCOYOTL-1.jpg 480w\" sizes=\"auto, (max-width: 460px) 100vw, 460px\" \/><\/a><\/p>\n<p>&nbsp;<\/p>\n<p><strong>Nezahualc\u00f3yotl, Estado de M\u00e9xico<\/strong><strong>.-<\/strong> Gerardo Monroy Serrano, director general de SEIEM y presidente del Gabinete Regional X, sostuvo reuni\u00f3n con diputados federales y locales de Nezahualc\u00f3yotl, a fin de dar a conocer los avances en la sustituci\u00f3n de m\u00e1s de 250 kil\u00f3metros de la red de agua potable, obra que corregir\u00e1 la escasez y la calidad del vital l\u00edquido entre otras cosas, instruida por el gobernador Alfredo Del Mazo Maza, para abatir el rezago hist\u00f3rico que padecen las familias de este municipio.<\/p>\n<p>Acompa\u00f1ado del Vocal Ejecutivo de la Comisi\u00f3n del Agua del Estado de M\u00e9xico, Alfredo P\u00e9rez Guzm\u00e1n, inform\u00f3 que la obra, dada su relevancia, requiere de la coordinaci\u00f3n entre los diferentes \u00e1mbitos de gobierno, ya que se trata de la distribuci\u00f3n de agua potable para atender la demanda de una poblaci\u00f3n que ronda el mill\u00f3n 200 mil habitantes.<\/p>\n<p>&nbsp;<\/p>\n","protected":false},"excerpt":{"rendered":"<p>Gerardo Monroy Serrano, director general de SEIEM y presidente del Gabinete Regional X, sostuvo reuni\u00f3n con diputados federales y locales de Nezahualc\u00f3yotl, a fin de dar a conocer los avances en la sustituci\u00f3n de m\u00e1s de 250 kil\u00f3metros de la red de agua potable, obra que corregir\u00e1 la escasez y la calidad del vital l\u00edquido entre otras cosas, instruida por el gobernador Alfredo Del Mazo Maza, para abatir el rezago hist\u00f3rico que padecen las familias de este municipio.<\/p>\n","protected":false},"author":3,"featured_media":417494,"comment_status":"open","ping_status":"open","sticky":false,"template":"","format":"standard","meta":{"_monsterinsights_skip_tracking":false,"_monsterinsights_sitenote_active":false,"_monsterinsights_sitenote_note":"","_monsterinsights_sitenote_category":0,"footnotes":""},"categories":[35155],"tags":[82574,8283,43675,1577],"class_list":["post-417422","post","type-post","status-publish","format-standard","has-post-thumbnail","hentry","category-estado-de-mexico-estado-de-mexico","tag-alfredo-perez-guzman","tag-comision-del-agua-del-estado-de-mexico","tag-estado-de-mexico","tag-nezahualcoyotl"],"_links":{"self":[{"href":"https:\/\/www.diarioimagen.net\/index.php?rest_route=\/wp\/v2\/posts\/417422","targetHints":{"allow":["GET"]}}],"collection":[{"href":"https:\/\/www.diarioimagen.net\/index.php?rest_route=\/wp\/v2\/posts"}],"about":[{"href":"https:\/\/www.diarioimagen.net\/index.php?rest_route=\/wp\/v2\/types\/post"}],"author":[{"embeddable":true,"href":"https:\/\/www.diarioimagen.net\/index.php?rest_route=\/wp\/v2\/users\/3"}],"replies":[{"embeddable":true,"href":"https:\/\/www.diarioimagen.net\/index.php?rest_route=%2Fwp%2Fv2%2Fcomments&post=417422"}],"version-history":[{"count":0,"href":"https:\/\/www.diarioimagen.net\/index.php?rest_route=\/wp\/v2\/posts\/417422\/revisions"}],"wp:featuredmedia":[{"embeddable":true,"href":"https:\/\/www.diarioimagen.net\/index.php?rest_route=\/wp\/v2\/media\/417494"}],"wp:attachment":[{"href":"https:\/\/www.diarioimagen.net\/index.php?rest_route=%2Fwp%2Fv2%2Fmedia&parent=417422"}],"wp:term":[{"taxonomy":"category","embeddable":true,"href":"https:\/\/www.diarioimagen.net\/index.php?rest_route=%2Fwp%2Fv2%2Fcategories&post=417422"},{"taxonomy":"post_tag","embeddable":true,"href":"https:\/\/www.diarioimagen.net\/index.php?rest_route=%2Fwp%2Fv2%2Ftags&post=417422"}],"curies":[{"name":"wp","href":"https:\/\/api.w.org\/{rel}","templated":true}]}}