{"id":417424,"date":"2019-03-01T00:05:17","date_gmt":"2019-03-01T06:05:17","guid":{"rendered":"https:\/\/www.diarioimagen.net\/?p=417424"},"modified":"2019-03-01T07:35:54","modified_gmt":"2019-03-01T13:35:54","slug":"garantizara-nueva-ley-del-issemym-derechos-de-trabajadores-maurilio","status":"publish","type":"post","link":"https:\/\/www.diarioimagen.net\/?p=417424","title":{"rendered":"Garantizar\u00e1 nueva ley del ISSEMyM derechos de trabajadores: Maurilio"},"content":{"rendered":"<ul>\n<li><strong><em>De activos y jubilados<\/em><\/strong><\/li>\n<\/ul>\n<p>&nbsp;<\/p>\n<div id=\"attachment_417503\" style=\"width: 470px\" class=\"wp-caption aligncenter\"><a href=\"https:\/\/www.diarioimagen.net\/?attachment_id=417503\" rel=\"attachment wp-att-417503\"><img loading=\"lazy\" decoding=\"async\" aria-describedby=\"caption-attachment-417503\" class=\"size-large wp-image-417503\" src=\"https:\/\/www.diarioimagen.net\/wp-content\/uploads\/2019\/03\/LEGISLATURA-1-460x259.jpg\" alt=\"\" width=\"460\" height=\"259\" srcset=\"https:\/\/www.diarioimagen.net\/wp-content\/uploads\/2019\/03\/LEGISLATURA-1-460x259.jpg 460w, https:\/\/www.diarioimagen.net\/wp-content\/uploads\/2019\/03\/LEGISLATURA-1-240x135.jpg 240w, https:\/\/www.diarioimagen.net\/wp-content\/uploads\/2019\/03\/LEGISLATURA-1-235x132.jpg 235w, https:\/\/www.diarioimagen.net\/wp-content\/uploads\/2019\/03\/LEGISLATURA-1-202x114.jpg 202w, https:\/\/www.diarioimagen.net\/wp-content\/uploads\/2019\/03\/LEGISLATURA-1-350x196.jpg 350w, https:\/\/www.diarioimagen.net\/wp-content\/uploads\/2019\/03\/LEGISLATURA-1-220x123.jpg 220w, https:\/\/www.diarioimagen.net\/wp-content\/uploads\/2019\/03\/LEGISLATURA-1-237x132.jpg 237w, https:\/\/www.diarioimagen.net\/wp-content\/uploads\/2019\/03\/LEGISLATURA-1.jpg 480w\" sizes=\"auto, (max-width: 460px) 100vw, 460px\" \/><\/a><p id=\"caption-attachment-417503\" class=\"wp-caption-text\">El diputado Maurilio Hern\u00e1ndez Gonz\u00e1lez, presidente de la Jucopo, asegur\u00f3 que la nueva ley del ISSEMyM dejar\u00e1 a salvo los derechos de los servidores p\u00fablicos.<\/p><\/div>\n<p>&nbsp;<\/p>\n<p><strong>Toluca, Estado de M\u00e9xico<\/strong>.- La nueva ley del Instituto de Seguridad Social del Estado de M\u00e9xico y Municipios (ISSEMyM) dejar\u00e1 a salvo los derechos de los servidores p\u00fablicos en activo y pensionados, afirm\u00f3 el diputado Maurilio Hern\u00e1ndez Gonz\u00e1lez, presidente de la Junta de Coordinaci\u00f3n Pol\u00edtica (Jucopo) de la 60 Legislatura estatal.<\/p>\n<p>Al reunirse con integrantes de la agrupaci\u00f3n de Ciudadanos Activos y Pensionados del Estado de M\u00e9xico, quienes le otorgaron un reconocimiento por la abrogaci\u00f3n de la Ley de Seguridad Social para los Servidores P\u00fablicos del Estado de M\u00e9xico y Municipios (conocida como Ley ISSEMyM), aprobada por la anterior Legislatura, Maurilio Hern\u00e1ndez destac\u00f3 que en el proceso de elaboraci\u00f3n del nuevo ordenamiento se tomar\u00e1 en cuenta la opini\u00f3n de los trabajadores y pensionados, legisladores, las autoridades del Instituto y dem\u00e1s autoridades involucradas.<\/p>\n<p>El legislador subray\u00f3 la necesidad de rescatar al Issemym financiera y administrativamente y de hacerlo m\u00e1s eficiente en cuanto a su operaci\u00f3n, por lo que asegur\u00f3 que con el dise\u00f1o de la nueva ley se buscar\u00e1 modernizarlo y fortalecerlo pero, sobre todo, dejar a salvo los derechos de los empleados gubernamentales.<\/p>\n<p>Explic\u00f3 que el proceso para la creaci\u00f3n de la nueva ley tuvo su primera etapa en el momento en el que los legisladores se manifestaron en contra de la Ley ISSEMyM y los legisladores decretaron su abrogaci\u00f3n, y que la segunda etapa ser\u00e1 trabajar para resolver las necesidades del propio instituto y de los cerca de 400 mil derechohabientes.<\/p>\n<p>El presidente de la Jucopo agradeci\u00f3 la presencia en este acto de los diputados Carlos Loman Delgado y Jos\u00e9 Alberto Couttolenc Buentello, coordinadores de los grupos parlamentarios del PES y el PVEM, respectivamente, as\u00ed como de la congresista del PT, Imelda L\u00f3pez Montiel, como representantes de los 54 legisladores (de 75) que con su voto otorgaron la mayor\u00eda calificada necesaria para abrogar la citada ley.<\/p>\n<p>Por este motivo, los tres diputados recibieron tambi\u00e9n el reconocimiento de la agrupaci\u00f3n de Ciudadanos Activos y Pensionados del Estado de M\u00e9xico y refrendaron su compromiso de velar por los intereses y los derechos de los trabajadores.<\/p>\n<p>El tambi\u00e9n coordinador del Grupo Parlamentario de morena inform\u00f3, adem\u00e1s, que la Jucopo se reuni\u00f3 con el secretario de Finanzas del gobierno del estado, Rodrigo Jarque Lira, y la nueva directora del Issemym, Bertha Alicia Casado Medina, a quienes plantearon la realizaci\u00f3n de mesas de trabajo para el dise\u00f1o de un proyecto que considere las propuestas recabadas en foros y reuniones, a fin de conformar una iniciativa de ley integral, s\u00f3lida y moderna.<\/p>\n<p>Finalmente, agradeci\u00f3 la presencia de derechohabientes activos y pensionados del Estado de M\u00e9xico, como una forma de refrendar la confianza de la ciudadan\u00eda en los legisladores, y reiter\u00f3 su compromiso de que las decisiones que tomar\u00e1n los legisladores buscar\u00e1n poner por delante el inter\u00e9s leg\u00edtimo de la ciudadan\u00eda.<\/p>\n","protected":false},"excerpt":{"rendered":"<p>La nueva ley del Instituto de Seguridad Social del Estado de M\u00e9xico y Municipios (ISSEMyM) dejar\u00e1 a salvo los derechos de los servidores p\u00fablicos en activo y pensionados, afirm\u00f3 el diputado Maurilio Hern\u00e1ndez Gonz\u00e1lez, presidente de la Junta de Coordinaci\u00f3n Pol\u00edtica (Jucopo) de la 60 Legislatura estatal.<\/p>\n","protected":false},"author":3,"featured_media":417503,"comment_status":"open","ping_status":"open","sticky":false,"template":"","format":"standard","meta":{"_monsterinsights_skip_tracking":false,"_monsterinsights_sitenote_active":false,"_monsterinsights_sitenote_note":"","_monsterinsights_sitenote_category":0,"footnotes":""},"categories":[35155],"tags":[43675,699,24617,452],"class_list":["post-417424","post","type-post","status-publish","format-standard","has-post-thumbnail","hentry","category-estado-de-mexico-estado-de-mexico","tag-estado-de-mexico","tag-issemym","tag-jucopo","tag-toluca"],"_links":{"self":[{"href":"https:\/\/www.diarioimagen.net\/index.php?rest_route=\/wp\/v2\/posts\/417424","targetHints":{"allow":["GET"]}}],"collection":[{"href":"https:\/\/www.diarioimagen.net\/index.php?rest_route=\/wp\/v2\/posts"}],"about":[{"href":"https:\/\/www.diarioimagen.net\/index.php?rest_route=\/wp\/v2\/types\/post"}],"author":[{"embeddable":true,"href":"https:\/\/www.diarioimagen.net\/index.php?rest_route=\/wp\/v2\/users\/3"}],"replies":[{"embeddable":true,"href":"https:\/\/www.diarioimagen.net\/index.php?rest_route=%2Fwp%2Fv2%2Fcomments&post=417424"}],"version-history":[{"count":0,"href":"https:\/\/www.diarioimagen.net\/index.php?rest_route=\/wp\/v2\/posts\/417424\/revisions"}],"wp:featuredmedia":[{"embeddable":true,"href":"https:\/\/www.diarioimagen.net\/index.php?rest_route=\/wp\/v2\/media\/417503"}],"wp:attachment":[{"href":"https:\/\/www.diarioimagen.net\/index.php?rest_route=%2Fwp%2Fv2%2Fmedia&parent=417424"}],"wp:term":[{"taxonomy":"category","embeddable":true,"href":"https:\/\/www.diarioimagen.net\/index.php?rest_route=%2Fwp%2Fv2%2Fcategories&post=417424"},{"taxonomy":"post_tag","embeddable":true,"href":"https:\/\/www.diarioimagen.net\/index.php?rest_route=%2Fwp%2Fv2%2Ftags&post=417424"}],"curies":[{"name":"wp","href":"https:\/\/api.w.org\/{rel}","templated":true}]}}