{"id":417442,"date":"2019-03-01T00:01:19","date_gmt":"2019-03-01T06:01:19","guid":{"rendered":"https:\/\/www.diarioimagen.net\/?p=417442"},"modified":"2019-03-01T00:59:13","modified_gmt":"2019-03-01T06:59:13","slug":"una-vez-aprobada-guardia-nacional-debe-ofrecer-resultados","status":"publish","type":"post","link":"https:\/\/www.diarioimagen.net\/?p=417442","title":{"rendered":"Una vez aprobada, Guardia Nacional debe ofrecer resultados"},"content":{"rendered":"<h2>La Retaguardia<\/h2>\n<h5>Adriana Moreno Cordero<\/h5>\n<p><em>\u00a0<\/em><\/p>\n<ul>\n<li><strong><em>\u00bfD\u00f3nde est\u00e1n ahorros de la Cuarta Transformaci\u00f3n?<\/em><\/strong><\/li>\n<\/ul>\n<p>&nbsp;<\/p>\n<p>&nbsp;<\/p>\n<p>Como era de esperarse, ayer, en el Palacio Legislativo de San L\u00e1zaro, sin mayor problema, finalmente por 463 votos a favor y uno en contra, se aprob\u00f3 la creaci\u00f3n de la Guardia Nacional, que ahora urge que entre en operaci\u00f3n, para a la brevedad, ofrecer resultados en materia de combate a la inseguridad.<\/p>\n<p>Todo aconteci\u00f3 igual que la semana pasada en el Senado de la Rep\u00fablica, es decir, no hubo enfrentamientos ni polarizaciones ni reservas, por lo cual, en una sola votaci\u00f3n se aprob\u00f3 en lo general y en lo particular lo que lleg\u00f3 a ser en un momento dado, el dictamen m\u00e1s controvertido, que amenaz\u00f3 con dividir al Congreso de la Uni\u00f3n.<\/p>\n<p>Habr\u00eda que se\u00f1alar que cuando el Senado de la Rep\u00fablica devolvi\u00f3 la referida minuta a la C\u00e1mara de Diputados, de inmediato se dej\u00f3 sentir un \u201csospechosismo\u201d no solo en los corrillos parlamentarios, como producto de las declaraciones, ni m\u00e1s ni menos que del coordinador de la bancada de Morena en esa instancia legislativa, <strong>Mario Mart\u00edn Delgado<\/strong>, al se\u00f1alar que no le gustaban las modificaciones hechas en la C\u00e1mara Alta, porque \u00e9l iba m\u00e1s por la Guardia Nacional militarizada.<\/p>\n<p>Entonces, el \u201csospechosismo\u201d, -como dir\u00eda un cl\u00e1sico-, resid\u00eda en torno a que el coordinador morenista operar\u00eda para cambiar el dictamen que una vez aprobado, contempla que la Guardia Nacional contar\u00e1 con un periodo de cinco a\u00f1os para su conformaci\u00f3n, ojo, ser\u00e1 de car\u00e1cter netamente civil y sus integrantes tendr\u00e1n una formaci\u00f3n basada en la doctrina policial.<\/p>\n<p>El que Mario Delgado se allegara de diputados que por esos d\u00edas dejaron las filas del PRD, encabezados por el ex coordinador del sol azteca en la C\u00e1mara de Diputados, <strong>Ricardo Gallardo,<\/strong> para formar una bancada independiente que votar\u00eda junto con Morena, hizo suponer que el diputado Delgado contaba ya con la mayor\u00eda calificada para poder modificar y aprobar el dictamen de la Guardia Nacional como mejor le pareciera, siempre, agradando al presidente <strong>Andr\u00e9s Manuel L\u00f3pez Obrador<\/strong>, que la v\u00edspera de que se aprobara el asunto, se dio a la tarea de elogiar a m\u00e1s no poder, a las Fuerzas Armadas.<\/p>\n<p>Sin embargo, a lo m\u00e1s que lleg\u00f3 es que mientras la \u201ctan llevada y tra\u00edda\u201d Guardia Nacional forma su estructura y capacidades, el Jefe del Ejecutivo tendr\u00e1 la posibilidad de disponer de las Fuerzas Armadas en tareas de seguridad p\u00fablica, pero siempre en el entendido de que su labor ser\u00e1 de car\u00e1cter extraordinario, regulado, fiscalizado con lupa, preparando su retorno a los cuarteles.<\/p>\n<p>No obstante, el coordinador morenista fue el primero en \u201cechar las campanas al vuelo\u201d, al se\u00f1alar por sus redes que la Guardia Nacional \u201ces una acci\u00f3n de gobierno que se implementa con honestidad, sin simulaciones, de frente a una naci\u00f3n herida, por m\u00e1s de una d\u00e9cada por la inseguridad\u201d.<\/p>\n<p>Es m\u00e1s, agreg\u00f3 que ayer fue un d\u00eda hist\u00f3rico para el pueblo de M\u00e9xico porque se hab\u00eda aprobado el dictamen \u201cque se encargar\u00e1 de salvaguardar la vida, las libertades, al integridad, el patrimonio de las personas, pero sobre todo, dar\u00e1 respuesta a la crisis de inseguridad devolviendo la paz al pa\u00eds\u201d.<\/p>\n<p>Pareciera que el optimismo de Delgado es un poco desbordante pues de acuerdo a diversos analistas, representa un primer paso en el combate al flagelo de la inseguridad.<\/p>\n<p>Ahora la Guardia Nacional recorrer\u00e1 los estados para ser aprobada en los Congresos locales y el secretario de Seguridad Ciudadana, <strong>Alfonso Durazo<\/strong>, estim\u00f3 que para\u00a0 para fin de a\u00f1o, se podr\u00e1 desplegar a alrededor de 80 mil elementos en el pa\u00eds, lo que consider\u00f3 una capacidad hist\u00f3rica para mejorar las condiciones de seguridad en M\u00e9xico<\/p>\n<p>Esta aprobaci\u00f3n, sin duda le viene \u201ccomo anillo al dedo\u201d al presidente L\u00f3pez Obrador, sobre todo de cara a que el pr\u00f3ximo 11 de marzo, rinda el informe de sus primeros cien d\u00edas de gobierno que para muchos, m\u00e1s bien parecen cien a\u00f1os.<\/p>\n<p style=\"text-align: center;\"><strong>Municiones<\/strong><\/p>\n<p>*** Pues nada, que el siempre flamante secretario de Comunicaciones y Transportes, <strong>Javier Jim\u00e9nez Spri\u00fa<\/strong> y parte de su equipo de trabajo, hicieron el rid\u00edculo en la conferencia ma\u00f1anera del presidente L\u00f3pez Obrador.<\/p>\n<p>El enojo llev\u00f3 al titular de la SCT a \u201chacerse bolas\u201d y tuvo que salir \u201cal quite\u201d el subsecretario <strong>Carlos Mor\u00e1n Moguel<\/strong>, para declarar que se concluye que no se registr\u00f3 ning\u00fan evento agresivo en contra de la aeronave, \u201cno son m\u00e1s que especulaciones\u201d, dijo el subsecretario pero ni as\u00ed pudo acallar la preocupaci\u00f3n de Jim\u00e9nez Spri\u00fa que muy a su pesar, tendr\u00e1 que ir a comparecer sobre el tema por pedimento de senadores pri\u00edstas y perredistas.<\/p>\n<p>*** Y de acuerdo a lo dicho por la senadora <strong>Nadia Navarro<\/strong>, presidenta de la Comisi\u00f3n que da seguimiento a este tr\u00e1gico accidente, tambi\u00e9n deber\u00e1n comparecer el subsecretario de Transportes, Carlos Alfonso Mor\u00e1n Moguel, y el director general de Aeron\u00e1utica Civil, <strong>Miguel Pel\u00e1ez Lira<\/strong>, porque dentro de la SCT recae la investigaci\u00f3n de los accidentes e incidentes sufridos por las aeronaves civiles.<\/p>\n<p>Navarro indic\u00f3 que, en su momento, \u201chemos reconocido la intenci\u00f3n de llevar a cabo un procedimiento transparente en la investigaci\u00f3n de estos lamentables sucesos; sin embargo, no podemos tolerar no s\u00f3lo la desinformaci\u00f3n, sino la contrariedad con la que un d\u00eda se conduce un servidor p\u00fablico y al otro d\u00eda reconoce un error de su parte\u201d.<\/p>\n<p>En ese sentido, la panista consider\u00f3 que es obligaci\u00f3n del Senado de la Rep\u00fablica, en atenci\u00f3n al principio constitucional de divisi\u00f3n de poderes, constituirse en \u00f3rgano de control a las acciones del Ejecutivo federal.<\/p>\n<p>*** Por si lo anterior fuera poco, otro asunto se le est\u00e1 saliendo de las manos al secretario de Comunicaciones y Transportes pues ayer se conoci\u00f3 que el gobierno tuvo que desembolsar la nada despreciable cantidad de\u00a034 mil 27 millones de pesos para liquidar el Fideicomiso de Inversi\u00f3n y Bienes Ra\u00edces (Fibra) del Nuevo Aeropuerto Internacional de M\u00e9xico (NAIM).<\/p>\n<p>Los empresarios hab\u00edan invertido 30 mil millones de pesos y les regresaron hasta los intereses. As\u00ed que, \u00bfd\u00f3nde est\u00e1n los ahorros tan \u201ccacareados\u201d de la llamada cuarta transformaci\u00f3n? De eso, tambi\u00e9n tendr\u00e1 que dar cuanta Jim\u00e9nez Spri\u00fa si es que se presenta ante senadores.<\/p>\n<p>*** <strong>Irineo M\u00fajica<\/strong>, de \u201cPueblos Sin Fronteras\u201d, respondi\u00f3 a los dichos de la secretaria de Gobernaci\u00f3n, <strong>Olga S\u00e1nchez Cordero<\/strong>, quien desde Estados Unidos, acus\u00f3 a esta organizaci\u00f3n de promover las caravanas migrantes procedentes de Centroam\u00e9rica, con fines poco claros, a quienes criminaliza la titular de la Segob. Decepcionado, M\u00fajica dijo que la actual administraci\u00f3n le est\u00e1 haciendo el trabajo sucio a <strong>Donald Trump<\/strong> y que ellos hab\u00edan votado por L\u00f3pez Obrador porque les prometieron que todo iba a cambiar y que transformar\u00edan al Instituto Nacional de Migraci\u00f3n y\u00a0 \u00a1vaya chasco que se llevaron!, \u201cla inexperiencia no sirve\u201d, concluy\u00f3 M\u00fajica. \u00a1Qu\u00e9 tal!<\/p>\n<p><a href=\"mailto:morcora@gmail.com\" target=\"_blank\" rel=\"noopener noreferrer\"><em>morcora@gmail.com<\/em><\/a><\/p>\n","protected":false},"excerpt":{"rendered":"<p><span style=\"color: #005497;\"><strong>Adriana Moreno Cordero<\/strong><\/span><\/p>\n","protected":false},"author":3,"featured_media":0,"comment_status":"open","ping_status":"open","sticky":false,"template":"","format":"standard","meta":{"_monsterinsights_skip_tracking":false,"_monsterinsights_sitenote_active":false,"_monsterinsights_sitenote_note":"","_monsterinsights_sitenote_category":0,"footnotes":""},"categories":[69370],"tags":[69369,69368,43674],"class_list":["post-417442","post","type-post","status-publish","format-standard","hentry","category-adriana-moreno-cordero","tag-adriana-moreno-cordero","tag-la-retaguardia","tag-opinion"],"_links":{"self":[{"href":"https:\/\/www.diarioimagen.net\/index.php?rest_route=\/wp\/v2\/posts\/417442","targetHints":{"allow":["GET"]}}],"collection":[{"href":"https:\/\/www.diarioimagen.net\/index.php?rest_route=\/wp\/v2\/posts"}],"about":[{"href":"https:\/\/www.diarioimagen.net\/index.php?rest_route=\/wp\/v2\/types\/post"}],"author":[{"embeddable":true,"href":"https:\/\/www.diarioimagen.net\/index.php?rest_route=\/wp\/v2\/users\/3"}],"replies":[{"embeddable":true,"href":"https:\/\/www.diarioimagen.net\/index.php?rest_route=%2Fwp%2Fv2%2Fcomments&post=417442"}],"version-history":[{"count":0,"href":"https:\/\/www.diarioimagen.net\/index.php?rest_route=\/wp\/v2\/posts\/417442\/revisions"}],"wp:attachment":[{"href":"https:\/\/www.diarioimagen.net\/index.php?rest_route=%2Fwp%2Fv2%2Fmedia&parent=417442"}],"wp:term":[{"taxonomy":"category","embeddable":true,"href":"https:\/\/www.diarioimagen.net\/index.php?rest_route=%2Fwp%2Fv2%2Fcategories&post=417442"},{"taxonomy":"post_tag","embeddable":true,"href":"https:\/\/www.diarioimagen.net\/index.php?rest_route=%2Fwp%2Fv2%2Ftags&post=417442"}],"curies":[{"name":"wp","href":"https:\/\/api.w.org\/{rel}","templated":true}]}}