{"id":417535,"date":"2019-03-02T00:06:41","date_gmt":"2019-03-02T06:06:41","guid":{"rendered":"https:\/\/www.diarioimagen.net\/?p=417535"},"modified":"2019-03-02T05:18:05","modified_gmt":"2019-03-02T11:18:05","slug":"cancun-y-ciudad-de-mexico-con-nuevo-vuelo-directo-desde-estambul","status":"publish","type":"post","link":"https:\/\/www.diarioimagen.net\/?p=417535","title":{"rendered":"Canc\u00fan y Ciudad de M\u00e9xico con nuevo vuelo directo desde Estambul"},"content":{"rendered":"<h2>\u201cHora 14\u201d<\/h2>\n<h5>Mauricio Conde Olivares<\/h5>\n<p>&nbsp;<\/p>\n<div id=\"attachment_417582\" style=\"width: 470px\" class=\"wp-caption aligncenter\"><a href=\"https:\/\/www.diarioimagen.net\/?attachment_id=417582\" rel=\"attachment wp-att-417582\"><img loading=\"lazy\" decoding=\"async\" aria-describedby=\"caption-attachment-417582\" class=\"size-large wp-image-417582\" src=\"https:\/\/www.diarioimagen.net\/wp-content\/uploads\/2019\/03\/turkisn-airlines-460x345.jpg\" alt=\"\" width=\"460\" height=\"345\" srcset=\"https:\/\/www.diarioimagen.net\/wp-content\/uploads\/2019\/03\/turkisn-airlines-460x345.jpg 460w, https:\/\/www.diarioimagen.net\/wp-content\/uploads\/2019\/03\/turkisn-airlines-240x180.jpg 240w, https:\/\/www.diarioimagen.net\/wp-content\/uploads\/2019\/03\/turkisn-airlines-768x576.jpg 768w, https:\/\/www.diarioimagen.net\/wp-content\/uploads\/2019\/03\/turkisn-airlines.jpg 1500w\" sizes=\"auto, (max-width: 460px) 100vw, 460px\" \/><\/a><p id=\"caption-attachment-417582\" class=\"wp-caption-text\">Turkish Airlines tendr\u00e1 un nuevo vuelo directo desde Estambul a Ciudad de M\u00e9xico y Canc\u00fan.<\/p><\/div>\n<p>&nbsp;<\/p>\n<p>Tras anunciar que para agosto pr\u00f3ximo M\u00e9xico contar\u00e1 con un vuelo directo de Estambul, Turqu\u00eda, de la aerol\u00ednea\u00a0<em>Turkish Airlines<\/em>\u00a0a la Ciudad de M\u00e9xico y Canc\u00fan, Quintana Roo, el secretario de Turismo del gobierno de M\u00e9xico, Miguel Torruco Marqu\u00e9s, asever\u00f3 que la Sectur lleva a cabo acciones para incrementar la cobertura a\u00e9rea regional e internacional, pues es fundamental para fortalecer la actividad tur\u00edstica del pa\u00eds.<\/p>\n<p>Al participar en la \u201cAviation Summit M\u00e9xico 2019\u201d, organizada por la\u00a0 Asociaci\u00f3n Internacional de Transporte A\u00e9reo (IATA), Miguel Torruco subray\u00f3 que para el gobierno del presidente de la Rep\u00fablica, Andr\u00e9s Manuel L\u00f3pez Obrador, el turismo en nuestro pa\u00eds, el pensamiento y la filosof\u00eda, van acorde con la Organizaci\u00f3n Mundial de Turismo (OMT).<\/p>\n<p>\u201cVivimos tiempos en que el turismo est\u00e1 \u00edntimamente vinculado a los cambios pol\u00edticos, econ\u00f3micos y sociales que se dan en el \u00e1mbito internacional, y debemos partir de la premisa de que el mundo es totalmente interdependiente, que las fronteras que conocemos tendr\u00e1n en un futuro un contenido m\u00e1s cultural y de idiosincrasia, que geogr\u00e1fico y econ\u00f3mico\u201d, a\u00f1adi\u00f3 Torruco Marqu\u00e9s.<\/p>\n<p>Sostuvo que en las pr\u00f3ximas tres d\u00e9cadas la humanidad dispondr\u00e1 de m\u00e1s tiempo libre, de m\u00e1s ingreso, de mejores medios de comunicaci\u00f3n y transporte, y, sobre todo, ser\u00e1n aquellas naciones que mejor conserven su medio ambiente y su identidad hist\u00f3rica, cultural y gastron\u00f3mica, los pa\u00edses que habr\u00e1n de participar de manera plena en la extraordinaria derrama econ\u00f3mica del turismo.<\/p>\n<p>Ante directivos de la Asociaci\u00f3n Internacional de Transporte A\u00e9reo (IATA) y de aerol\u00edneas nacionales e internacionales, Miguel Torruco subray\u00f3 que el turismo en M\u00e9xico creci\u00f3 m\u00e1s que la econom\u00eda, 2.9 contra 2.0 por ciento; hoy representa el 8.8 del PIB nacional; genera 4 millones de empleos directos y cerca de 6 millones indirectos; y ubic\u00f3 a M\u00e9xico en el sexto lugar a nivel mundial en captaci\u00f3n de turistas internacionales, con 41 millones 447 mil visitantes, en 2017.<\/p>\n<p>No obstante, en ingreso de divisas nuestro pa\u00eds se ubica en el lugar n\u00famero 15 del ranking mundial al registrar un total de 22 mil 510 millones de d\u00f3lares en 2017; en cuanto a gasto medio de turistas internacionales M\u00e9xico se sit\u00faa en el lugar 40 a nivel mundial, por lo que es fundamental incrementar la derrama y el gasto <em>per c\u00e1pita<\/em>.<\/p>\n<p>Insisti\u00f3 en que muy probablemente Turqu\u00eda, con 46 millones de turistas que registrar\u00e1 este a\u00f1o, es un hecho que subir\u00e1 al sexto lugar en el <em>ranking<\/em> mundial en captaci\u00f3n de turistas internacionales, desplazando a M\u00e9xico del sexto al s\u00e9ptimo lugar, como \u00e9l lo hab\u00eda anticipado desde hace meses.<\/p>\n<p>Extern\u00f3 que se ha puesto en marcha un programa de diversificaci\u00f3n de mercados, ya que Estados Unidos y Canad\u00e1 representan el 72.5 por ciento de los turistas extranjeros que arriban a M\u00e9xico. Se exploran ya nuevos mercados, cuyos viajeros generan un elevado gasto per c\u00e1pita, como el turista chino que gasta en promedio 3 mil 800 euros por persona; o el ruso, que eroga 2 mil 500 euros.<\/p>\n<p>Coment\u00f3 que la promoci\u00f3n tur\u00edstica del pa\u00eds a nivel internacional se llevar\u00e1 a cabo a trav\u00e9s de los programas \u201cOperaci\u00f3n toca puertas\u201d y \u201cReencuentro con mis ra\u00edces\u201d, aprovechando la capacidad institucional de M\u00e9xico en el extranjero con las embajadas y consulados y la participaci\u00f3n en las principales ferias internacionales. Y a nivel nacional se har\u00e1 mediante el programa \u201cDisfruta M\u00e9xico\u201d.<\/p>\n<p>Al respecto, agreg\u00f3: \u201cestamos hablando con el sector privado, hoy tuvimos una reuni\u00f3n en Presidencia de la Rep\u00fablica para que ya nos den la propuesta del ente privado, que es fundamental para que se evite el despilfarro. No podemos darnos el lujo, en un pa\u00eds con m\u00e1s de 50 millones de pobres, de hacer cheques de 47 millones de d\u00f3lares para un espect\u00e1culo teatral que dice que van a promover el pa\u00eds, me refiero a <em>Luzi<\/em>a, del\u00a0Cirque Du Soleil, y no habla de M\u00e9xico, ese tipo de lujos o caprichos ya no se dar\u00e1n en esta administraci\u00f3n\u201d.<\/p>\n<p>A\u00f1adi\u00f3 que en la reuni\u00f3n celebrada ayer en la oficina de jefe de la Oficina de la Presidencia, Alfonso Romo, en la que participaron el presidente del Consejo Nacional Empresarial Tur\u00edstico (CNET), Pablo Azc\u00e1rraga y sus asesores, se revisaron cifras importantes del sector, as\u00ed como el panorama mundial y para M\u00e9xico que se prev\u00e9. Abund\u00f3 que en la reuni\u00f3n se acord\u00f3 que en breve los empresarios presentar\u00e1n una propuesta de c\u00f3mo debe dise\u00f1arse el nuevo ente.<\/p>\n<p>Explic\u00f3 que el nuevo modelo tur\u00edstico tiene como objetivo incrementar la derrama econ\u00f3mica y beneficiar a la poblaci\u00f3n local, a trav\u00e9s de la integraci\u00f3n regional del producto tur\u00edstico, consolidar lo existente y de configurar circuitos tur\u00edsticos complementarios.<\/p>\n<p>Puso como ejemplo los productos ancla como: el Paseo del viejo oeste, en Durango; el Acuario de Mar de Cort\u00e9s, en Mazatl\u00e1n, Sinaloa; el Museo de Armando Manzanero, en M\u00e9rida, Yucat\u00e1n; el Museo del Pirata, en Campeche; y el Museo de la Nao de China, en Acapulco, Guerrero. Todos estos proyectos aumentar\u00e1n la derrama.<\/p>\n<p>Resalt\u00f3 c\u00f3mo el proyecto Tren Maya, que significar\u00e1 una inversi\u00f3n de 150 mil millones de pesos, es ejemplo de integraci\u00f3n regional tur\u00edstica al abarcar su ruta los estados de Yucat\u00e1n, Quintana Roo, Campeche, Tabasco y Chiapas. Precis\u00f3 que el trayecto ser\u00e1 de mil 525 kil\u00f3metros, tendr\u00e1 17 estaciones y cada una contar\u00e1 con servicio de transportaci\u00f3n tur\u00edstica especializada y con recorridos.<\/p>\n<p>Dijo que cada proyecto tur\u00edstico, en cada estaci\u00f3n del tren, cuidar\u00e1 la preservaci\u00f3n del medio ambiente, enaltecer\u00e1 la identidad hist\u00f3rica y cultural de las diversas regiones y, sobre todo, beneficiar\u00e1 a las\u00a0comunidades locales. Ser\u00e1 de pasajeros, de carga y tur\u00edstico.<\/p>\n<p>Por otra parte, el secretario de Turismo federal asegur\u00f3 que tambi\u00e9n\u00a0 se ha avanzado en el tema del Tianguis Tur\u00edstico 2019, que se llevar\u00e1 a cabo en Acapulco del 7 al 10 de abril pr\u00f3ximos, con el apoyo del gobernador del estado de Guerrero, H\u00e9ctor Astudillo Flores, y al que ya confirm\u00f3 su asistencia el Presidente de la Rep\u00fablica.<\/p>\n<p>Cabe mencionar que en 2018 en arribo de turistas extranjeros a M\u00e9xico, v\u00eda a\u00e9rea, por pa\u00edses destaca: Estados Unidos con 10 millones 496 mil turistas; Canad\u00e1, con 2 millones 155 mil; Reino Unido, 591 mil; Colombia, 558 mil; Argentina, 490 mil; Brasil, 390 mil; Espa\u00f1a, 386 mil; Alemania, 290 mil; Francia, 287 mil; y Per\u00fa, 257 mil turistas.<\/p>\n<p>A nivel nacional, el a\u00f1o pasado se registraron 74.1 millones de pasajeros en vuelos nacionales e internacionales, 8.5 por ciento m\u00e1s que en 2017. Del total 49.8 millones de pasajeros viajaron en vuelos nacionales y 24.3 millones de pasajeros en vuelos internacionales. Apunt\u00f3 que se impulsar\u00e1 la cobertura a\u00e9rea a nivel regional y ampliar\u00e1 la internacional con la apertura de nuevas rutas y vuelos.<\/p>\n<p>En la \u201cAviation Summit Mexico 2019\u201d participan, entre otros, los directores generales de Aerom\u00e9xico, Andr\u00e9s Conesa; de Volaris, Enrique Beltranena; de Interjet, William Shaw; y de Aeromar, Danilo correa, as\u00ed como autoridades de gobierno vinculadas con la industria a\u00e9rea, comercio y el turismo.<\/p>\n<p>Esta cumbre de aviaci\u00f3n tiene como prop\u00f3sito reunir a altos ejecutivos de diferentes sectores: a\u00e9reo, financiero, turismo y transporte, para discutir las oportunidades y retos de la industria a\u00e9rea en M\u00e9xico desde una perspectiva multisectorial.<\/p>\n<p>Por otra parte, le informo que el Comit\u00e9 de la Semana Mundial del Espacio (instituida por la Asamblea General de la Organizaci\u00f3n de las Naciones Unidas, ONU), reconoci\u00f3 a M\u00e9xico por sus actividades de divulgaci\u00f3n de ciencia y tecnolog\u00eda espacial, que le posicionaron en tercer lugar en el mundo en este rubro, logrando mayor productividad en ello que otros pa\u00edses como India, Estados Unidos, Espa\u00f1a, Francia y Reino Unido.<\/p>\n<p>El Director General de la Agencia Espacial Mexicana (AEM), Dr. Javier Mendieta Jim\u00e9nez detall\u00f3 que este reconocimiento a nuestro pa\u00eds fue hecho por Dennis Stone, presidente de la WSWA (World Space Week Association), la asociaci\u00f3n mundial que organiza la Semana Mundial del Espacio, y subray\u00f3 que todo el m\u00e9rito de esta distinci\u00f3n, pertenece a la juventud mexicana y a su talento innato.<\/p>\n<p>\u201cSu talento, que ya comienza a ser reconocido globalmente, pareciera haber sido hecho para la Ciencia, Tecnolog\u00eda, Ingenier\u00eda y Matem\u00e1ticas (STEM) relacionadas al espacio, por eso en la AEM continuaremos incansables en inspirar sus vocaciones a fin de consolidar la construcci\u00f3n de capacidades del pa\u00eds en los sectores aeroespacial, telecomunicaciones y de TIC\u00b4s\u201d, expres\u00f3 Mendieta.<\/p>\n<p>Estas actividades de divulgaci\u00f3n del espacio motivo del reconocimiento a M\u00e9xico, fueron realizadas durante la Semana Mundial del Espacio del 4 al 10 de octubre de 2018, donde la AEM atrajo a m\u00e1s de 180 mil participantes, logr\u00e1ndose eventos en las 32 entidades de nuestro pa\u00eds sin desembolsos extra de presupuesto federal para ello, todo gracias al entusiasmo y liderazgo de nuestra juventud.<\/p>\n<p>Al respecto, el Coordinador Nacional de la Semana Mundial del Espacio M\u00e9xico, Ing. Mario M. Arreola Santander, detall\u00f3 que destacaron con su participaci\u00f3n el Instituto Mexicano de la Juventud, los Centros de Inclusi\u00f3n Digital de la SCT, e Institutos de Cultura como el de Aguascalientes, adem\u00e1s de universidades, escuelas, sociedades de astr\u00f3nomos y divulgadores de ciencia.<\/p>\n<p>\u201cQuiz\u00e1s lo siguiente que podr\u00edamos hacer es buscar el efecto a mediano y largo plazo que estas acciones tengan en la vida de las generaciones m\u00e1s j\u00f3venes y su participaci\u00f3n en las actividades STEM de sus pa\u00edses, lo que puede sonar ambicioso, pero nos permitir\u00e1 comprobar la influencia tan positiva que tiene la celebraci\u00f3n de la Semana Mundial del Espacio\u201d, dijo.<\/p>\n<p>Destac\u00f3 que, por los resultados obtenidos delante de muchos pa\u00edses, M\u00e9xico logr\u00f3 adem\u00e1s por segundo a\u00f1o consecutivo, la distinci\u00f3n del \u201cChair\u201d (Presidencia Honoraria) global de la Semana Mundial del Espacio 2019, lo que reafirma nuestro compromiso con el desarrollo de nuestra juventud a trav\u00e9s del sector espacial y esta celebraci\u00f3n global.<\/p>\n<p>Y es que desde que en 1999 la ONU instituy\u00f3 la celebraci\u00f3n global de la Semana Mundial del Espacio a fin de difundir los beneficios de la ciencia y tecnolog\u00eda espacial para la humanidad, es constante el crecimiento del inter\u00e9s en \u00e9sta en un ambiente festivo de paz y conocimiento, especialmente en pa\u00edses como M\u00e9xico, lo que le ha valido reconocimientos como \u00e9ste.<\/p>\n<p>\u201cEl tema espacial en M\u00e9xico podr\u00e1 hacer historia, pues se ha convertido en un proyecto nacional que ya no s\u00f3lo es del gobierno, sino que ha sido abrazado por los j\u00f3venes, ya es de la gente, de la sociedad civil y las empresas, todos quienes se han sumado con gran entusiasmo al rubro espacial que va evolucionando a pasos acelerados en nuestro pa\u00eds\u201d, concluy\u00f3 Mendieta; empero, lo anterior ser\u00e1 motivo de an\u00e1lisis en otra entrega de <strong><em>Hora 14<\/em><\/strong>.<\/p>\n<p><em><a href=\"mailto:%20mauricio_conde@msn.com\" target=\"_blank\" rel=\"noopener noreferrer\">mauricioconde59@outlook.com<\/a><\/em><br \/>\n<em><a href=\"https:\/\/twitter.com\/mauconde007\" target=\"_blank\" rel=\"noopener noreferrer\">@mauconde007<\/a> <\/em><br \/>\n<em><a href=\"https:\/\/mauriciocondeblog.wordpress.com\" target=\"_blank\" rel=\"noopener noreferrer\">https:\/\/mauriciocondeblog.wordpress.com<\/a><\/em><\/p>\n","protected":false},"excerpt":{"rendered":"<p><span style=\"color: #005497;\"><strong>Mauricio Conde Olivares<\/strong><\/span><\/p>\n","protected":false},"author":3,"featured_media":0,"comment_status":"open","ping_status":"open","sticky":false,"template":"","format":"standard","meta":{"_monsterinsights_skip_tracking":false,"_monsterinsights_sitenote_active":false,"_monsterinsights_sitenote_note":"","_monsterinsights_sitenote_category":0,"footnotes":""},"categories":[35889],"tags":[43712,43674,44860],"class_list":["post-417535","post","type-post","status-publish","format-standard","hentry","category-mauricio-conde-olivares","tag-mauricio-conde-olivares","tag-opinion","tag-hora-14"],"_links":{"self":[{"href":"https:\/\/www.diarioimagen.net\/index.php?rest_route=\/wp\/v2\/posts\/417535","targetHints":{"allow":["GET"]}}],"collection":[{"href":"https:\/\/www.diarioimagen.net\/index.php?rest_route=\/wp\/v2\/posts"}],"about":[{"href":"https:\/\/www.diarioimagen.net\/index.php?rest_route=\/wp\/v2\/types\/post"}],"author":[{"embeddable":true,"href":"https:\/\/www.diarioimagen.net\/index.php?rest_route=\/wp\/v2\/users\/3"}],"replies":[{"embeddable":true,"href":"https:\/\/www.diarioimagen.net\/index.php?rest_route=%2Fwp%2Fv2%2Fcomments&post=417535"}],"version-history":[{"count":0,"href":"https:\/\/www.diarioimagen.net\/index.php?rest_route=\/wp\/v2\/posts\/417535\/revisions"}],"wp:attachment":[{"href":"https:\/\/www.diarioimagen.net\/index.php?rest_route=%2Fwp%2Fv2%2Fmedia&parent=417535"}],"wp:term":[{"taxonomy":"category","embeddable":true,"href":"https:\/\/www.diarioimagen.net\/index.php?rest_route=%2Fwp%2Fv2%2Fcategories&post=417535"},{"taxonomy":"post_tag","embeddable":true,"href":"https:\/\/www.diarioimagen.net\/index.php?rest_route=%2Fwp%2Fv2%2Ftags&post=417535"}],"curies":[{"name":"wp","href":"https:\/\/api.w.org\/{rel}","templated":true}]}}