{"id":417644,"date":"2019-03-04T00:08:28","date_gmt":"2019-03-04T06:08:28","guid":{"rendered":"https:\/\/www.diarioimagen.net\/?p=417644"},"modified":"2019-03-04T22:57:18","modified_gmt":"2019-03-05T04:57:18","slug":"uaem-determinada-a-que-los-jovenes-ejerzan-su-derecho-a-la-educacion-alfredo-barrera","status":"publish","type":"post","link":"https:\/\/www.diarioimagen.net\/?p=417644","title":{"rendered":"UAEM, determinada a que los j\u00f3venes ejerzan su derecho a la educaci\u00f3n: Alfredo Barrera"},"content":{"rendered":"<ul>\n<li><strong><em>Sin duda, la contribuci\u00f3n social de esta casa de estudios tendr\u00eda una mayor dimensi\u00f3n si recibiera un presupuesto justo, sostuvo el rector de la Aut\u00f3noma mexiquense, durante la lectura del segundo informe de actividades de la Administraci\u00f3n 2017-2021<\/em><\/strong><\/li>\n<\/ul>\n<p>&nbsp;<\/p>\n<div id=\"attachment_417725\" style=\"width: 470px\" class=\"wp-caption aligncenter\"><a href=\"https:\/\/www.diarioimagen.net\/?attachment_id=417725\" rel=\"attachment wp-att-417725\"><img loading=\"lazy\" decoding=\"async\" aria-describedby=\"caption-attachment-417725\" class=\"size-large wp-image-417725\" src=\"https:\/\/www.diarioimagen.net\/wp-content\/uploads\/2019\/03\/UAEM4-460x259.jpg\" alt=\"\" width=\"460\" height=\"259\" srcset=\"https:\/\/www.diarioimagen.net\/wp-content\/uploads\/2019\/03\/UAEM4-460x259.jpg 460w, https:\/\/www.diarioimagen.net\/wp-content\/uploads\/2019\/03\/UAEM4-240x135.jpg 240w, https:\/\/www.diarioimagen.net\/wp-content\/uploads\/2019\/03\/UAEM4-235x132.jpg 235w, https:\/\/www.diarioimagen.net\/wp-content\/uploads\/2019\/03\/UAEM4-202x114.jpg 202w, https:\/\/www.diarioimagen.net\/wp-content\/uploads\/2019\/03\/UAEM4-350x196.jpg 350w, https:\/\/www.diarioimagen.net\/wp-content\/uploads\/2019\/03\/UAEM4-220x123.jpg 220w, https:\/\/www.diarioimagen.net\/wp-content\/uploads\/2019\/03\/UAEM4-237x132.jpg 237w, https:\/\/www.diarioimagen.net\/wp-content\/uploads\/2019\/03\/UAEM4.jpg 480w\" sizes=\"auto, (max-width: 460px) 100vw, 460px\" \/><\/a><p id=\"caption-attachment-417725\" class=\"wp-caption-text\">El rector, Alfredo Barrera Baca, durante la lectura del segundo informe de actividades, afirm\u00f3 que la UAEM est\u00e1 determinada a que la creciente poblaci\u00f3n juvenil del Estado de M\u00e9xico ejerza su derecho a la educaci\u00f3n.<\/p><\/div>\n<p>&nbsp;<\/p>\n<p><strong>Toluca, Estado de M\u00e9xico<\/strong>.\u2013 La Universidad Aut\u00f3noma del Estado de M\u00e9xico est\u00e1 determinada a que la creciente poblaci\u00f3n juvenil del Estado de M\u00e9xico ejerza su derecho a la educaci\u00f3n, sostuvo el rector Alfredo Barrera Baca, durante la lectura del segundo informe de actividades de la Administraci\u00f3n 2017-2021 de esta casa de estudios.<\/p>\n<p>Al presidir este acto de transparencia y rendici\u00f3n de cuentas, el gobernador del Estado de M\u00e9xico, Alfredo Del Mazo Maza, expres\u00f3 su respaldo irrestricto a la labor de la m\u00e1xima casa de estudios mexiquense.<\/p>\n<p>\u201cNuestra m\u00e1xima casa de estudios mexiquense tuvo siempre el respaldo de todos los poderes, del Ejecutivo y Legislativo, para fortalecer su presupuesto\u201d.<\/p>\n<p>Subray\u00f3 su \u201ccompromiso para continuar con este respaldo e invit\u00f3 a los legisladores a concretar todos los a\u00f1os lo que bien se merece nuestra m\u00e1xima casa de estudios\u201d.<\/p>\n<p>Al dar cumplimiento al art\u00edculo 24 de la Ley de la Universidad Aut\u00f3noma del Estado de M\u00e9xico y comparecer ante el pleno del Honorable Consejo Universitario para informar sobre las acciones realizadas en el a\u00f1o inmediato anterior, el rector de la UAEM indic\u00f3 que durante la \u00faltima d\u00e9cada, la matr\u00edcula de la instituci\u00f3n pas\u00f3 de 51 mil a m\u00e1s de 84 mil estudiantes, es decir, su poblaci\u00f3n aument\u00f3 en promedio en 3 mil 271 nuevos alumnos cada a\u00f1o.<\/p>\n<p>Alfredo Barrera asever\u00f3 que, sin duda, la contribuci\u00f3n social de esta casa de estudios tendr\u00eda una mayor dimensi\u00f3n si recibiera un presupuesto justo. \u201cLa UAEM no es una universidad opaca ni derrochadora. Destaca por el tama\u00f1o de su matr\u00edcula y la diversidad de su oferta educativa, la productividad de sus cient\u00edficos, su presencia en la sociedad y en la vasta geograf\u00eda estatal\u201d.<\/p>\n<p>En el Patio del Centenario, donde se dieron cita la presidenta de la Comisi\u00f3n de Puntos Constitucionales de la sexag\u00e9sima cuarta Legislatura federal, Miroslava Carrillo Mart\u00ednez, y el secretario general ejecutivo de la Asociaci\u00f3n Nacional de Universidades e Instituciones de Educaci\u00f3n Superior (ANUIES), Jaime Valls Esponda, Alfredo Del Mazo Maza enfatiz\u00f3 el papel de la Aut\u00f3noma mexiquense en la protecci\u00f3n del derecho de los j\u00f3venes a una educaci\u00f3n p\u00fablica y laica.<\/p>\n<p>\u201cLa UAEM, pilar sobre el que descansa la estabilidad, desarrollo y viabilidad futura de los mexiquenses, es protagonista de nuestra historia, impulsa nuestro desarrollo y es s\u00edmbolo de los mexiquenses\u201d.<\/p>\n<p>Alfredo Barrera Baca precis\u00f3 que si bien el presupuesto institucional, conformado por los subsidios federal y estatal, as\u00ed como recursos propios, es importante, dividido entre la matr\u00edcula total refleja una erogaci\u00f3n de 52 mil pesos por alumno, lo que coloca a la instituci\u00f3n estatal en el vig\u00e9simo segundo lugar entre las universidades p\u00fablicas estatales.<\/p>\n<p>\u201cLa universidad p\u00fablica estatal que ocupa el primer lugar en subsidio por alumno recibe 106 mil pesos, pr\u00e1cticamente el doble que nosotros, aun cuando los indicadores de nuestra universidad son superiores en matr\u00edcula, profesores registrados en el Sistema Nacional de Investigadores y programas de posgrado reconocidos en el Programa Nacional de Posgrados de Calidad\u201d.<\/p>\n<p>En este ejercicio de rendici\u00f3n de cuentas, donde tambi\u00e9n se dieron cita el presidente del Tribunal Superior de Justicia, Sergio Javier Medina Pe\u00f1aloza; el comandante de la 22a. Zona Militar, Cruz Eduardo Vega Rivera, y el presidente municipal de Toluca, Juan Rodolfo S\u00e1nchez G\u00f3mez, Alfredo Del Mazo Maza puntualiz\u00f3 que la UAEM es ejemplo nacional de c\u00f3mo forjar un mejor futuro para la sociedad.<\/p>\n<p>El gobernador afirm\u00f3 que la comunidad acad\u00e9mica de la UAEM, resultado de la evoluci\u00f3n del pensamiento y consolidaci\u00f3n de sus compromisos sociales, es l\u00edder nacional educativo y orgullo de todos los mexiquenses. Reconoci\u00f3 la labor comprometida y profesional del rector Alfredo Barrera Baca, quien con visi\u00f3n y a partir de una transformaci\u00f3n integral de la educaci\u00f3n, impulsa el fortalecimiento de los universitarios mexiquenses.<\/p>\n<p>Finalmente, el rector reiter\u00f3 la convicci\u00f3n de los universitarios para defender la autonom\u00eda institucional como una condici\u00f3n para una educaci\u00f3n de calidad.<\/p>\n<p>\u201cDefendamos la autonom\u00eda porque sin ella la ciencia corre el riesgo de estancarse en intereses parciales, porque es imprescindible para que los artistas e intelectuales cumplan su funci\u00f3n cr\u00edtica ante la realidad y, sobre todo, porque es indispensable para hacer lo que la sociedad y la patria le demandan a la universidad p\u00fablica: conocimientos fidedignos, soluciones asequibles, profesionistas competentes y ciudadanos, ejemplares\u201d.<\/p>\n<p>Alfredo Barrera Baca expres\u00f3 que la Universidad Aut\u00f3noma del Estado de M\u00e9xico est\u00e1 siempre presta a colaborar, desde su autonom\u00eda, con las grandes transformaciones nacionales. \u201cLa UAEM compromete su energ\u00eda e inteligencia en la soluci\u00f3n de los problemas sociales m\u00e1s apremiantes. Contra las cr\u00edticas infundadas, respondemos con patriotismo y generosidad: los datos nos avalan\u201d.<\/p>\n<p>Antes, en el Edificio de Rector\u00eda, el gobernador Alfredo Del Mazo Maza y el rector Alfredo Barrera Baca inauguraron la Pinacoteca Universitaria \u201cLos Autonomistas\u201d, que alberga pl\u00e1stica del siglo XIX, y la muestra pict\u00f3rica \u201cUna experiencia creativa XC\u201d, del artista Manuel Felgu\u00e9rez, en la Galer\u00eda Universitaria \u201cFernando Cano\u201d.<\/p>\n","protected":false},"excerpt":{"rendered":"<p>La Universidad Aut\u00f3noma del Estado de M\u00e9xico est\u00e1 determinada a que la creciente poblaci\u00f3n juvenil del Estado de M\u00e9xico ejerza su derecho a la educaci\u00f3n, sostuvo el rector Alfredo Barrera Baca, durante la lectura del segundo informe de actividades de la Administraci\u00f3n 2017-2021 de esta casa de estudios.<\/p>\n","protected":false},"author":3,"featured_media":417725,"comment_status":"open","ping_status":"open","sticky":false,"template":"","format":"standard","meta":{"_monsterinsights_skip_tracking":false,"_monsterinsights_sitenote_active":false,"_monsterinsights_sitenote_note":"","_monsterinsights_sitenote_category":0,"footnotes":""},"categories":[5],"tags":[58572,43694,43675,452,1491,1490],"class_list":["post-417644","post","type-post","status-publish","format-standard","has-post-thumbnail","hentry","category-estado-de-mexico","tag-alfredo-barrera-baca","tag-educacion","tag-estado-de-mexico","tag-toluca","tag-uaem","tag-universidad-autonoma-del-estado-de-mexico"],"_links":{"self":[{"href":"https:\/\/www.diarioimagen.net\/index.php?rest_route=\/wp\/v2\/posts\/417644","targetHints":{"allow":["GET"]}}],"collection":[{"href":"https:\/\/www.diarioimagen.net\/index.php?rest_route=\/wp\/v2\/posts"}],"about":[{"href":"https:\/\/www.diarioimagen.net\/index.php?rest_route=\/wp\/v2\/types\/post"}],"author":[{"embeddable":true,"href":"https:\/\/www.diarioimagen.net\/index.php?rest_route=\/wp\/v2\/users\/3"}],"replies":[{"embeddable":true,"href":"https:\/\/www.diarioimagen.net\/index.php?rest_route=%2Fwp%2Fv2%2Fcomments&post=417644"}],"version-history":[{"count":0,"href":"https:\/\/www.diarioimagen.net\/index.php?rest_route=\/wp\/v2\/posts\/417644\/revisions"}],"wp:featuredmedia":[{"embeddable":true,"href":"https:\/\/www.diarioimagen.net\/index.php?rest_route=\/wp\/v2\/media\/417725"}],"wp:attachment":[{"href":"https:\/\/www.diarioimagen.net\/index.php?rest_route=%2Fwp%2Fv2%2Fmedia&parent=417644"}],"wp:term":[{"taxonomy":"category","embeddable":true,"href":"https:\/\/www.diarioimagen.net\/index.php?rest_route=%2Fwp%2Fv2%2Fcategories&post=417644"},{"taxonomy":"post_tag","embeddable":true,"href":"https:\/\/www.diarioimagen.net\/index.php?rest_route=%2Fwp%2Fv2%2Ftags&post=417644"}],"curies":[{"name":"wp","href":"https:\/\/api.w.org\/{rel}","templated":true}]}}