{"id":417676,"date":"2019-03-04T00:08:42","date_gmt":"2019-03-04T06:08:42","guid":{"rendered":"https:\/\/www.diarioimagen.net\/?p=417676"},"modified":"2019-03-04T02:06:37","modified_gmt":"2019-03-04T08:06:37","slug":"primera-semana-nacional-de-vacunacion-en-kinder-montessori","status":"publish","type":"post","link":"https:\/\/www.diarioimagen.net\/?p=417676","title":{"rendered":"Primera Semana Nacional de Vacunaci\u00f3n en k\u00ednder \u201cMontessori\u201d"},"content":{"rendered":"<ul>\n<li><strong><em>Inauguraci\u00f3n de sal\u00f3n de clases<\/em><\/strong><\/li>\n<\/ul>\n<p>&nbsp;<\/p>\n<div id=\"attachment_417764\" style=\"width: 470px\" class=\"wp-caption aligncenter\"><a href=\"https:\/\/www.diarioimagen.net\/?attachment_id=417764\" rel=\"attachment wp-att-417764\"><img loading=\"lazy\" decoding=\"async\" aria-describedby=\"caption-attachment-417764\" class=\"size-large wp-image-417764\" src=\"https:\/\/www.diarioimagen.net\/wp-content\/uploads\/2019\/03\/ATIZAPAN-4-460x361.jpg\" alt=\"\" width=\"460\" height=\"361\" srcset=\"https:\/\/www.diarioimagen.net\/wp-content\/uploads\/2019\/03\/ATIZAPAN-4-460x361.jpg 460w, https:\/\/www.diarioimagen.net\/wp-content\/uploads\/2019\/03\/ATIZAPAN-4-240x188.jpg 240w, https:\/\/www.diarioimagen.net\/wp-content\/uploads\/2019\/03\/ATIZAPAN-4.jpg 700w\" sizes=\"auto, (max-width: 460px) 100vw, 460px\" \/><\/a><p id=\"caption-attachment-417764\" class=\"wp-caption-text\">La alcaldesa Ruth Olvera Nieto dio inicio a la Primera Semana Nacional de Vacunaci\u00f3n en el jard\u00edn de ni\u00f1os \u201cMar\u00eda Montessori\u201d, en Lomas de San Lorenzo.<\/p><\/div>\n<p>&nbsp;<\/p>\n<p><strong>Atizap\u00e1n, Estado de M\u00e9xico<\/strong>.- La alcaldesa de Atizap\u00e1n de Zaragoza, Ruth Olvera Nieto dio inicio a la Primera Semana Nacional de Vacunaci\u00f3n en el jard\u00edn de ni\u00f1os \u201cMar\u00eda Montessori\u201d, en Lomas de San Lorenzo, donde tambi\u00e9n inaugur\u00f3 un sal\u00f3n de clases. La alcaldesa se\u00f1al\u00f3 la importancia de crear un entorno saludable y alegre para que los ni\u00f1os crezcan favorablemente, con ganas de asistir a la escuela, con el \u00edmpetu de jugar, estudiar, aprender y compartir con sus compa\u00f1eros y profesores, \u201cy para ello hay que mantenerlos siempre libres de enfermedades\u201d.<\/p>\n<p>Reconoci\u00f3 la labor de todos los ciudadanos y profesionales que participan en esta semana de vacunaci\u00f3n -voluntarios, m\u00e9dicos, enfermeras, profesores y padres de familia-, en la que se aplica la vacuna contra el Virus del Papiloma Humano y para completar o reforzar esquemas b\u00e1sicos de inmunizaci\u00f3n.<\/p>\n<p>Tras la aplicaci\u00f3n de las primeras dosis de vacunas, Ruth Olvera Nieto tambi\u00e9n realiz\u00f3 el corte de list\u00f3n y devel\u00f3 la placa de un aula de 49 m2 de construcci\u00f3n. El inmueble se edific\u00f3 sobre una cimentaci\u00f3n a base de zapatas corridas de concreto armado; estructura de cadenas, columnas, trabes y losa de concreto armado, muros de tabique aparente, canceler\u00eda de aluminio, pisos de loseta e impermeabilizaci\u00f3n.<\/p>\n<p>Asimismo, el sal\u00f3n escolar se entreg\u00f3 equipado con 36 sillas para menores, seis mesas redondas, pizarr\u00f3n y escritorio con silla.<\/p>\n<p>Ante los padres de familia, docentes y autoridades municipales, la directora Daisy Isela Castillo Garc\u00eda agradeci\u00f3 a la Presidenta Municipal Ruth Olvera la construcci\u00f3n del sal\u00f3n, cuya calidad de la obra fue constatada por el s\u00edndico Isaac S\u00e1nchez Arce y los regidores Ana Lilia L\u00f3pez, Rodrigo Segura, Claudia Nava, y Francisco Madera.<\/p>\n<p>En el acto tambi\u00e9n estuvieron presentes: Zaira Roa Escalona, representante de la Jurisdicci\u00f3n Sanitaria de Atizap\u00e1n; Felipe de Jes\u00fas Villalobos, Hiriart, director de la Cl\u00ednica ISSEMyM; y Ricardo Ruiz Hern\u00e1ndez, representante del Hospital Herrej\u00f3n.<\/p>\n","protected":false},"excerpt":{"rendered":"<p>La alcaldesa de Atizap\u00e1n de Zaragoza, Ruth Olvera Nieto dio inicio a la Primera Semana Nacional de Vacunaci\u00f3n en el jard\u00edn de ni\u00f1os \u201cMar\u00eda Montessori\u201d, en Lomas de San Lorenzo, donde tambi\u00e9n inaugur\u00f3 un sal\u00f3n de clases. La alcaldesa se\u00f1al\u00f3 la importancia de crear un entorno saludable y alegre para que los ni\u00f1os crezcan favorablemente, con ganas de asistir a la escuela, con el \u00edmpetu de jugar, estudiar, aprender y compartir con sus compa\u00f1eros y profesores, \u201cy para ello hay que mantenerlos siempre libres de enfermedades\u201d.<\/p>\n","protected":false},"author":3,"featured_media":417764,"comment_status":"open","ping_status":"open","sticky":false,"template":"","format":"standard","meta":{"_monsterinsights_skip_tracking":false,"_monsterinsights_sitenote_active":false,"_monsterinsights_sitenote_note":"","_monsterinsights_sitenote_category":0,"footnotes":""},"categories":[35155],"tags":[969,43675,83358,80963],"class_list":["post-417676","post","type-post","status-publish","format-standard","has-post-thumbnail","hentry","category-estado-de-mexico-estado-de-mexico","tag-atizapan","tag-estado-de-mexico","tag-montessori","tag-ruth-olvera-nieto"],"_links":{"self":[{"href":"https:\/\/www.diarioimagen.net\/index.php?rest_route=\/wp\/v2\/posts\/417676","targetHints":{"allow":["GET"]}}],"collection":[{"href":"https:\/\/www.diarioimagen.net\/index.php?rest_route=\/wp\/v2\/posts"}],"about":[{"href":"https:\/\/www.diarioimagen.net\/index.php?rest_route=\/wp\/v2\/types\/post"}],"author":[{"embeddable":true,"href":"https:\/\/www.diarioimagen.net\/index.php?rest_route=\/wp\/v2\/users\/3"}],"replies":[{"embeddable":true,"href":"https:\/\/www.diarioimagen.net\/index.php?rest_route=%2Fwp%2Fv2%2Fcomments&post=417676"}],"version-history":[{"count":0,"href":"https:\/\/www.diarioimagen.net\/index.php?rest_route=\/wp\/v2\/posts\/417676\/revisions"}],"wp:featuredmedia":[{"embeddable":true,"href":"https:\/\/www.diarioimagen.net\/index.php?rest_route=\/wp\/v2\/media\/417764"}],"wp:attachment":[{"href":"https:\/\/www.diarioimagen.net\/index.php?rest_route=%2Fwp%2Fv2%2Fmedia&parent=417676"}],"wp:term":[{"taxonomy":"category","embeddable":true,"href":"https:\/\/www.diarioimagen.net\/index.php?rest_route=%2Fwp%2Fv2%2Fcategories&post=417676"},{"taxonomy":"post_tag","embeddable":true,"href":"https:\/\/www.diarioimagen.net\/index.php?rest_route=%2Fwp%2Fv2%2Ftags&post=417676"}],"curies":[{"name":"wp","href":"https:\/\/api.w.org\/{rel}","templated":true}]}}