{"id":417678,"date":"2019-03-04T00:06:56","date_gmt":"2019-03-04T06:06:56","guid":{"rendered":"https:\/\/www.diarioimagen.net\/?p=417678"},"modified":"2019-03-04T02:08:04","modified_gmt":"2019-03-04T08:08:04","slug":"felicita-alcalde-juan-rodolfo-sanchez-gomez-al-rector-de-la-uaem-por-su-segundo-informe","status":"publish","type":"post","link":"https:\/\/www.diarioimagen.net\/?p=417678","title":{"rendered":"Felicita alcalde Juan Rodolfo S\u00e1nchez G\u00f3mez al rector de la UAEM por su Segundo Informe"},"content":{"rendered":"<p><a href=\"https:\/\/www.diarioimagen.net\/?attachment_id=417767\" rel=\"attachment wp-att-417767\"><img loading=\"lazy\" decoding=\"async\" class=\"aligncenter size-large wp-image-417767\" src=\"https:\/\/www.diarioimagen.net\/wp-content\/uploads\/2019\/03\/toluca-460x259.jpg\" alt=\"\" width=\"460\" height=\"259\" srcset=\"https:\/\/www.diarioimagen.net\/wp-content\/uploads\/2019\/03\/toluca-460x259.jpg 460w, https:\/\/www.diarioimagen.net\/wp-content\/uploads\/2019\/03\/toluca-240x135.jpg 240w, https:\/\/www.diarioimagen.net\/wp-content\/uploads\/2019\/03\/toluca-235x132.jpg 235w, https:\/\/www.diarioimagen.net\/wp-content\/uploads\/2019\/03\/toluca-202x114.jpg 202w, https:\/\/www.diarioimagen.net\/wp-content\/uploads\/2019\/03\/toluca-350x196.jpg 350w, https:\/\/www.diarioimagen.net\/wp-content\/uploads\/2019\/03\/toluca-220x123.jpg 220w, https:\/\/www.diarioimagen.net\/wp-content\/uploads\/2019\/03\/toluca-237x132.jpg 237w, https:\/\/www.diarioimagen.net\/wp-content\/uploads\/2019\/03\/toluca.jpg 480w\" sizes=\"auto, (max-width: 460px) 100vw, 460px\" \/><\/a><\/p>\n<p>&nbsp;<\/p>\n<p><strong>Toluca, Estado de M\u00e9xico.-<\/strong> En el marco de los 75 a\u00f1os de autonom\u00eda de la m\u00e1xima casa de estudios del Estado de M\u00e9xico, el alcalde de Toluca, Juan Rodolfo S\u00e1nchez G\u00f3mez, acompa\u00f1\u00f3 y felicit\u00f3 al rector Alfredo Barrera Baca, por su Segundo Informe de Actividades, que se llev\u00f3 a cabo en el Patio del Cincuentenario del edificio Central de Rector\u00eda.<\/p>\n<p>Previo a la ceremonia, el presidente municipal, junto con el gobernador mexiquense, Alfredo Del Mazo Maza, y el rector de la UAEM inauguraron la exposici\u00f3n \u201cUna experiencia creativa XC\u201d y la Pinacoteca universitaria.<\/p>\n","protected":false},"excerpt":{"rendered":"<p>En el marco de los 75 a\u00f1os de autonom\u00eda de la m\u00e1xima casa de estudios del Estado de M\u00e9xico, el alcalde de Toluca, Juan Rodolfo S\u00e1nchez G\u00f3mez, acompa\u00f1\u00f3 y felicit\u00f3 al rector Alfredo Barrera Baca, por su Segundo Informe de Actividades, que se llev\u00f3 a cabo en el Patio del Cincuentenario del edificio Central de Rector\u00eda.<\/p>\n","protected":false},"author":3,"featured_media":417767,"comment_status":"open","ping_status":"open","sticky":false,"template":"","format":"standard","meta":{"_monsterinsights_skip_tracking":false,"_monsterinsights_sitenote_active":false,"_monsterinsights_sitenote_note":"","_monsterinsights_sitenote_category":0,"footnotes":""},"categories":[35155],"tags":[43675,83359,452,1491],"class_list":["post-417678","post","type-post","status-publish","format-standard","has-post-thumbnail","hentry","category-estado-de-mexico-estado-de-mexico","tag-estado-de-mexico","tag-juan-rodolfo-sanchez-gomez","tag-toluca","tag-uaem"],"_links":{"self":[{"href":"https:\/\/www.diarioimagen.net\/index.php?rest_route=\/wp\/v2\/posts\/417678","targetHints":{"allow":["GET"]}}],"collection":[{"href":"https:\/\/www.diarioimagen.net\/index.php?rest_route=\/wp\/v2\/posts"}],"about":[{"href":"https:\/\/www.diarioimagen.net\/index.php?rest_route=\/wp\/v2\/types\/post"}],"author":[{"embeddable":true,"href":"https:\/\/www.diarioimagen.net\/index.php?rest_route=\/wp\/v2\/users\/3"}],"replies":[{"embeddable":true,"href":"https:\/\/www.diarioimagen.net\/index.php?rest_route=%2Fwp%2Fv2%2Fcomments&post=417678"}],"version-history":[{"count":0,"href":"https:\/\/www.diarioimagen.net\/index.php?rest_route=\/wp\/v2\/posts\/417678\/revisions"}],"wp:featuredmedia":[{"embeddable":true,"href":"https:\/\/www.diarioimagen.net\/index.php?rest_route=\/wp\/v2\/media\/417767"}],"wp:attachment":[{"href":"https:\/\/www.diarioimagen.net\/index.php?rest_route=%2Fwp%2Fv2%2Fmedia&parent=417678"}],"wp:term":[{"taxonomy":"category","embeddable":true,"href":"https:\/\/www.diarioimagen.net\/index.php?rest_route=%2Fwp%2Fv2%2Fcategories&post=417678"},{"taxonomy":"post_tag","embeddable":true,"href":"https:\/\/www.diarioimagen.net\/index.php?rest_route=%2Fwp%2Fv2%2Ftags&post=417678"}],"curies":[{"name":"wp","href":"https:\/\/api.w.org\/{rel}","templated":true}]}}