{"id":417837,"date":"2019-03-05T00:10:50","date_gmt":"2019-03-05T06:10:50","guid":{"rendered":"https:\/\/www.diarioimagen.net\/?p=417837"},"modified":"2019-03-05T07:57:54","modified_gmt":"2019-03-05T13:57:54","slug":"aeropuerto-santa-lucia-sera-operado-por-la-sedena-con-normas-de-la-sct","status":"publish","type":"post","link":"https:\/\/www.diarioimagen.net\/?p=417837","title":{"rendered":"Aeropuerto Santa Luc\u00eda ser\u00e1 operado por la Sedena, con normas de la SCT"},"content":{"rendered":"<p><a href=\"https:\/\/www.diarioimagen.net\/?attachment_id=417945\" rel=\"attachment wp-att-417945\"><img loading=\"lazy\" decoding=\"async\" class=\"aligncenter size-large wp-image-417945\" src=\"https:\/\/www.diarioimagen.net\/wp-content\/uploads\/2019\/03\/AEROPUERTO5-460x259.jpg\" alt=\"\" width=\"460\" height=\"259\" srcset=\"https:\/\/www.diarioimagen.net\/wp-content\/uploads\/2019\/03\/AEROPUERTO5-460x259.jpg 460w, https:\/\/www.diarioimagen.net\/wp-content\/uploads\/2019\/03\/AEROPUERTO5-240x135.jpg 240w, https:\/\/www.diarioimagen.net\/wp-content\/uploads\/2019\/03\/AEROPUERTO5-235x132.jpg 235w, https:\/\/www.diarioimagen.net\/wp-content\/uploads\/2019\/03\/AEROPUERTO5-202x114.jpg 202w, https:\/\/www.diarioimagen.net\/wp-content\/uploads\/2019\/03\/AEROPUERTO5-350x196.jpg 350w, https:\/\/www.diarioimagen.net\/wp-content\/uploads\/2019\/03\/AEROPUERTO5-220x123.jpg 220w, https:\/\/www.diarioimagen.net\/wp-content\/uploads\/2019\/03\/AEROPUERTO5-237x132.jpg 237w, https:\/\/www.diarioimagen.net\/wp-content\/uploads\/2019\/03\/AEROPUERTO5.jpg 480w\" sizes=\"auto, (max-width: 460px) 100vw, 460px\" \/><\/a><\/p>\n<p>&nbsp;<\/p>\n<p>El presidente de la Rep\u00fablica, Andr\u00e9s Manuel L\u00f3pez Obrador, afirm\u00f3 que el aeropuerto de Santa Luc\u00eda ser\u00e1 operado por la Secretar\u00eda de la Defensa Nacional (Sedena), con normas de la Secretar\u00eda de Comunicaciones y Transportes (SCT).<\/p>\n<p>En conferencia matutina desde Palacio Nacional, el mandatario nacional se\u00f1al\u00f3 que ya se tom\u00f3 la decisi\u00f3n de que esa terminal a\u00e9rea lleve el nombre del General Felipe \u00c1ngeles, \u201cde los pocos que se mantuvo leal al gobierno de Francisco I. Madero\u201d.<\/p>\n<p>\u201cSe va a llamar Aeropuerto Felipe \u00c1ngeles y va a estar, en efecto, operado por la Secretar\u00eda de la Defensa (&#8230;) es un aeropuerto civil operado por la Sedena y con las normas de la Secretar\u00eda de Comunicaciones, toda la parte normativa corresponde a la SCT\u201d.<\/p>\n<p>A\u00f1adi\u00f3 que en el aeropuerto de Santa Luc\u00eda se tomar\u00e1n en cuenta las recomendaciones de la Asociaci\u00f3n Internacional de Transporte A\u00e9reo (IATA, por sus siglas en ingl\u00e9s).<\/p>\n<p>Cabe destacar que la semana pasada, la IATA se\u00f1al\u00f3 que la operaci\u00f3n de tres terminales dificultar\u00eda el negocio de las aerol\u00edneas e impactar\u00eda en la econom\u00eda; aunado que, de acuerdo con la experiencia global, la operaci\u00f3n de aeropuertos en manos de militares no funciona. En ese sentido, L\u00f3pez Obrador dijo que escuchar\u00e1n y analizar\u00e1n todas las recomendaciones que haga la industria a\u00e9rea, aunque, puntualiz\u00f3, que \u201cmuchas de esas organizaciones no son tan profesionales\u201d.<\/p>\n","protected":false},"excerpt":{"rendered":"<p>El presidente de la Rep\u00fablica, Andr\u00e9s Manuel L\u00f3pez Obrador, afirm\u00f3 que el aeropuerto de Santa Luc\u00eda ser\u00e1 operado por la Secretar\u00eda de la Defensa Nacional (Sedena), con normas de la Secretar\u00eda de Comunicaciones y Transportes (SCT).<\/p>\n","protected":false},"author":3,"featured_media":417945,"comment_status":"open","ping_status":"open","sticky":false,"template":"","format":"standard","meta":{"_monsterinsights_skip_tracking":false,"_monsterinsights_sitenote_active":false,"_monsterinsights_sitenote_note":"","_monsterinsights_sitenote_category":0,"footnotes":""},"categories":[3],"tags":[1352,71019,9207,347,1669],"class_list":["post-417837","post","type-post","status-publish","format-standard","has-post-thumbnail","hentry","category-nacional","tag-andres-manuel-lopez-obrador","tag-operado","tag-santa-lucia","tag-sct","tag-secretaria-de-comunicaciones-y-transportes"],"_links":{"self":[{"href":"https:\/\/www.diarioimagen.net\/index.php?rest_route=\/wp\/v2\/posts\/417837","targetHints":{"allow":["GET"]}}],"collection":[{"href":"https:\/\/www.diarioimagen.net\/index.php?rest_route=\/wp\/v2\/posts"}],"about":[{"href":"https:\/\/www.diarioimagen.net\/index.php?rest_route=\/wp\/v2\/types\/post"}],"author":[{"embeddable":true,"href":"https:\/\/www.diarioimagen.net\/index.php?rest_route=\/wp\/v2\/users\/3"}],"replies":[{"embeddable":true,"href":"https:\/\/www.diarioimagen.net\/index.php?rest_route=%2Fwp%2Fv2%2Fcomments&post=417837"}],"version-history":[{"count":0,"href":"https:\/\/www.diarioimagen.net\/index.php?rest_route=\/wp\/v2\/posts\/417837\/revisions"}],"wp:featuredmedia":[{"embeddable":true,"href":"https:\/\/www.diarioimagen.net\/index.php?rest_route=\/wp\/v2\/media\/417945"}],"wp:attachment":[{"href":"https:\/\/www.diarioimagen.net\/index.php?rest_route=%2Fwp%2Fv2%2Fmedia&parent=417837"}],"wp:term":[{"taxonomy":"category","embeddable":true,"href":"https:\/\/www.diarioimagen.net\/index.php?rest_route=%2Fwp%2Fv2%2Fcategories&post=417837"},{"taxonomy":"post_tag","embeddable":true,"href":"https:\/\/www.diarioimagen.net\/index.php?rest_route=%2Fwp%2Fv2%2Ftags&post=417837"}],"curies":[{"name":"wp","href":"https:\/\/api.w.org\/{rel}","templated":true}]}}