{"id":417875,"date":"2019-03-05T00:05:40","date_gmt":"2019-03-05T06:05:40","guid":{"rendered":"https:\/\/www.diarioimagen.net\/?p=417875"},"modified":"2019-03-05T09:05:33","modified_gmt":"2019-03-05T15:05:33","slug":"tendra-huixquilucan-su-primer-cabildo-abierto-de-este-ano","status":"publish","type":"post","link":"https:\/\/www.diarioimagen.net\/?p=417875","title":{"rendered":"Tendr\u00e1 Huixquilucan su primer cabildo abierto de este a\u00f1o"},"content":{"rendered":"<p><a href=\"https:\/\/www.diarioimagen.net\/?attachment_id=417968\" rel=\"attachment wp-att-417968\"><img loading=\"lazy\" decoding=\"async\" class=\"aligncenter size-large wp-image-417968\" src=\"https:\/\/www.diarioimagen.net\/wp-content\/uploads\/2019\/03\/HUIXQUILUCAN-5-460x259.jpg\" alt=\"\" width=\"460\" height=\"259\" srcset=\"https:\/\/www.diarioimagen.net\/wp-content\/uploads\/2019\/03\/HUIXQUILUCAN-5-460x259.jpg 460w, https:\/\/www.diarioimagen.net\/wp-content\/uploads\/2019\/03\/HUIXQUILUCAN-5-240x135.jpg 240w, https:\/\/www.diarioimagen.net\/wp-content\/uploads\/2019\/03\/HUIXQUILUCAN-5-235x132.jpg 235w, https:\/\/www.diarioimagen.net\/wp-content\/uploads\/2019\/03\/HUIXQUILUCAN-5-202x114.jpg 202w, https:\/\/www.diarioimagen.net\/wp-content\/uploads\/2019\/03\/HUIXQUILUCAN-5-350x196.jpg 350w, https:\/\/www.diarioimagen.net\/wp-content\/uploads\/2019\/03\/HUIXQUILUCAN-5-220x123.jpg 220w, https:\/\/www.diarioimagen.net\/wp-content\/uploads\/2019\/03\/HUIXQUILUCAN-5-237x132.jpg 237w, https:\/\/www.diarioimagen.net\/wp-content\/uploads\/2019\/03\/HUIXQUILUCAN-5.jpg 480w\" sizes=\"auto, (max-width: 460px) 100vw, 460px\" \/><\/a><\/p>\n<p>&nbsp;<\/p>\n<p><strong>Huixquilucan, Estado de M\u00e9xico<\/strong><strong>.-<\/strong> Por unanimidad de votos, los integrantes del cuerpo edilicio de Huixquilucan, aprobaron que el deportivo de futbol \u201cEl Olivo\u201d sea el recinto oficial para la celebraci\u00f3n del primer cabildo abierto del 2019, a realizarse el pr\u00f3ximo jueves 7 de marzo.<\/p>\n<p>Durante la segunda sesi\u00f3n extraordinaria, se record\u00f3 que previamente se difundi\u00f3 entre la poblaci\u00f3n este ejercicio democr\u00e1tico, que busca darle voz a la ciudadan\u00eda. Durante el cabildo abierto, los huixquiluquenses hacen uso de la palabra para exponer necesidades, peticiones o quejas, ante los integrantes de este cuerpo colegiado y se d\u00e9 soluci\u00f3n a los temas planteados por la ciudadan\u00eda.<\/p>\n","protected":false},"excerpt":{"rendered":"<p>Por unanimidad de votos, los integrantes del cuerpo edilicio de Huixquilucan, aprobaron que el deportivo de futbol \u201cEl Olivo\u201d sea el recinto oficial para la celebraci\u00f3n del primer cabildo abierto del 2019, a realizarse el pr\u00f3ximo jueves 7 de marzo.<\/p>\n","protected":false},"author":3,"featured_media":417968,"comment_status":"open","ping_status":"open","sticky":false,"template":"","format":"standard","meta":{"_monsterinsights_skip_tracking":false,"_monsterinsights_sitenote_active":false,"_monsterinsights_sitenote_note":"","_monsterinsights_sitenote_category":0,"footnotes":""},"categories":[35155],"tags":[83392,23030,43675,1097],"class_list":["post-417875","post","type-post","status-publish","format-standard","has-post-thumbnail","hentry","category-estado-de-mexico-estado-de-mexico","tag-abierto","tag-cabildo","tag-estado-de-mexico","tag-huixquilucan"],"_links":{"self":[{"href":"https:\/\/www.diarioimagen.net\/index.php?rest_route=\/wp\/v2\/posts\/417875","targetHints":{"allow":["GET"]}}],"collection":[{"href":"https:\/\/www.diarioimagen.net\/index.php?rest_route=\/wp\/v2\/posts"}],"about":[{"href":"https:\/\/www.diarioimagen.net\/index.php?rest_route=\/wp\/v2\/types\/post"}],"author":[{"embeddable":true,"href":"https:\/\/www.diarioimagen.net\/index.php?rest_route=\/wp\/v2\/users\/3"}],"replies":[{"embeddable":true,"href":"https:\/\/www.diarioimagen.net\/index.php?rest_route=%2Fwp%2Fv2%2Fcomments&post=417875"}],"version-history":[{"count":0,"href":"https:\/\/www.diarioimagen.net\/index.php?rest_route=\/wp\/v2\/posts\/417875\/revisions"}],"wp:featuredmedia":[{"embeddable":true,"href":"https:\/\/www.diarioimagen.net\/index.php?rest_route=\/wp\/v2\/media\/417968"}],"wp:attachment":[{"href":"https:\/\/www.diarioimagen.net\/index.php?rest_route=%2Fwp%2Fv2%2Fmedia&parent=417875"}],"wp:term":[{"taxonomy":"category","embeddable":true,"href":"https:\/\/www.diarioimagen.net\/index.php?rest_route=%2Fwp%2Fv2%2Fcategories&post=417875"},{"taxonomy":"post_tag","embeddable":true,"href":"https:\/\/www.diarioimagen.net\/index.php?rest_route=%2Fwp%2Fv2%2Ftags&post=417875"}],"curies":[{"name":"wp","href":"https:\/\/api.w.org\/{rel}","templated":true}]}}