{"id":417890,"date":"2019-03-05T00:01:29","date_gmt":"2019-03-05T06:01:29","guid":{"rendered":"https:\/\/www.diarioimagen.net\/?p=417890"},"modified":"2019-03-06T02:14:43","modified_gmt":"2019-03-06T08:14:43","slug":"tristes-y-apachurrados-priistas-conmemoran-su-90-aniversario","status":"publish","type":"post","link":"https:\/\/www.diarioimagen.net\/?p=417890","title":{"rendered":"Tristes y apachurrados pri\u00edstas conmemoran su 90 aniversario"},"content":{"rendered":"<h2>La Retaguardia<\/h2>\n<h5>Adriana Moreno Cordero<\/h5>\n<ul>\n<li><strong><em>\u00bfPodr\u00e1 el tricolor resurgir de sus cenizas?<\/em><\/strong><\/li>\n<\/ul>\n<p>&nbsp;<\/p>\n<p>Muy tristes y apachurrados conmemoraron los del PRI su 90 aniversario. Ni sombra queda de aquellos tiempos en el que el Revolucionario Institucional lleg\u00f3 a ser \u201cel partidazo\u201d y candidato que emerg\u00eda de sus filas, era el que iba a ganar, pues no hab\u00eda ning\u00fan obst\u00e1culo que se le pudiera poner enfrente.<\/p>\n<p>Setenta a\u00f1os permanecieron en el poder y cuando lo perdieron, el PRI no supo c\u00f3mo convertirse en oposici\u00f3n y ahora, el resultado est\u00e1 a la vista pues, por ejemplo, en el Congreso de la Uni\u00f3n est\u00e1n m\u00e1s que mermadas sus respectivas bancadas.<\/p>\n<p>Eso s\u00ed, el Revolucionario Institucional lleg\u00f3 a su aniversario en medio de una disputa interna por la dirigencia que tendr\u00e1 que quedar definida en el mes de agosto y a\u00fan con todos los \u201cachaques\u201d que sufre ese instituto pol\u00edtico, son varios los \u201ctiradores\u201d para suceder a Claudia Ruiz Massieu en el CEN del tricolor y eso ha derivado en un conflicto interno.<\/p>\n<p>Un ejemplo de lo anterior se manifest\u00f3 justo el d\u00eda del cumplea\u00f1os de quien fuera candidato presidencial de ese partido, <strong>Jos\u00e9 Antonio Meade<\/strong>.<\/p>\n<p>En medio de la taquiza de ese d\u00eda, mucho se coment\u00f3 que la tecnocracia encabezada por el propio Meade y el ex secretario de Hacienda, Luis Videgaray,\u00a0 busca ahora imponer dirigencia en el PRI. \u00bfSer\u00e1?<\/p>\n<p>Ayer, los tricolores hicieron un intento de \u201ccelebraci\u00f3n\u201d en uno de los salones de la otrora poderosa sede partidista, el auditorio \u201cPlutarco El\u00edas Calles\u201d, a donde llegaron, -medio apagadones, por cierto-, quienes aspiran a la dirigencia del Comit\u00e9 Ejecutivo Nacional: el gobernador de Campeche, <strong>Alejandro Moreno C\u00e1rdenas<\/strong>; la ex gobernadora de Yucat\u00e1n, <strong>Ivonne Ortega<\/strong> y el ex rector de la UNAM, <strong>Jos\u00e9 Narro<\/strong>, quien confes\u00f3 que para ir en b\u00fasqueda de su objetivo, le cost\u00f3 trabajo dejar la docencia, pero conf\u00eda en que el PRI tiene remedio.<\/p>\n<p>Las \u201cbufaladas\u201d del pasado, tambi\u00e9n quedaron atr\u00e1s y la asistencia fue muy floja, a\u00fan con todo el secretario general del CEN tricolor, <strong>Arturo Zamora,<\/strong> habl\u00f3 sobre una posible refundaci\u00f3n del Revolucionario Institucional, que no implicar\u00eda cambio de nombre, porque se necesita enfrentar dif\u00edciles procesos de elecciones intermedias.<\/p>\n<p>\u00bfPodr\u00e1 el PRI resurgir de sus cenizas?, sobre todo ahora que ese instituto pol\u00edtico est\u00e1 perdido en el escenario electoral<\/p>\n<p style=\"text-align: center;\"><strong>Municiones<\/strong><\/p>\n<p>*** Resulta que el\u00a0PRD, por medio de <strong>Camerino M\u00e1rquez<\/strong>,\u00a0 present\u00f3\u00a0una\u00a0denuncia ante\u00a0la Fiscal\u00eda Especializada en Atenci\u00f3n a Delitos Electorales (Fepade), ni m\u00e1s ni menos que en contra del secretario de\u00a0Turismo,<strong>\u00a0Miguel Torruco, <\/strong>porque presuntamente habr\u00eda utilizado recursos p\u00fablicos<strong>\u00a0<\/strong>con fines de\u00a0propaganda<strong>\u00a0<\/strong>electoral a favor de\u00a0<strong>Morena<\/strong>, (\u00a1qu\u00e9 raro!).<\/p>\n<p>Esto, por el spot\u00a0difundido en la presentaci\u00f3n de la\u00a0Estrategia Nacional de Turismo<strong>. <\/strong><\/p>\n<p><strong>*** <\/strong>El presidente del Senado de la Rep\u00fablica, Mart\u00ed Batres, hizo un llamado a los Congresos estatales para que aprueben lo antes posible la reforma constitucional que crea la Guardia Nacional.\u00a0 Para ello, Batres Guadarrama se reuni\u00f3 con los presidentes de los Congresos locales, donde destac\u00f3 que la Guardia Nacional ya fue aprobada por los congresos de Chiapas, Campeche, Guerrero y Tabasco y cabe la posibilidad, estim\u00f3, que esta misma semana se avale en la mayor\u00eda de los congresos locales.<\/p>\n<p>*** Otro que \u201cecha las campanas al vuelo\u201d de manera por dem\u00e1s optimista, igual que su jefe, es el vocero del presidente, <strong>Jes\u00fas Ram\u00edrez Cuevas<\/strong>, quien la v\u00edspera de que AMLO celebre \u201ccon bombo y platillo\u201d sus primeros 100 d\u00edas de gobierno,\u00a0 -per\u00edodo al que llegar\u00e1 con 78% de apoyo-, asegura que tiene una evaluaci\u00f3n positiva \u201cporque hay un gobierno que est\u00e1 cambiando la relaci\u00f3n entre gobernantes y gobernados\u201d.<\/p>\n<p>Agreg\u00f3 que las ya acostumbradas conferencias ma\u00f1aneras se han convertido en una forma en la que el Presidente da cuenta de sus acciones de gobierno.<\/p>\n<p>*** Bueno, en medio de tanto optimismo, la \u201cpiedra en el zapato\u201d es la reducci\u00f3n de recursos a las estancias infantiles y a las mujeres violentadas.<\/p>\n<p>El presidente asegura que lo malinterpretan al respecto porque supuestamente la Segob se har\u00e1 cargo del tema, mientras que Ram\u00edrez Cuevas dijo que ahora la opci\u00f3n es entregar el dinero y que con eso, se construyen pol\u00edticas p\u00fablicas que son verificables y que antes se aplicaban de manera muy discrecional.<\/p>\n<p>En lo que para muchos ya es el colmo, el vocero del tabasque\u00f1o se\u00f1al\u00f3 que para estancias infantiles y mujeres v\u00edctimas de violencia, se otorgar\u00e1n los apoyos mediante una tarjeta \u201cy as\u00ed no se puede inducir a votar por nadie\u201d. Insisti\u00f3 Ram\u00edrez Cuevas que la ASF encontr\u00f3 diversas irregularidades en las estancias como por ejemplo, que de 330 mil ni\u00f1os registrados, de alrededor 84 mil no se puede comprobar su existencia (\u00bf?)<\/p>\n<p>Y sobre la calificadora S&amp;P, el vocero del tabasque\u00f1o se\u00f1al\u00f3 que la visi\u00f3n de la calificadora no es completa porque no entiende c\u00f3mo la llamada Cuarta Transformaci\u00f3n est\u00e1 aplicando los programas sociales, pues para eso hay padrones de beneficiarios que son totalmente verificables.<\/p>\n<p>*** Las encuestas se\u00f1alan que en Puebla, va a ganar Morena independientemente de quien sea el candidato, que por lo visto, ser\u00e1 el senador <strong>Alejandro Armenta<\/strong>, ante el coraje \u201centripado\u201d de <strong>Luis Miguel Barbosa<\/strong>.<\/p>\n<p>El problema es que al PAN le peg\u00f3 much\u00edsimo la muerte de la gobernadora <strong>Martha Erika Alonso<\/strong> y el senador Rafael Moreno Valle, el enfrentamiento con los morenistas ha sido muy fuerte, sin embargo, en Acci\u00f3n Nacional son tres los candidatos que podr\u00edan dar algo de pelea ante la \u201caplanadora\u201d morenista: <strong>Guillermo Vel\u00e1zquez<\/strong>, conocido \u201cmorenovallista\u201d, procedente del panismo poblano m\u00e1s tradicional; la ex diputada federal <strong>Blanca Jim\u00e9nez<\/strong> y el ex senador Francisco Fraile Garc\u00eda, quien en las elecciones del 2004 compiti\u00f3 por la gubernatura del estado, pero perdi\u00f3 frente al se\u00f1alado pri\u00edsta <strong>Mario Mar\u00edn<\/strong>, mejor conocido como \u201cel gober precioso\u201d que para sorpresa de propios y extra\u00f1os, quiere regresar a la pol\u00edtica. \u00a1Qu\u00e9 tal!<\/p>\n<p>*** Ser\u00e1 el jueves cuando los senadores elijan a la nueva ministra de la Suprema Corte de Justicia de la Naci\u00f3n, no obstante, en el Senado de la Rep\u00fablica ya est\u00e1 muy \u201ccantado\u201d que ser\u00e1 <strong>Yazm\u00edn Ezquivel<\/strong>, con todo y que en un tono duro, se justific\u00f3 ante los legisladores diciendo que hace ya muchos a\u00f1os se desarrolla en el \u00e1mbito p\u00fablico y jur\u00eddico, \u201cme he hecho por m\u00ed misma no soy la esposa de\u2026\u201d, y todos los presentes pensaron en el constructor consentido de AMLO, <strong>Jos\u00e9 Mar\u00eda Riobo\u00f3<\/strong>, con quien se cas\u00f3 hace siete a\u00f1os; el caso es que si el empresario tuviera alg\u00fan asunto en la SCJN, que hasta el momento, nunca lo ha tenido, Ezquivel dijo que de inmediato se disculpar\u00eda, \u00bfdeveras? Por su parte, la magistrada <strong>Celia Maya<\/strong> prometi\u00f3 total independencia del presidente, \u201cmis 40 a\u00f1os de impartidora de justica en los que se me reconoce como una persona realmente independiente\u201d.<\/p>\n<p><a href=\"mailto:morcora@gmail.com\" target=\"_blank\" rel=\"noopener noreferrer\"><em>morcora@gmail.com<\/em><\/a><\/p>\n","protected":false},"excerpt":{"rendered":"<p><span style=\"color: #005497;\"><strong>Adriana Moreno Cordero<\/strong><\/span><\/p>\n","protected":false},"author":3,"featured_media":0,"comment_status":"open","ping_status":"open","sticky":false,"template":"","format":"standard","meta":{"_monsterinsights_skip_tracking":false,"_monsterinsights_sitenote_active":false,"_monsterinsights_sitenote_note":"","_monsterinsights_sitenote_category":0,"footnotes":""},"categories":[69370],"tags":[69369,69368,43674],"class_list":["post-417890","post","type-post","status-publish","format-standard","hentry","category-adriana-moreno-cordero","tag-adriana-moreno-cordero","tag-la-retaguardia","tag-opinion"],"_links":{"self":[{"href":"https:\/\/www.diarioimagen.net\/index.php?rest_route=\/wp\/v2\/posts\/417890","targetHints":{"allow":["GET"]}}],"collection":[{"href":"https:\/\/www.diarioimagen.net\/index.php?rest_route=\/wp\/v2\/posts"}],"about":[{"href":"https:\/\/www.diarioimagen.net\/index.php?rest_route=\/wp\/v2\/types\/post"}],"author":[{"embeddable":true,"href":"https:\/\/www.diarioimagen.net\/index.php?rest_route=\/wp\/v2\/users\/3"}],"replies":[{"embeddable":true,"href":"https:\/\/www.diarioimagen.net\/index.php?rest_route=%2Fwp%2Fv2%2Fcomments&post=417890"}],"version-history":[{"count":0,"href":"https:\/\/www.diarioimagen.net\/index.php?rest_route=\/wp\/v2\/posts\/417890\/revisions"}],"wp:attachment":[{"href":"https:\/\/www.diarioimagen.net\/index.php?rest_route=%2Fwp%2Fv2%2Fmedia&parent=417890"}],"wp:term":[{"taxonomy":"category","embeddable":true,"href":"https:\/\/www.diarioimagen.net\/index.php?rest_route=%2Fwp%2Fv2%2Fcategories&post=417890"},{"taxonomy":"post_tag","embeddable":true,"href":"https:\/\/www.diarioimagen.net\/index.php?rest_route=%2Fwp%2Fv2%2Ftags&post=417890"}],"curies":[{"name":"wp","href":"https:\/\/api.w.org\/{rel}","templated":true}]}}