{"id":417894,"date":"2019-03-05T00:02:11","date_gmt":"2019-03-05T06:02:11","guid":{"rendered":"https:\/\/www.diarioimagen.net\/?p=417894"},"modified":"2019-03-05T01:11:42","modified_gmt":"2019-03-05T07:11:42","slug":"maquio","status":"publish","type":"post","link":"https:\/\/www.diarioimagen.net\/?p=417894","title":{"rendered":"<em>Maqu\u00edo<\/em>"},"content":{"rendered":"<h2>De pe a pa<\/h2>\n<h5>Alberto Vieyra G.<\/h5>\n<p>&nbsp;<\/p>\n<p>El 1 de septiembre de 1982, durante su \u00faltimo informe de gobierno, el presidente Jos\u00e9 L\u00f3pez Portillo anunci\u00f3 la nacionalizaci\u00f3n de la banca, asunto que puso como agua para chocolate a los empresarios. En verdad, los hombres del dinero estaban furiosos. Por ello, el PAN lanzar\u00eda en 1988 como candidato presidencial a Manuel de Jes\u00fas Clouthier del Rinc\u00f3n, l\u00edder empresarial sinaloense, quien se propuso quitarle la hegemon\u00eda pol\u00edtica al PRI, que jugaba por aqu\u00e9l entonces con todas las canicas en el gran poder pol\u00edtico de M\u00e9xico.<\/p>\n<p>A principios de febrero de 1988, este \u00e1tomo de la comunicaci\u00f3n entrevistar\u00eda a \u201cMaqu\u00edo\u201d en su peque\u00f1a oficina de la colonia Ju\u00e1rez, muy cerca del Metro Cuauht\u00e9moc, donde a\u00fan molesto me har\u00eda aquella c\u00e9lebre declaraci\u00f3n que marcar\u00eda un antes y un despu\u00e9s del empresariado mexicano:<\/p>\n<p>\u201cMire mi amigo, L\u00f3pez Portillo no sabe ni lo que hizo con la nacionalizaci\u00f3n de la banca. Hasta entonces, los empresarios de M\u00e9xico est\u00e1bamos plenamente dedicados a generar riqueza de la mano con los trabajadores, pero ese error hist\u00f3rico para que los empresarios busquemos ahora el poder pol\u00edtico. Ahora, el gobierno le tendr\u00e1 que abrir a la democracia o la abrimos a <em>chingadazos<\/em>. As\u00ed es que Colosio y el PRI, tienen que abrirle, porque si no M\u00e9xico arde\u201d.<\/p>\n<p>Ciertamente, la declaraci\u00f3n de Manuel J. Clouthier era incendiaria. Poco antes de las elecciones presidenciales del 6 de julio de 1988 se dar\u00eda a la tarea de tomar estaciones de radio y televisi\u00f3n en Michoac\u00e1n, Jalisco, Guanajuato, Yucat\u00e1n, Veracruz y otras entidades de la Rep\u00fablica, para que la prensa electr\u00f3nica y escrita se abriera de manera plural y dejara de estar al servicio del PRI. Su lucha por la democracia ser\u00eda ciertamente hist\u00f3rica.<\/p>\n<p>En las elecciones presidenciales de ese a\u00f1o, el actual titular de la CFE, Manuel Bartlett, tirar\u00eda el sistema de c\u00f3mputo electoral de la entonces Comisi\u00f3n Federal Electoral, haciendo que un velo de misterio cayera sobre esos comicios que arrojaban carretadas de votos en favor de Cuauht\u00e9moc C\u00e1rdenas, en primer lugar, del \u201cMaqu\u00edo\u201d en segundo lugar y Carlos Salinas, en tercer lugar. Para legitimarse en la silla presidencial trabar\u00eda alianzas con la Iglesia cat\u00f3lica, el PAN y los empresarios m\u00e1s siniestros. All\u00ed fue donde <em>la puerca torci\u00f3 el rabo,<\/em> porque los empresarios que ya ten\u00edan el poder econ\u00f3mico, ahora estar\u00edan en el poder pol\u00edtico.<\/p>\n<p>Sin el activismo pol\u00edtico de \u201cMaqu\u00edo\u201d, el PAN j\u00e1mas habr\u00eda llegado a la Presidencia de la Rep\u00fablica y quiz\u00e1 tampoco se habr\u00eda producido el pluralismo pol\u00edtico que hoy vive la naci\u00f3n azteca. Sus aportes a la democracia son ciertamente hist\u00f3ricos. Sospechosamente, \u201cMaqu\u00edo\u201d morir\u00eda en un accidente carretero en su natal Sinaloa el 1 de octubre de 1989.<\/p>\n<p>\u00bfPor qu\u00e9 hago historia?<\/p>\n<p>Mire usted, la semana pasada, el hijo de \u201cMaqu\u00edo\u201d tambi\u00e9n de nombre Manuel Clouthier, anunci\u00f3 su retiro de la vida pol\u00edtica nacional, tras su derrota propinada por el efecto L\u00f3pez Obrador en las elecciones presidenciales del a\u00f1o pasado. Antes de ello, Manuel Clouthier se convertir\u00eda en el primer diputado federal por la v\u00eda independiente.<\/p>\n<p>\u00bfSi la hermana de Manuel Clouthier, Tatiana Clouthier, fue la coordinadora electoral de AMLO y hoy es flamante diputada por Morena y uno de los personajes con mayor influencia sobre el llamado <em>dios de Macuspana<\/em> porque su hermano se retira a la vida privada, en lugar de vivir c\u00f3modamente de nuestros dineros p\u00fablicos? Simplemente, porque ambos piensan diferente. Y Manuel no comulga con el populismo rampl\u00f3n ni la simulaci\u00f3n pol\u00edtica de AMLO.<\/p>\n<p>As\u00ed que, el hijo de \u201cMaqu\u00edo\u201d muy sabio de la filosof\u00eda popular, entendi\u00f3 que <em>zapatero a sus zapatos,<\/em> generando riqueza en sus empresas y con sus trabajadores.<\/p>\n<p>\u00a1Suerte a don Manuel! Y pues como dicen los rancheros all\u00e1 en mi tierra: \u201cEntre menos burros m\u00e1s olotes!<\/p>\n<p><em><a href=\"mailto:info@agenciamn.com\" target=\"_blank\" rel=\"noopener noreferrer\">info@agenciamn.com<\/a><\/em><\/p>\n","protected":false},"excerpt":{"rendered":"<p><span style=\"color: #005497;\"><strong>Alberto Vieyra G.<\/strong><\/span><\/p>\n","protected":false},"author":3,"featured_media":0,"comment_status":"open","ping_status":"open","sticky":false,"template":"","format":"standard","meta":{"_monsterinsights_skip_tracking":false,"_monsterinsights_sitenote_active":false,"_monsterinsights_sitenote_note":"","_monsterinsights_sitenote_category":0,"footnotes":""},"categories":[4596],"tags":[43697,4597,43674],"class_list":["post-417894","post","type-post","status-publish","format-standard","hentry","category-alberto-vieyra-g","tag-alberto-vieyra-g","tag-de-pe-a-pa","tag-opinion"],"_links":{"self":[{"href":"https:\/\/www.diarioimagen.net\/index.php?rest_route=\/wp\/v2\/posts\/417894","targetHints":{"allow":["GET"]}}],"collection":[{"href":"https:\/\/www.diarioimagen.net\/index.php?rest_route=\/wp\/v2\/posts"}],"about":[{"href":"https:\/\/www.diarioimagen.net\/index.php?rest_route=\/wp\/v2\/types\/post"}],"author":[{"embeddable":true,"href":"https:\/\/www.diarioimagen.net\/index.php?rest_route=\/wp\/v2\/users\/3"}],"replies":[{"embeddable":true,"href":"https:\/\/www.diarioimagen.net\/index.php?rest_route=%2Fwp%2Fv2%2Fcomments&post=417894"}],"version-history":[{"count":0,"href":"https:\/\/www.diarioimagen.net\/index.php?rest_route=\/wp\/v2\/posts\/417894\/revisions"}],"wp:attachment":[{"href":"https:\/\/www.diarioimagen.net\/index.php?rest_route=%2Fwp%2Fv2%2Fmedia&parent=417894"}],"wp:term":[{"taxonomy":"category","embeddable":true,"href":"https:\/\/www.diarioimagen.net\/index.php?rest_route=%2Fwp%2Fv2%2Fcategories&post=417894"},{"taxonomy":"post_tag","embeddable":true,"href":"https:\/\/www.diarioimagen.net\/index.php?rest_route=%2Fwp%2Fv2%2Ftags&post=417894"}],"curies":[{"name":"wp","href":"https:\/\/api.w.org\/{rel}","templated":true}]}}