{"id":417898,"date":"2019-03-05T00:03:44","date_gmt":"2019-03-05T06:03:44","guid":{"rendered":"https:\/\/www.diarioimagen.net\/?p=417898"},"modified":"2019-03-05T01:15:01","modified_gmt":"2019-03-05T07:15:01","slug":"trabajo-peligroso","status":"publish","type":"post","link":"https:\/\/www.diarioimagen.net\/?p=417898","title":{"rendered":"Trabajo peligroso"},"content":{"rendered":"<h2>Folclor urbano<\/h2>\n<h5>Salvador Estrada<\/h5>\n<p>&nbsp;<\/p>\n<p>Uno de los trabajos m\u00e1s peligrosos que existen en M\u00e9xico es el de los conductores de tr\u00e1iler, que al chocar o volcar en las carreteras nacionales ponen en riesgo su vida y afectan la econom\u00eda de los propietarios de esos veh\u00edculos, por las p\u00e9rdidas de los productos que transportan y por \u00a0el da\u00f1o de las unidades al accidentarse.<\/p>\n<p>El Instituto Mexicano del Transporte da a conocer que al a\u00f1o suceden 19 mil accidentes de todo tipo en las carreteras del pa\u00eds \u00a0(Toluca, Quer\u00e9taro, Veracruz) \u00a0aunque no informa de las p\u00e9rdidas, que deben ser cuantiosas, por lo cual se debe trabajar en aspectos que reduzcan los accidentes, dice el Instituto.<\/p>\n<p>Los \u00a0tr\u00e1ileros \u00a0sufren accidentes porque corren m\u00e1s all\u00e1 de la velocidad permitida para sus veh\u00edculos y traen remolque para aumentar la carga y en las curvas les gana el peso y no pueden controlar la unidad por lo cual \u00a0se accidentan.<\/p>\n<p>A veces \u201cno agarran los frenos\u201d<\/p>\n<p>Adem\u00e1s de este peligro que muchas veces los lleva a perder la vida, los conductores pueden chocar con autos o camiones y la desgracia aumenta con heridos o \u00a0muertos.<\/p>\n<p>El Instituto demanda una organizaci\u00f3n adecuada de los horarios porque generalmente conducen de noche y pide cumplir con tiempos de descanso y reducir el agotamiento de los conductores.<\/p>\n<p>Para \u00a0bajar el n\u00famero de accidentes la Secretar\u00eda de Comunicaciones y Transportes \u00a0a trav\u00e9s de Caminos y Puentes Federales de Ingresos, debe revisar las carreteras y evitar curvas sinuosas y colocar letreros en el camino donde se\u00f1alen reducir la velocidad y colocar topes.\u00a0 No obstante el peligro que tienen a lo largo de su camino los tr\u00e1ileros se enfrentan a los asaltos, por bandas organizadas, que los paran en la carretera y amenazados de muerte los bajan del tr\u00e1iler, se llevan la unidad, y los dejan abandonados.<\/p>\n<p>Las p\u00e9rdidas por el costo de la unidad y su carga son millonarias, el producto es vendido en los tianguis, y el veh\u00edculo desaparece,<\/p>\n<p>Y aunque usted no lo crea, cuando se vuelca un tr\u00e1iler o tracto cami\u00f3n, los habitantes de los poblados aleda\u00f1os en vez de proporcionar ayuda, seg\u00fan la mercanc\u00eda, se lanzan a la rapi\u00f1a y se llevan a su casa lo que puedan cargar en ese momento.<\/p>\n<p>Se han registrado casos donde han sido saqueados tr\u00e1ilers que transportaban electrodom\u00e9sticos, que luego venden en los mercados a precios de ganga, y otros en donde se roban el ma\u00edz y el frijol o el arroz y el az\u00facar.<\/p>\n<p>Pero el colmo de los saqueadores fue hace poco cuando un tracto cami\u00f3n se volc\u00f3 en Zacatecas donde se puso de manifiesto que los rateros son buenos \u201cpara las chelas\u201d porque el tr\u00e1iler llevaba cervezas enlatadas \u00a0y aunque fueran al tiempo cargaron con todas \u201cpara la fiesta del pueblo o del santo patrono\u201d.<\/p>\n<p>Y \u00a0la primera vez que respetaron la carga de un tr\u00e1iler fue cuando llegaron a la volcadura del veh\u00edculo, pero corrieron a sus casas con las manos vac\u00edas: el tracto cami\u00f3n transportaba \u00a1libros\u00a1<\/p>\n<p><em><a href=\"mailto:chavasec@yahoo.com.mx\" target=\"_blank\" rel=\"noopener noreferrer\">chavasec@yahoo.com.mx<\/a><\/em><\/p>\n","protected":false},"excerpt":{"rendered":"<p><span style=\"color: #005497;\"><strong>Salvador Estrada<\/strong><\/span><\/p>\n","protected":false},"author":3,"featured_media":0,"comment_status":"open","ping_status":"open","sticky":false,"template":"","format":"standard","meta":{"_monsterinsights_skip_tracking":false,"_monsterinsights_sitenote_active":false,"_monsterinsights_sitenote_note":"","_monsterinsights_sitenote_category":0,"footnotes":""},"categories":[41601],"tags":[41599,43674,41600],"class_list":["post-417898","post","type-post","status-publish","format-standard","hentry","category-salvador-estrada-opinion","tag-folclor-urbano","tag-opinion","tag-salvador-estrada"],"_links":{"self":[{"href":"https:\/\/www.diarioimagen.net\/index.php?rest_route=\/wp\/v2\/posts\/417898","targetHints":{"allow":["GET"]}}],"collection":[{"href":"https:\/\/www.diarioimagen.net\/index.php?rest_route=\/wp\/v2\/posts"}],"about":[{"href":"https:\/\/www.diarioimagen.net\/index.php?rest_route=\/wp\/v2\/types\/post"}],"author":[{"embeddable":true,"href":"https:\/\/www.diarioimagen.net\/index.php?rest_route=\/wp\/v2\/users\/3"}],"replies":[{"embeddable":true,"href":"https:\/\/www.diarioimagen.net\/index.php?rest_route=%2Fwp%2Fv2%2Fcomments&post=417898"}],"version-history":[{"count":0,"href":"https:\/\/www.diarioimagen.net\/index.php?rest_route=\/wp\/v2\/posts\/417898\/revisions"}],"wp:attachment":[{"href":"https:\/\/www.diarioimagen.net\/index.php?rest_route=%2Fwp%2Fv2%2Fmedia&parent=417898"}],"wp:term":[{"taxonomy":"category","embeddable":true,"href":"https:\/\/www.diarioimagen.net\/index.php?rest_route=%2Fwp%2Fv2%2Fcategories&post=417898"},{"taxonomy":"post_tag","embeddable":true,"href":"https:\/\/www.diarioimagen.net\/index.php?rest_route=%2Fwp%2Fv2%2Ftags&post=417898"}],"curies":[{"name":"wp","href":"https:\/\/api.w.org\/{rel}","templated":true}]}}