{"id":417900,"date":"2019-03-05T00:04:18","date_gmt":"2019-03-05T06:04:18","guid":{"rendered":"https:\/\/www.diarioimagen.net\/?p=417900"},"modified":"2019-03-05T01:16:42","modified_gmt":"2019-03-05T07:16:42","slug":"tres-tristes-tigres","status":"publish","type":"post","link":"https:\/\/www.diarioimagen.net\/?p=417900","title":{"rendered":"Tres tristes \u00bftigres?"},"content":{"rendered":"<h2>Espacio Electoral<\/h2>\n<h5>Eleazar Flores<\/h5>\n<p>&nbsp;<\/p>\n<p><strong>CASI INDIFERENCIA.-<\/strong> Con poca presencia medi\u00e1tica -b\u00e1sica rayando en indiferente-, pas\u00f3 ayer el noventa aniversario del PRI, en el que la presidenta Claudia Ruiz Massieu luci\u00f3 vestimenta negra, seguramente como premonici\u00f3n de lo que les espera en las tres elecciones locales pr\u00f3ximas.<\/p>\n<p>Y sin m\u00e1s apoyos informativos que la rumorolog\u00eda, siguen apuntados tres aspirantes a la presidencia tricolor: Jos\u00e9 Narro Robles, Alejandro Moreno C\u00e1rdenas e Ivonne Ortega Pacheco.<\/p>\n<p>Si los grados acad\u00e9micos contaran, el doctor Jos\u00e9 Narro Robles se llevar\u00eda de calle a los otros dos aspirantes juntos, pues su solidez se evidencia como rector de la UNAM y con especialidad en la prestigiada Universidad de Bimingham en el Reino Unido, adem\u00e1s de su eficiencia en el servicio p\u00fablico como titular de la Secretar\u00eda de Salud.<\/p>\n<p>La \u00fanica mujer que ha levantado la mano para competir por la presidencia nacional del PRI es la yucateca Ivonne Ortega Pacheco, que a sus 47 a\u00f1os ha sido casi todo en puestos de elecci\u00f3n en su municipio y estado, en cargos como alcaldesa, diputada, senadora y gobernadora, con buenos \u00edndices de calificaci\u00f3n, adem\u00e1s de secretar\u00eda general del PRI nacional.<\/p>\n<p>En este momento cr\u00edtico del tricolor, el representante de la renovaci\u00f3n, innovaci\u00f3n o como le quiera llamar usted, el m\u00e1s joven de los aspirantes a la presidencia del PRI es el gobernador de Campeche, Alejandro Moreno C\u00e1rdenas, que a sus 44 a\u00f1os tambi\u00e9n ha sido casi todo, dirigente municipal, estatal y nacional del PRI juvenil y de los mayores, tambi\u00e9n con buenas calificaciones.<\/p>\n<p>A sus 71 a\u00f1os de edad, el prestigiado Jos\u00e9 Narro Robles no tiene ning\u00fan regateo de la comunidad cient\u00edfica y acad\u00e9mica, pero la duda es que si en estos momentos, el PRI, tan urgido de recuperaci\u00f3n electoral y clientelar requiera de un dirigente as\u00ed, o mejor dicho, si los pri\u00edstas de a pie vean con buenos ojos a un destacado universitario del pa\u00eds. Prestigio le sobra.<\/p>\n<p>No se olvida la sospechosa declinaci\u00f3n de Ivonne Ortega en favor de Jos\u00e9 Antonio Meade para la candidatura presidencial hace aproximadamente un a\u00f1o, cuando d\u00edas antes pregonaba que luchar\u00eda hasta el final por dicha investidura. Ni cuando Meade fue a Yucat\u00e1n en campa\u00f1a se le vio a Ivonne en los primeros planos, lo que habla de una operaci\u00f3n cicatriz fallida o simulada.<\/p>\n<p>Inesperadamente, en el \u00faltimo mes Alejandro Moreno C\u00e1rdenas se empez\u00f3 a mover en busca de la presidencia nacional del PRI, al que conoce por dentro y por fuera, por arriba y por abajo, pero quienes conocen los s\u00f3tanos de los poderes f\u00e1cticos est\u00e1n seguros que alguien mueve esa cuna, \u00bfqui\u00e9n ser\u00e1?<\/p>\n<p>De Ulises y dem\u00e1s, mejor ni escribir.<\/p>\n<p><a href=\"mailto:elefa44@gmail.com\" target=\"_blank\" rel=\"noopener noreferrer\"><em>elefa44@gmail.com<\/em><\/a><\/p>\n","protected":false},"excerpt":{"rendered":"<p><span style=\"color: #005497;\"><strong>Eleazar Flores<\/strong><\/span><\/p>\n","protected":false},"author":3,"featured_media":0,"comment_status":"open","ping_status":"open","sticky":false,"template":"","format":"standard","meta":{"_monsterinsights_skip_tracking":false,"_monsterinsights_sitenote_active":false,"_monsterinsights_sitenote_note":"","_monsterinsights_sitenote_category":0,"footnotes":""},"categories":[81743],"tags":[81744,81776,43674],"class_list":["post-417900","post","type-post","status-publish","format-standard","hentry","category-eleazar-flores","tag-eleazar-flores","tag-espacio-electoral","tag-opinion"],"_links":{"self":[{"href":"https:\/\/www.diarioimagen.net\/index.php?rest_route=\/wp\/v2\/posts\/417900","targetHints":{"allow":["GET"]}}],"collection":[{"href":"https:\/\/www.diarioimagen.net\/index.php?rest_route=\/wp\/v2\/posts"}],"about":[{"href":"https:\/\/www.diarioimagen.net\/index.php?rest_route=\/wp\/v2\/types\/post"}],"author":[{"embeddable":true,"href":"https:\/\/www.diarioimagen.net\/index.php?rest_route=\/wp\/v2\/users\/3"}],"replies":[{"embeddable":true,"href":"https:\/\/www.diarioimagen.net\/index.php?rest_route=%2Fwp%2Fv2%2Fcomments&post=417900"}],"version-history":[{"count":0,"href":"https:\/\/www.diarioimagen.net\/index.php?rest_route=\/wp\/v2\/posts\/417900\/revisions"}],"wp:attachment":[{"href":"https:\/\/www.diarioimagen.net\/index.php?rest_route=%2Fwp%2Fv2%2Fmedia&parent=417900"}],"wp:term":[{"taxonomy":"category","embeddable":true,"href":"https:\/\/www.diarioimagen.net\/index.php?rest_route=%2Fwp%2Fv2%2Fcategories&post=417900"},{"taxonomy":"post_tag","embeddable":true,"href":"https:\/\/www.diarioimagen.net\/index.php?rest_route=%2Fwp%2Fv2%2Ftags&post=417900"}],"curies":[{"name":"wp","href":"https:\/\/api.w.org\/{rel}","templated":true}]}}