{"id":417915,"date":"2019-03-05T00:10:58","date_gmt":"2019-03-05T06:10:58","guid":{"rendered":"https:\/\/www.diarioimagen.net\/?p=417915"},"modified":"2019-03-05T08:25:55","modified_gmt":"2019-03-05T14:25:55","slug":"el-tratado-de-bucareli-se-acabo-la-prohibicion-yanqui","status":"publish","type":"post","link":"https:\/\/www.diarioimagen.net\/?p=417915","title":{"rendered":"El Tratado de Bucareli. Se acab\u00f3 la prohibici\u00f3n yanqui"},"content":{"rendered":"<h2>\u00cdndice pol\u00edtico<\/h2>\n<h5>Francisco Rodr\u00edguez<\/h5>\n<p>&nbsp;<\/p>\n<div id=\"attachment_417985\" style=\"width: 470px\" class=\"wp-caption aligncenter\"><a href=\"https:\/\/www.diarioimagen.net\/?attachment_id=417985\" rel=\"attachment wp-att-417985\"><img loading=\"lazy\" decoding=\"async\" aria-describedby=\"caption-attachment-417985\" class=\"size-large wp-image-417985\" src=\"https:\/\/www.diarioimagen.net\/wp-content\/uploads\/2019\/03\/dictadura-burlada-MARAL-460x345.jpg\" alt=\"\" width=\"460\" height=\"345\" srcset=\"https:\/\/www.diarioimagen.net\/wp-content\/uploads\/2019\/03\/dictadura-burlada-MARAL-460x345.jpg 460w, https:\/\/www.diarioimagen.net\/wp-content\/uploads\/2019\/03\/dictadura-burlada-MARAL-240x180.jpg 240w, https:\/\/www.diarioimagen.net\/wp-content\/uploads\/2019\/03\/dictadura-burlada-MARAL-768x575.jpg 768w, https:\/\/www.diarioimagen.net\/wp-content\/uploads\/2019\/03\/dictadura-burlada-MARAL.jpg 1200w\" sizes=\"auto, (max-width: 460px) 100vw, 460px\" \/><\/a><p id=\"caption-attachment-417985\" class=\"wp-caption-text\">Dictadura burlada&#8230; | Maral<\/p><\/div>\n<p>&nbsp;<\/p>\n<p>Cuando, en 1973, caducaron las obligaciones que impuso a M\u00e9xico el ominoso\u00a0<u>Tratado de Bucareli<\/u>, se acabaron las restricciones impuestas por los gabachos para el despegue y la industrializaci\u00f3n nacional. Fueron cincuenta a\u00f1os de un bloqueo sistem\u00e1tico al desarrollo y a la competitividad internacional.<\/p>\n<p>En 1973, el sistema pol\u00edtico quiso reaccionar ante la oportunidad que por primera vez se presentaba al pa\u00eds de cortar los cordones umbilicales con la dependencia estructural estadounidense. Desafortunadamente, se busc\u00f3 por todos lados y no se encontr\u00f3 una pista de despegue para usarla como plataforma de la industrializaci\u00f3n nacional.<\/p>\n<p>Y aunque la gama de hidrocarburos de origen mineral, s\u00f3lido, l\u00edquido o gaseoso protegida por el art\u00edculo 27 Constitucional era y es absolutamente generosa en t\u00e9rminos de propiedad nacional, en aqu\u00e9l tiempo no ten\u00edamos ni la voluntad ni la posibilidad de desarrollar el pa\u00eds en base a los hidrocarburos.<\/p>\n<p>La miner\u00eda, el gas y, fundamentalmente, el petr\u00f3leo estaban comprometidos con el Imperio. Los enormes yacimientos petroleros hab\u00edan sido vedados al conocimiento local por las mismas obligaciones. Para la teor\u00eda oficial, \u00e9ramos y deb\u00edamos continuar como importadores natos de todo combustible. No hab\u00eda para d\u00f3nde hacerse.<\/p>\n<p>Cuando la veda fue levantada, se encontraban en el poder los gobiernos pri\u00edstas que para lo \u00fanico que usaron los yacimientos descubiertos por Rudesindo Cantarell en el Golfo de Campeche fue para derrochar las divisas en el pago de pesadas y car\u00edsimas burocracias, para seguir importando alimentos y art\u00edculos manufacturados y sanseacab\u00f3.<\/p>\n<p>El petr\u00f3leo en tierra firme se encontraba en paleocanales antidiluvianos profundos a los cuales, como en el caso de Chicontepec, no era posible ingresar por falta de maquinaria pesada que s\u00f3lo la ten\u00edan los rusos trabajando en Siberia. Y acercarse con los rusos era un problema que significaba un pecado mortal para los acomplejados gabachos.<\/p>\n<p>En concreto, no hab\u00eda una plataforma inicial sobre la cual sustentar un proceso independiente de industrializaci\u00f3n nacional. Todos los miembros del gabinete coincidieron en que no era el momento de iniciar. Pensaron entonces en la reconversi\u00f3n industrial, que result\u00f3 un garlito gringo de nueva dependencia sofisticada.<\/p>\n<p>Y, en efecto, los Tratados de Bucareli, firmados en 1923 en lo que actualmente es la Secretar\u00eda de Gobernaci\u00f3n obligaban al pa\u00eds a retrasar su crecimiento, seguir siendo un pa\u00eds pastoril, que para colmo jam\u00e1s deb\u00eda atreverse a competir con los art\u00edculos manufacturados en el gabacho. Toda una trampa. La mayor de nuestra historia en aqu\u00e9l tiempo.<\/p>\n<p>Para \u201creconocer\u201d al gobierno obregonista triunfante en la Revoluci\u00f3n, los Estados Unidos nos condicionaron en principio a la firma de un Tratado por el cual M\u00e9xico garantizaba los derechos de propiedad sin l\u00edmite a particulares extranjeros y a todas las compa\u00f1\u00edas petroleras gringas en nuestro pa\u00eds.<\/p>\n<p>Y no era para menos, pues el art\u00edculo 27 Constitucional, inspirado en la tradici\u00f3n latina, establec\u00eda la propiedad originaria de la Naci\u00f3n \u201cdesde el infierno hasta el cielo\u201d, es decir, que los bit\u00famenes, hidrocarburos, gases derivados, miner\u00eda preciosa eran nuestros desde el subsuelo hasta el espacio comprendido sobre el territorio nacional y sus mares.<\/p>\n<p>Por eso, el petr\u00f3leo nunca tuvo necesidad de ser expropiado. Siempre fue nuestro. Cuando lleg\u00f3 el momento, se expropiaron las instalaciones de las empresas inglesas y yanquis para la perforaci\u00f3n y la distribuci\u00f3n del producto. Pero con los Tratados de Bucareli los gabachos quer\u00edan que despu\u00e9s de 1923 no se aplicara la norma a ninguna de sus empresas.<\/p>\n<p>Y M\u00e9xico se engarz\u00f3 a la locomotora yanqui. Pero con un a\u00f1adido ominoso: se oblig\u00f3 a nuestro pa\u00eds a que durante cincuenta a\u00f1os no pudiera desarrollar lo que en esos momentos se conoc\u00edan como bienes pesados, y que hoy son, nada m\u00e1s y nada menos, los bienes de producci\u00f3n industriales.<\/p>\n<p>Por motivos econ\u00f3micos y geopol\u00edticos mezclados en los Tratados de Bucareli, nuestro pa\u00eds no pod\u00eda convertirse en una potencia agr\u00edcola, comercial o industrial, sin que amenazara sus rivales del Norte. S\u00f3lo ensamblamos lo que se produce lejos de nuestras fronteras. La venta de esa producci\u00f3n al extranjero s\u00f3lo beneficia a pocos bolsillos, complicitados con el poder pol\u00edtico. As\u00ed de f\u00e1cil.<\/p>\n<p>Sin embargo, un principio inalterable, vigente de derecho internacional, sigue siendo el que los derechos econ\u00f3micos, territoriales y culturales adquiridos en guerra de conquista o por tratados leoninos se pierden en la misma forma en que se adquirieron. Este principio no acepta salvedad ni prescripci\u00f3n alguna.<\/p>\n<p>Seguimos teniendo nuestros derechos de industrializaci\u00f3n y competencia a salvo, aunque los entreguistas se retuerzan. Aunque se invada cualquier inter\u00e9s ajeno al pueblo. Aunque tenga que voltearse el mundo al rev\u00e9s. M\u00e9xico se encuentra hoy, con un gobierno independiente, ante la oportunidad de su vida.<\/p>\n<p>Tenemos la base prima sobre la cual industrializarnos. Podemos llegar otra vez a la producci\u00f3n petrolera de m\u00e1s de 3 millones de barriles diarios, una vez que se quite de en medio a los caciques sindicales antipatri\u00f3ticos, y se cancelen los privilegios de explotaci\u00f3n y saqueo de nuestras materias primas en tierra, aguas someras y altamar.<\/p>\n<p>Recuperando la soberan\u00eda efectiva sobre los sectores industriales que comprende la amplia gama de hidrocarburos protegidos por la propiedad originaria constitucional, desde el petr\u00f3leo, la miner\u00eda, los insumos metal mec\u00e1nicos, la electricidad, el gas natural y los hidratos de metano no contaminantes, podemos hacer realidad la independencia tan esperada.<\/p>\n<p>Las verg\u00fcenzas causadas a la Naci\u00f3n por los ominosos Tratados de Bucareli, m\u00e1s los oprobios de la frustrada reforma energ\u00e9tica del salinismo &#8211; atlacomulquismo, pueden considerarse piedras pateadas del camino. Estamos ante la real posibilidad de despegar en serio, usando nuestras potencialidades.<\/p>\n<p>Es hora de pensar en serio. Es hora de reflexionar sobre la necesidad de lograr la estructuraci\u00f3n de un frente amplio, de un bloque obrero independiente en las industrias productoras y manufactureras de hidrocarburos, gases adyacentes y minerales para acabar de tajo con la dependencia estructural. Todo es cosa de decidirse, sin temor y sin complejos. Es la hora de la independencia nacional. Es la hora de aliviar a la patria de sus traidores. Es la hora de M\u00e9xico. \u00bfNo cree usted?<\/p>\n<p><strong><em>\u00cdndice Flam\u00edgero<\/em><\/strong><em>:<\/em> \u00a1Al ladr\u00f3n! \u00a1Al ladr\u00f3n! As\u00ed grita Ulises Ruiz, el ex gobernador pri\u00edsta de Oaxaca, al exigir que Enrique Pe\u00f1a Nieto sea expulsado de las pr\u00edstinas filas de lo que queda del nonagenario Partido Revolucionario Institucional. Tan pillo uno, como el otro\u2026 aunque en cantidad robada a los mexicanos gane el ex Presidente de la Rep\u00fablica quien, seg\u00fan la conseja popular, se propuso desde antes del inicio de su mandato acumular mil millones de d\u00f3lares mensuales y concluir el sexenio con 72 mil millones de verdes y ser, as\u00ed, \u201cm\u00e1s rico que Carlos Slim\u201d. Ruiz, quien por en\u00e9sima ocasi\u00f3n busca la dirigencia de los restos del tricolor, por su parte, no es ning\u00fan ejemplo de honestidad. Por el contrario. Uno de los \u00faltimos y recientes esc\u00e1ndalos en los que se vio envuelto, apenas en octubre del a\u00f1o anterior, fue el de la viralizaci\u00f3n de un video en el que se le observa a \u00e9l y a quien fuera su secretario de Educaci\u00f3n en la entidad, Abel Trejo Gonz\u00e1lez, quien entrega dos maletas con fajos de dinero a Ezequiel Rosales Carre\u00f1o, en ese momento secretario general de la Secci\u00f3n 22 de la Coordinadora Nacional de Trabajadores la Educaci\u00f3n (CNTE). La entrega del dinero, presumiblemente 100 millones de pesos, habr\u00eda ocurrido entre 2006 y 2007, los dos a\u00f1os en que hizo crisis la insurrecci\u00f3n popular liderada por la CNTE y la Asamblea Popular de los Pueblos de Oaxaca (APPO), para exigir la dimisi\u00f3n de Ruiz por la violenta y cruenta represi\u00f3n con que enfrent\u00f3 las protestas y que deriv\u00f3 en varios homicidios, entre ellos el del activista y comunicador estadounidense Brad Will, de los que se acus\u00f3 al ex gobernador oaxaque\u00f1o, a quien incluso la Corte atribuy\u00f3 graves violaciones a los derechos humanos. Adem\u00e1s, se ha se\u00f1alado el cuantioso enriquecimiento il\u00edcito de Ruiz, lo que le habr\u00eda permitido construir y operar un lujoso centro m\u00e9dico en el sur de la Ciudad de M\u00e9xico\u2026 entre otras rater\u00edas. +++ \u00bfFeliz 90 aniversario, PRI?<\/p>\n<p><em><u><a href=\"http:\/\/www.indicepolitico.com\" target=\"_blank\" rel=\"noopener noreferrer\">www.indicepolitico.com<\/a><br \/>\n<a href=\"mailto:pacorodriguez@journalist.com\" target=\"_blank\" rel=\"noopener noreferrer\">pacorodriguez@journalist.com<\/a><br \/>\n<a href=\"https:\/\/twitter.com\/pacorodriguez\" target=\"_blank\" rel=\"noopener noreferrer\">@pacorodriguez<\/a><\/u><\/em><\/p>\n","protected":false},"excerpt":{"rendered":"<p><span style=\"color: #005497;\"><strong>Francisco Rodr\u00edguez<\/strong><\/span><br \/>\n<br \/>\nCuando, en 1973, caducaron las obligaciones que impuso a M\u00e9xico el ominoso\u00a0Tratado de Bucareli, se acabaron las restricciones impuestas por los gabachos para el despegue y la industrializaci\u00f3n nacional. Fueron cincuenta a\u00f1os de un bloqueo sistem\u00e1tico al desarrollo y a la competitividad internacional.<\/p>\n","protected":false},"author":3,"featured_media":417985,"comment_status":"open","ping_status":"open","sticky":false,"template":"","format":"standard","meta":{"_monsterinsights_skip_tracking":false,"_monsterinsights_sitenote_active":false,"_monsterinsights_sitenote_note":"","_monsterinsights_sitenote_category":0,"footnotes":""},"categories":[549],"tags":[43689,550,43674],"class_list":["post-417915","post","type-post","status-publish","format-standard","has-post-thumbnail","hentry","category-francisco-rodriguez","tag-francisco-rodriguez","tag-indice-politico","tag-opinion"],"_links":{"self":[{"href":"https:\/\/www.diarioimagen.net\/index.php?rest_route=\/wp\/v2\/posts\/417915","targetHints":{"allow":["GET"]}}],"collection":[{"href":"https:\/\/www.diarioimagen.net\/index.php?rest_route=\/wp\/v2\/posts"}],"about":[{"href":"https:\/\/www.diarioimagen.net\/index.php?rest_route=\/wp\/v2\/types\/post"}],"author":[{"embeddable":true,"href":"https:\/\/www.diarioimagen.net\/index.php?rest_route=\/wp\/v2\/users\/3"}],"replies":[{"embeddable":true,"href":"https:\/\/www.diarioimagen.net\/index.php?rest_route=%2Fwp%2Fv2%2Fcomments&post=417915"}],"version-history":[{"count":0,"href":"https:\/\/www.diarioimagen.net\/index.php?rest_route=\/wp\/v2\/posts\/417915\/revisions"}],"wp:featuredmedia":[{"embeddable":true,"href":"https:\/\/www.diarioimagen.net\/index.php?rest_route=\/wp\/v2\/media\/417985"}],"wp:attachment":[{"href":"https:\/\/www.diarioimagen.net\/index.php?rest_route=%2Fwp%2Fv2%2Fmedia&parent=417915"}],"wp:term":[{"taxonomy":"category","embeddable":true,"href":"https:\/\/www.diarioimagen.net\/index.php?rest_route=%2Fwp%2Fv2%2Fcategories&post=417915"},{"taxonomy":"post_tag","embeddable":true,"href":"https:\/\/www.diarioimagen.net\/index.php?rest_route=%2Fwp%2Fv2%2Ftags&post=417915"}],"curies":[{"name":"wp","href":"https:\/\/api.w.org\/{rel}","templated":true}]}}