{"id":418071,"date":"2019-03-06T00:04:15","date_gmt":"2019-03-06T06:04:15","guid":{"rendered":"https:\/\/www.diarioimagen.net\/?p=418071"},"modified":"2019-03-06T02:19:22","modified_gmt":"2019-03-06T08:19:22","slug":"delfina-gomez-disciplinada","status":"publish","type":"post","link":"https:\/\/www.diarioimagen.net\/?p=418071","title":{"rendered":"Delfina G\u00f3mez, disciplinada"},"content":{"rendered":"<h2>Espacio Electoral<\/h2>\n<h5>Eleazar Flores<\/h5>\n<p><strong>\u00a0<\/strong><\/p>\n<p><strong>\u00a0<\/strong><\/p>\n<p><strong>No superdelegada.-<\/strong> Respetuosa e institucional como pocas veces se le ha visto, estuvo ayer en Toluca la delegada federal en el Estado de M\u00e9xico, Delfina G\u00f3mez \u00c1lvarez, en el acto en el que se pusieron en marcha los trabajos del Plan Nacional de Desarrollo 2018-2024.<\/p>\n<p>Estos trabajos fueron encabezados por el gobernador, Alfredo del Mazo Maza y el secretario de Desarrollo Territorial y Urbano del gobierno federal (Sedatu), Rom\u00e1n Meyer Falc\u00f3n, acompa\u00f1ados por funcionarios de los niveles federal y estatal mexiquense.<\/p>\n<p>Cuestionada por reporteros que cubr\u00edan el acto, la texcocana Delfina G\u00f3mez, mejor conocida como la s\u00faperdelegada del gobierno federal en la entidad respondi\u00f3 con tranquilidad cuando se le pregunt\u00f3 acerca de su papel protag\u00f3nico en la entidad a la que quiso gobernar pero qued\u00f3 en segundo lugar en las elecciones locales de 2017.<\/p>\n<p>\u201cNo tienen de que preocuparse, quien gobierna en el Estado de M\u00e9xico es el gobernador Alfredo del Mazo Maza\u201d respondi\u00f3 respecto al papel a desempe\u00f1ar una vez iniciada la administraci\u00f3n federal, y m\u00e1s cuando se empiece a aplicar el Plan Nacional de Desarrollo, cuya instrumentaci\u00f3n local se empez\u00f3 a discutir ayer, captando opiniones y sentires de todos los sectores sociales.<\/p>\n<p>Advirti\u00f3 que de ninguna manera se extralimitar\u00e1 en sus funciones, por el contrario, se tiene coadyuvancia en toda las instancias, por lo que las cosas se facilitan desde ahora.<\/p>\n<p>Adem\u00e1s aprovecho para externar \u201cmi reconocimiento, mi agradecimiento al gobernador Alfredo del Mazo Maza\u201d, reiter\u00f3 Delfina G\u00f3mez \u00c1lvarez, quien conforme pasa el tiempo demuestra un mayor y mejor desenvolvimiento en actos p\u00fablicos pero sobre todo ante los medios de comunicaci\u00f3n, muy diferente a sus tiempos de candidata hace dos a\u00f1os.<\/p>\n<p>Los medios de comunicaci\u00f3n no desatendieron los temas del foro regional del Plan Nacional de Desarrollo, ni las intervenciones del gobernador Alfredo del Mazo ni del secretario de Desarrollo Territorial y Urbano Rom\u00e1n Meyer, pero ansiaban la conclusi\u00f3n para entrevistar a Delfina,\u00a0 sabedores que desde ahora apunta como candidata al gobierno estatal en 2023.<\/p>\n<p>Los medios comprobaron que la texcocana va mejorando su desenvolvimiento, ya no hay pronunciamientos fuertes y mucho menos cr\u00edticas al gobierno pri\u00edsta al que incluso le reconoce su disposici\u00f3n para todo tipo de actividades federales en suelo mexiquense, que han sido muchas en los tres meses de la Cuarta Transformaci\u00f3n.<\/p>\n<p>Al paso que lleva, Delfina G\u00f3mez parece ir en caballo de Hacienda dentro de la cuadrilla mexiquense del Movimiento de Regeneraci\u00f3n Nacional, Morena, y dif\u00edcilmente alguien de dicho partido le podr\u00eda quitar la candidatura al gobierno mexiquense para el periodo 2023-2029 y sin cualidades prof\u00e9ticas ganar\u00eda, sobre todo por la fuerte debilidad del tricolor.<\/p>\n<p><a href=\"mailto:elefa44@gmail.com\" target=\"_blank\" rel=\"noopener noreferrer\"><em>elefa44@gmail.com<\/em><\/a><\/p>\n","protected":false},"excerpt":{"rendered":"<p><span style=\"color: #005497;\"><strong>Eleazar Flores<\/strong><\/span><\/p>\n","protected":false},"author":3,"featured_media":0,"comment_status":"open","ping_status":"open","sticky":false,"template":"","format":"standard","meta":{"_monsterinsights_skip_tracking":false,"_monsterinsights_sitenote_active":false,"_monsterinsights_sitenote_note":"","_monsterinsights_sitenote_category":0,"footnotes":""},"categories":[81743],"tags":[81744,81776,43674],"class_list":["post-418071","post","type-post","status-publish","format-standard","hentry","category-eleazar-flores","tag-eleazar-flores","tag-espacio-electoral","tag-opinion"],"_links":{"self":[{"href":"https:\/\/www.diarioimagen.net\/index.php?rest_route=\/wp\/v2\/posts\/418071","targetHints":{"allow":["GET"]}}],"collection":[{"href":"https:\/\/www.diarioimagen.net\/index.php?rest_route=\/wp\/v2\/posts"}],"about":[{"href":"https:\/\/www.diarioimagen.net\/index.php?rest_route=\/wp\/v2\/types\/post"}],"author":[{"embeddable":true,"href":"https:\/\/www.diarioimagen.net\/index.php?rest_route=\/wp\/v2\/users\/3"}],"replies":[{"embeddable":true,"href":"https:\/\/www.diarioimagen.net\/index.php?rest_route=%2Fwp%2Fv2%2Fcomments&post=418071"}],"version-history":[{"count":0,"href":"https:\/\/www.diarioimagen.net\/index.php?rest_route=\/wp\/v2\/posts\/418071\/revisions"}],"wp:attachment":[{"href":"https:\/\/www.diarioimagen.net\/index.php?rest_route=%2Fwp%2Fv2%2Fmedia&parent=418071"}],"wp:term":[{"taxonomy":"category","embeddable":true,"href":"https:\/\/www.diarioimagen.net\/index.php?rest_route=%2Fwp%2Fv2%2Fcategories&post=418071"},{"taxonomy":"post_tag","embeddable":true,"href":"https:\/\/www.diarioimagen.net\/index.php?rest_route=%2Fwp%2Fv2%2Ftags&post=418071"}],"curies":[{"name":"wp","href":"https:\/\/api.w.org\/{rel}","templated":true}]}}