{"id":418169,"date":"2019-03-07T00:08:46","date_gmt":"2019-03-07T06:08:46","guid":{"rendered":"https:\/\/www.diarioimagen.net\/?p=418169"},"modified":"2019-03-07T23:28:00","modified_gmt":"2019-03-08T05:28:00","slug":"mag-rafael-guerra-llama-a-instituciones-gobierno-y-sociedad-a-corregir-errores-de-desigualdad-de-genero","status":"publish","type":"post","link":"https:\/\/www.diarioimagen.net\/?p=418169","title":{"rendered":"Mag. Rafael Guerra llama a instituciones, gobierno y sociedad a corregir errores de desigualdad de g\u00e9nero"},"content":{"rendered":"<ul>\n<li><strong><em>El presidente del TSJCDMX habl\u00f3 en la presentaci\u00f3n del libro del senador Ricardo Monreal, <\/em>El Acceso de las Mujeres\u00a0a la Justicia<\/strong><\/li>\n<li><strong><em>Dijo que no s\u00f3lo se debe dar atenci\u00f3n a la mujer cuando es v\u00edctima de injusticia, sino generar un entorno de igualdad respaldado por las instituciones<\/em><\/strong><\/li>\n<\/ul>\n<p>&nbsp;<\/p>\n<div id=\"attachment_418240\" style=\"width: 470px\" class=\"wp-caption aligncenter\"><a href=\"https:\/\/www.diarioimagen.net\/?attachment_id=418240\" rel=\"attachment wp-att-418240\"><img loading=\"lazy\" decoding=\"async\" aria-describedby=\"caption-attachment-418240\" class=\"size-large wp-image-418240\" src=\"https:\/\/www.diarioimagen.net\/wp-content\/uploads\/2019\/03\/tribunal-3-460x259.jpg\" alt=\"\" width=\"460\" height=\"259\" srcset=\"https:\/\/www.diarioimagen.net\/wp-content\/uploads\/2019\/03\/tribunal-3-460x259.jpg 460w, https:\/\/www.diarioimagen.net\/wp-content\/uploads\/2019\/03\/tribunal-3-240x135.jpg 240w, https:\/\/www.diarioimagen.net\/wp-content\/uploads\/2019\/03\/tribunal-3-235x132.jpg 235w, https:\/\/www.diarioimagen.net\/wp-content\/uploads\/2019\/03\/tribunal-3-202x114.jpg 202w, https:\/\/www.diarioimagen.net\/wp-content\/uploads\/2019\/03\/tribunal-3-350x196.jpg 350w, https:\/\/www.diarioimagen.net\/wp-content\/uploads\/2019\/03\/tribunal-3-220x123.jpg 220w, https:\/\/www.diarioimagen.net\/wp-content\/uploads\/2019\/03\/tribunal-3-237x132.jpg 237w, https:\/\/www.diarioimagen.net\/wp-content\/uploads\/2019\/03\/tribunal-3.jpg 480w\" sizes=\"auto, (max-width: 460px) 100vw, 460px\" \/><\/a><p id=\"caption-attachment-418240\" class=\"wp-caption-text\">El magistrado Rafael Guerra \u00c1lvarez llam\u00f3 a las instituciones, gobiernos y sociedad a corregir los errores de las generaciones pasadas que propician la desigualdad de g\u00e9nero y sentar soluciones.<\/p><\/div>\n<p>&nbsp;<\/p>\n<p>El presidente del Tribunal Superior de Justicia de la Ciudad de M\u00e9xico (TSJCDMX), magistrado Rafael Guerra \u00c1lvarez, llam\u00f3 a las instituciones, gobiernos y sociedad a corregir los errores de las generaciones pasadas que propician la desigualdad de g\u00e9nero y sentar soluciones para las generaciones futuras.<\/p>\n<p>Al hablar durante la presentaci\u00f3n del libro <em>El Acceso de las Mujeres a la Justicia, una Visi\u00f3n para Transitar a la Igualdad de Derechos y Oportunidades<\/em>, escrito por Ricardo Monreal \u00c1vila, presidente de la Junta de Coordinaci\u00f3n Pol\u00edtica del Senado de la Rep\u00fablica, dijo que el compromiso del TSJCDMX es confrontar, desafiar y denunciar las pr\u00e1cticas que todos los d\u00edas normalizan la desigualdad de g\u00e9nero, la pobreza, el acoso y la discriminaci\u00f3n.<\/p>\n<p>Y es que el magistrado Guerra \u00c1lvarez estableci\u00f3 que el prop\u00f3sito no es solamente la atenci\u00f3n a la mujer cuando es v\u00edctima de injusticia, sino generar un entorno de igualdad respaldado por las instituciones.<\/p>\n<p>En ese sentido, el titular del TSJCDMX se\u00f1al\u00f3 que el \u00e9xito de un Estado no depende de la fuerza de sus ej\u00e9rcitos, la belleza de sus ciudades ni la fortuna de sus empresarios. \u201cDepende de que el gobierno pueda encauzar la vida de la poblaci\u00f3n hacia la justicia, la libertad y la equidad social. Los tres poderes de la Uni\u00f3n estamos obligados a participar en este esfuerzo\u201d, recalc\u00f3.<\/p>\n<p>Por ello, dijo que el libro de Ricardo Monreal, quien tambi\u00e9n es coordinador del Grupo Parlamentario de Morena en el Senado, pone en el debate un tema crucial que es el acceso de la mujer a los derechos pol\u00edticos, las responsabilidades y obligaciones particulares en las instituciones jur\u00eddicas y dom\u00e9sticas.<\/p>\n<p>En el caso del TSJCDMX, el magistrado Guerra \u00c1lvarez destac\u00f3 que est\u00e1 muy cerca de alcanzar la plena igualdad y la paridad de g\u00e9nero con tres pruebas: laboran m\u00e1s mujeres que hombres, 55 por ciento y 45 por ciento, respectivamente; de los 78 magistrados que hay, 42 por ciento son mujeres; y de las tres personas surgidas de este Tribunal que han llegado a ministros de la Suprema Corte de Justicia de la Naci\u00f3n, dos son mujeres: Clementina Gil Guill\u00e9n y Victoria Adato Green, as\u00ed como Juan Luis Gonz\u00e1lez Alc\u00e1ntara Carranc\u00e1.<\/p>\n<p>Por lo que toca al acceso a la justicia, expuso que en el tr\u00e1mite para pago de pensi\u00f3n alimenticia, el 91 por ciento son ingresados por las madres y s\u00f3lo el 7 por ciento por los padres. Sin embargo, en la perspectiva de las v\u00edctimas, la realidad es opuesta:\u00a0 8 de cada 10 cad\u00e1veres que ingresan al Instituto de Ciencias Forenses (Incifo) son hombres.<\/p>\n<p>El titular del Poder Judicial capitalino record\u00f3 que se realizan acciones concretas para favorecer el acceso de la mujer a la justicia. Se trabaja en garantizar una perspectiva de g\u00e9nero transversal, desde la participaci\u00f3n de juezas y magistradas en equilibrio, as\u00ed como la perspectiva de g\u00e9nero en el criterio del juzgador.<\/p>\n<p>Tambi\u00e9n se impulsa la figura de la Jurisdicci\u00f3n Concentrada, que establece juzgados especializados en materia de g\u00e9nero, la creaci\u00f3n de un banco estad\u00edstico sobre la impartici\u00f3n de justicia para mujeres, as\u00ed como concretar acuerdos de colaboraci\u00f3n con el Congreso de la Ciudad de M\u00e9xico y otras instituciones.<\/p>\n<div id=\"attachment_418241\" style=\"width: 470px\" class=\"wp-caption aligncenter\"><a href=\"https:\/\/www.diarioimagen.net\/?attachment_id=418241\" rel=\"attachment wp-att-418241\"><img loading=\"lazy\" decoding=\"async\" aria-describedby=\"caption-attachment-418241\" class=\"size-large wp-image-418241\" src=\"https:\/\/www.diarioimagen.net\/wp-content\/uploads\/2019\/03\/tribunal-1-1-460x259.jpg\" alt=\"\" width=\"460\" height=\"259\" srcset=\"https:\/\/www.diarioimagen.net\/wp-content\/uploads\/2019\/03\/tribunal-1-1-460x259.jpg 460w, https:\/\/www.diarioimagen.net\/wp-content\/uploads\/2019\/03\/tribunal-1-1-240x135.jpg 240w, https:\/\/www.diarioimagen.net\/wp-content\/uploads\/2019\/03\/tribunal-1-1-235x132.jpg 235w, https:\/\/www.diarioimagen.net\/wp-content\/uploads\/2019\/03\/tribunal-1-1-202x114.jpg 202w, https:\/\/www.diarioimagen.net\/wp-content\/uploads\/2019\/03\/tribunal-1-1-350x196.jpg 350w, https:\/\/www.diarioimagen.net\/wp-content\/uploads\/2019\/03\/tribunal-1-1-220x123.jpg 220w, https:\/\/www.diarioimagen.net\/wp-content\/uploads\/2019\/03\/tribunal-1-1-237x132.jpg 237w, https:\/\/www.diarioimagen.net\/wp-content\/uploads\/2019\/03\/tribunal-1-1.jpg 480w\" sizes=\"auto, (max-width: 460px) 100vw, 460px\" \/><\/a><p id=\"caption-attachment-418241\" class=\"wp-caption-text\">Rafael Guerra \u00c1lvarez, presidente del TSJCDMX, asisti\u00f3 a la presentaci\u00f3n del libro <em>El Acceso de las Mujeres a la Justicia, una Visi\u00f3n para Transitar a la Igualdad de Derechos y Oportunidades<\/em>, escrito por Ricardo Monreal \u00c1vila.<\/p><\/div>\n","protected":false},"excerpt":{"rendered":"<p>El presidente del Tribunal Superior de Justicia de la Ciudad de M\u00e9xico (TSJCDMX), magistrado Rafael Guerra \u00c1lvarez, llam\u00f3 a las instituciones, gobiernos y sociedad a corregir los errores de las generaciones pasadas que propician la desigualdad de g\u00e9nero y sentar soluciones para las generaciones futuras.<\/p>\n","protected":false},"author":3,"featured_media":418240,"comment_status":"open","ping_status":"open","sticky":false,"template":"","format":"standard","meta":{"_monsterinsights_skip_tracking":false,"_monsterinsights_sitenote_active":false,"_monsterinsights_sitenote_note":"","_monsterinsights_sitenote_category":0,"footnotes":""},"categories":[6],"tags":[204,79994,51325],"class_list":["post-418169","post","type-post","status-publish","format-standard","has-post-thumbnail","hentry","category-cd-de-mexico","tag-ciudad-de-mexico","tag-rafael-guerra-alvarez","tag-tsjcdmx"],"_links":{"self":[{"href":"https:\/\/www.diarioimagen.net\/index.php?rest_route=\/wp\/v2\/posts\/418169","targetHints":{"allow":["GET"]}}],"collection":[{"href":"https:\/\/www.diarioimagen.net\/index.php?rest_route=\/wp\/v2\/posts"}],"about":[{"href":"https:\/\/www.diarioimagen.net\/index.php?rest_route=\/wp\/v2\/types\/post"}],"author":[{"embeddable":true,"href":"https:\/\/www.diarioimagen.net\/index.php?rest_route=\/wp\/v2\/users\/3"}],"replies":[{"embeddable":true,"href":"https:\/\/www.diarioimagen.net\/index.php?rest_route=%2Fwp%2Fv2%2Fcomments&post=418169"}],"version-history":[{"count":0,"href":"https:\/\/www.diarioimagen.net\/index.php?rest_route=\/wp\/v2\/posts\/418169\/revisions"}],"wp:featuredmedia":[{"embeddable":true,"href":"https:\/\/www.diarioimagen.net\/index.php?rest_route=\/wp\/v2\/media\/418240"}],"wp:attachment":[{"href":"https:\/\/www.diarioimagen.net\/index.php?rest_route=%2Fwp%2Fv2%2Fmedia&parent=418169"}],"wp:term":[{"taxonomy":"category","embeddable":true,"href":"https:\/\/www.diarioimagen.net\/index.php?rest_route=%2Fwp%2Fv2%2Fcategories&post=418169"},{"taxonomy":"post_tag","embeddable":true,"href":"https:\/\/www.diarioimagen.net\/index.php?rest_route=%2Fwp%2Fv2%2Ftags&post=418169"}],"curies":[{"name":"wp","href":"https:\/\/api.w.org\/{rel}","templated":true}]}}