{"id":418183,"date":"2019-03-07T00:08:34","date_gmt":"2019-03-07T06:08:34","guid":{"rendered":"https:\/\/www.diarioimagen.net\/?p=418183"},"modified":"2019-03-07T23:27:52","modified_gmt":"2019-03-08T05:27:52","slug":"la-uaem-reconoce-con-doctorado-honoris-causa-a-juana-maria-sancho","status":"publish","type":"post","link":"https:\/\/www.diarioimagen.net\/?p=418183","title":{"rendered":"La UAEM reconoce con Doctorado Honoris Causa a Juana Mar\u00eda Sancho"},"content":{"rendered":"<ul>\n<li><strong><em>Profesora em\u00e9rita de la Universidad mexiquense<\/em><\/strong><\/li>\n<\/ul>\n<p>&nbsp;<\/p>\n<div id=\"attachment_418244\" style=\"width: 470px\" class=\"wp-caption aligncenter\"><a href=\"https:\/\/www.diarioimagen.net\/?attachment_id=418244\" rel=\"attachment wp-att-418244\"><img loading=\"lazy\" decoding=\"async\" aria-describedby=\"caption-attachment-418244\" class=\"size-large wp-image-418244\" src=\"https:\/\/www.diarioimagen.net\/wp-content\/uploads\/2019\/03\/UAEM-7-460x259.jpg\" alt=\"\" width=\"460\" height=\"259\" srcset=\"https:\/\/www.diarioimagen.net\/wp-content\/uploads\/2019\/03\/UAEM-7-460x259.jpg 460w, https:\/\/www.diarioimagen.net\/wp-content\/uploads\/2019\/03\/UAEM-7-240x135.jpg 240w, https:\/\/www.diarioimagen.net\/wp-content\/uploads\/2019\/03\/UAEM-7-235x132.jpg 235w, https:\/\/www.diarioimagen.net\/wp-content\/uploads\/2019\/03\/UAEM-7-202x114.jpg 202w, https:\/\/www.diarioimagen.net\/wp-content\/uploads\/2019\/03\/UAEM-7-350x196.jpg 350w, https:\/\/www.diarioimagen.net\/wp-content\/uploads\/2019\/03\/UAEM-7-220x123.jpg 220w, https:\/\/www.diarioimagen.net\/wp-content\/uploads\/2019\/03\/UAEM-7-237x132.jpg 237w, https:\/\/www.diarioimagen.net\/wp-content\/uploads\/2019\/03\/UAEM-7.jpg 480w\" sizes=\"auto, (max-width: 460px) 100vw, 460px\" \/><\/a><p id=\"caption-attachment-418244\" class=\"wp-caption-text\">El rector Alfredo Barrera Baca enfatiz\u00f3 que la galardonada Juana Mar\u00eda Sancho Gil, ha hecho de la ciencia un compromiso con personas, la sociedad y el planeta.<\/p><\/div>\n<p>&nbsp;<\/p>\n<p><strong>Toluca, Estado de M\u00e9xico<\/strong>.\u2013 Por su contribuci\u00f3n a la investigaci\u00f3n educativa y su compromiso con el fortalecimiento de instituciones de ense\u00f1anza acordes a los retos mundiales, la Universidad Aut\u00f3noma del Estado de M\u00e9xico confiri\u00f3 el grado de Doctora Honoris Causa a la profesora em\u00e9rita de la Universidad de Barcelona, Juana Mar\u00eda Sancho Gil.<\/p>\n<p>En el Aula Magna \u201cLic. Adolfo L\u00f3pez Mateos\u201d del Edificio de Rector\u00eda, el rector Alfredo Barrera Baca enfatiz\u00f3 que la galardonada ha hecho de la ciencia un compromiso con personas, la sociedad y el planeta. Afirm\u00f3 que sus investigaciones son un acto por la vida, cuyas \u00fanicas fronteras son los principios y valores que nos hacen mejores seres humanos.<\/p>\n<p>Destac\u00f3 que el pensamiento de Sancho Gil es comprometido y trasluce una actitud iluminativa sobre los aspectos de la educaci\u00f3n contempor\u00e1nea. \u201cHa contribuido a cuestionar el extremo casi totalitario del saber, que diluye las diferencias mediante paradigmas excluyentes\u201d.<\/p>\n<p>Acompa\u00f1ado del secretario de Investigaci\u00f3n y Estudios Avanzados, Carlos Eduardo Barrera D\u00edaz, as\u00ed como los directores de las facultades de Humanidades, Fernando D\u00edaz Ortega, y Ciencias de la Conducta, Mar\u00eda Teresa Garc\u00eda Torea, apunt\u00f3 que Sancho Gil se ha preocupado por las pol\u00edticas educativas que promueven el uso de las tecnolog\u00edas de la informaci\u00f3n, pero no las democratizan. Mencion\u00f3 que la tambi\u00e9n catedr\u00e1tica del Departamento de Did\u00e1ctica y Organizaci\u00f3n Educativa ha hecho de la educaci\u00f3n una actividad participativa y democr\u00e1tica, a partir de la visi\u00f3n de los profesores y de los alumnos.<\/p>\n<p>En su momento, Juana Mar\u00eda Sancho subray\u00f3 que contar con acceso a la educaci\u00f3n es lo mejor que le puede pasar a un ser humano. \u201cContar con el tiempo, el entorno, las personas y las condiciones que permitan sentirnos reconocidos, acogidos y emocionalmente seguros, as\u00ed como pensar y adquirir saberes, valores y habilidades es el mejor regalo\u201d.<\/p>\n<p>La codirectora del Centro de Estudios sobre el Cambio en la Cultura y la Educaci\u00f3n del Parque Cient\u00edfico de Barcelona precis\u00f3 que existen en el mundo alrededor de mil millones de personas que no tienen acceso a la educaci\u00f3n y muchos de ellos no cuentan con servicios como el agua potable. \u201cSin educaci\u00f3n no hay justicia social\u201d.<\/p>\n","protected":false},"excerpt":{"rendered":"<p>Por su contribuci\u00f3n a la investigaci\u00f3n educativa y su compromiso con el fortalecimiento de instituciones de ense\u00f1anza acordes a los retos mundiales, la Universidad Aut\u00f3noma del Estado de M\u00e9xico confiri\u00f3 el grado de Doctora Honoris Causa a la profesora em\u00e9rita de la Universidad de Barcelona, Juana Mar\u00eda Sancho Gil.<\/p>\n","protected":false},"author":3,"featured_media":418244,"comment_status":"open","ping_status":"open","sticky":false,"template":"","format":"standard","meta":{"_monsterinsights_skip_tracking":false,"_monsterinsights_sitenote_active":false,"_monsterinsights_sitenote_note":"","_monsterinsights_sitenote_category":0,"footnotes":""},"categories":[5],"tags":[58572,43675,1491],"class_list":["post-418183","post","type-post","status-publish","format-standard","has-post-thumbnail","hentry","category-estado-de-mexico","tag-alfredo-barrera-baca","tag-estado-de-mexico","tag-uaem"],"_links":{"self":[{"href":"https:\/\/www.diarioimagen.net\/index.php?rest_route=\/wp\/v2\/posts\/418183","targetHints":{"allow":["GET"]}}],"collection":[{"href":"https:\/\/www.diarioimagen.net\/index.php?rest_route=\/wp\/v2\/posts"}],"about":[{"href":"https:\/\/www.diarioimagen.net\/index.php?rest_route=\/wp\/v2\/types\/post"}],"author":[{"embeddable":true,"href":"https:\/\/www.diarioimagen.net\/index.php?rest_route=\/wp\/v2\/users\/3"}],"replies":[{"embeddable":true,"href":"https:\/\/www.diarioimagen.net\/index.php?rest_route=%2Fwp%2Fv2%2Fcomments&post=418183"}],"version-history":[{"count":0,"href":"https:\/\/www.diarioimagen.net\/index.php?rest_route=\/wp\/v2\/posts\/418183\/revisions"}],"wp:featuredmedia":[{"embeddable":true,"href":"https:\/\/www.diarioimagen.net\/index.php?rest_route=\/wp\/v2\/media\/418244"}],"wp:attachment":[{"href":"https:\/\/www.diarioimagen.net\/index.php?rest_route=%2Fwp%2Fv2%2Fmedia&parent=418183"}],"wp:term":[{"taxonomy":"category","embeddable":true,"href":"https:\/\/www.diarioimagen.net\/index.php?rest_route=%2Fwp%2Fv2%2Fcategories&post=418183"},{"taxonomy":"post_tag","embeddable":true,"href":"https:\/\/www.diarioimagen.net\/index.php?rest_route=%2Fwp%2Fv2%2Ftags&post=418183"}],"curies":[{"name":"wp","href":"https:\/\/api.w.org\/{rel}","templated":true}]}}