{"id":418185,"date":"2019-03-07T00:08:44","date_gmt":"2019-03-07T06:08:44","guid":{"rendered":"https:\/\/www.diarioimagen.net\/?p=418185"},"modified":"2019-03-07T05:07:50","modified_gmt":"2019-03-07T11:07:50","slug":"los-derechos-humanos-no-son-negociables-juan-sanchez-gomez","status":"publish","type":"post","link":"https:\/\/www.diarioimagen.net\/?p=418185","title":{"rendered":"Los derechos humanos no son negociables: Juan S\u00e1nchez G\u00f3mez"},"content":{"rendered":"<ul>\n<li><strong><em>Firman convenios el gobierno municipal de Toluca y la CODHEM<\/em><\/strong><\/li>\n<\/ul>\n<p>&nbsp;<\/p>\n<div id=\"attachment_418268\" style=\"width: 470px\" class=\"wp-caption aligncenter\"><a href=\"https:\/\/www.diarioimagen.net\/?attachment_id=418268\" rel=\"attachment wp-att-418268\"><img loading=\"lazy\" decoding=\"async\" aria-describedby=\"caption-attachment-418268\" class=\"size-large wp-image-418268\" src=\"https:\/\/www.diarioimagen.net\/wp-content\/uploads\/2019\/03\/TOLUCA-7-460x259.jpg\" alt=\"\" width=\"460\" height=\"259\" srcset=\"https:\/\/www.diarioimagen.net\/wp-content\/uploads\/2019\/03\/TOLUCA-7-460x259.jpg 460w, https:\/\/www.diarioimagen.net\/wp-content\/uploads\/2019\/03\/TOLUCA-7-240x135.jpg 240w, https:\/\/www.diarioimagen.net\/wp-content\/uploads\/2019\/03\/TOLUCA-7-235x132.jpg 235w, https:\/\/www.diarioimagen.net\/wp-content\/uploads\/2019\/03\/TOLUCA-7-202x114.jpg 202w, https:\/\/www.diarioimagen.net\/wp-content\/uploads\/2019\/03\/TOLUCA-7-350x196.jpg 350w, https:\/\/www.diarioimagen.net\/wp-content\/uploads\/2019\/03\/TOLUCA-7-220x123.jpg 220w, https:\/\/www.diarioimagen.net\/wp-content\/uploads\/2019\/03\/TOLUCA-7-237x132.jpg 237w, https:\/\/www.diarioimagen.net\/wp-content\/uploads\/2019\/03\/TOLUCA-7.jpg 480w\" sizes=\"auto, (max-width: 460px) 100vw, 460px\" \/><\/a><p id=\"caption-attachment-418268\" class=\"wp-caption-text\">El alcalde de Toluca, Juan Rodolfo S\u00e1nchez G\u00f3mez, durante la firma de convenios de colaboraci\u00f3n entre el gobierno municipal y la CODHEM.<\/p><\/div>\n<p>&nbsp;<\/p>\n<p><strong>Toluca, Estado de M\u00e9xico<\/strong>.- \u201cEl tema de derechos humanos es un tema no negociable, ni marginal, es un tema sustantivo, sobre todo hoy que existe un reclamo en\u00e9rgico de la sociedad para tratar de generar condiciones de certeza jur\u00eddica, de justicia e igualdad a favor de todos\u201d, afirm\u00f3 el alcalde de Toluca, Juan Rodolfo S\u00e1nchez G\u00f3mez, durante la firma de convenios de colaboraci\u00f3n entre el gobierno municipal y la Comisi\u00f3n de Derechos Humanos del Estado de M\u00e9xico (CODHEM).<\/p>\n<p>S\u00e1nchez G\u00f3mez dijo que el gobierno de la capital trabaja en la reconstrucci\u00f3n de una sociedad m\u00e1s fuerte y libre al generar un clima de igualdad, lo que constituye un reto mayor para el municipio, donde el \u00edndice de poblaci\u00f3n en situaci\u00f3n de pobreza es alto. Por esta raz\u00f3n es necesario trabajar para recuperar impulso econ\u00f3mico, liderazgo en los sectores que le dieron fuerza econ\u00f3mica a la capital, ya que es urgente que Toluca recupere su vocaci\u00f3n industrial y estudiantil.<\/p>\n<p>Con la signa de convenios de colaboraci\u00f3n, la administraci\u00f3n local y la CODHEM sientan las bases para la realizaci\u00f3n de acciones y actividades conjuntas encaminadas a la protecci\u00f3n, observancia, estudio, promoci\u00f3n y divulgaci\u00f3n de los derechos fundamentales.<\/p>\n<p>Por su parte, el presidente de la CODHEM, Jorge Olvera Garc\u00eda, aplaudi\u00f3 y reconoci\u00f3 la sensibilidad del mun\u00edcipe, quien en tiempo r\u00e9cord tuvo la apertura con este \u00f3rgano defensor.<\/p>\n<p>El comisionado a\u00f1adi\u00f3 que los convenios deben ser antecedidos por acciones concretas, como la inauguraci\u00f3n de la caseta de videollamadas instalada en el Palacio Municipal, que ser\u00e1 el conducto para los pobladores que sientan vulnerados sus derechos humanos o requieran orientaci\u00f3n. El uso de las tecnolog\u00edas posiciona a Toluca como el tercer municipio en asumir el gran compromiso de proteger y promover los derechos humanos.<\/p>\n","protected":false},"excerpt":{"rendered":"<p>\u201cEl tema de derechos humanos es un tema no negociable, ni marginal, es un tema sustantivo, sobre todo hoy que existe un reclamo en\u00e9rgico de la sociedad para tratar de generar condiciones de certeza jur\u00eddica, de justicia e igualdad a favor de todos\u201d, afirm\u00f3 el alcalde de Toluca, Juan Rodolfo S\u00e1nchez G\u00f3mez, durante la firma de convenios de colaboraci\u00f3n entre el gobierno municipal y la Comisi\u00f3n de Derechos Humanos del Estado de M\u00e9xico (CODHEM).<\/p>\n","protected":false},"author":3,"featured_media":418268,"comment_status":"open","ping_status":"open","sticky":false,"template":"","format":"standard","meta":{"_monsterinsights_skip_tracking":false,"_monsterinsights_sitenote_active":false,"_monsterinsights_sitenote_note":"","_monsterinsights_sitenote_category":0,"footnotes":""},"categories":[5],"tags":[53774,43675,83444,452],"class_list":["post-418185","post","type-post","status-publish","format-standard","has-post-thumbnail","hentry","category-estado-de-mexico","tag-codhem","tag-estado-de-mexico","tag-juan-sanchez-gomez","tag-toluca"],"_links":{"self":[{"href":"https:\/\/www.diarioimagen.net\/index.php?rest_route=\/wp\/v2\/posts\/418185","targetHints":{"allow":["GET"]}}],"collection":[{"href":"https:\/\/www.diarioimagen.net\/index.php?rest_route=\/wp\/v2\/posts"}],"about":[{"href":"https:\/\/www.diarioimagen.net\/index.php?rest_route=\/wp\/v2\/types\/post"}],"author":[{"embeddable":true,"href":"https:\/\/www.diarioimagen.net\/index.php?rest_route=\/wp\/v2\/users\/3"}],"replies":[{"embeddable":true,"href":"https:\/\/www.diarioimagen.net\/index.php?rest_route=%2Fwp%2Fv2%2Fcomments&post=418185"}],"version-history":[{"count":0,"href":"https:\/\/www.diarioimagen.net\/index.php?rest_route=\/wp\/v2\/posts\/418185\/revisions"}],"wp:featuredmedia":[{"embeddable":true,"href":"https:\/\/www.diarioimagen.net\/index.php?rest_route=\/wp\/v2\/media\/418268"}],"wp:attachment":[{"href":"https:\/\/www.diarioimagen.net\/index.php?rest_route=%2Fwp%2Fv2%2Fmedia&parent=418185"}],"wp:term":[{"taxonomy":"category","embeddable":true,"href":"https:\/\/www.diarioimagen.net\/index.php?rest_route=%2Fwp%2Fv2%2Fcategories&post=418185"},{"taxonomy":"post_tag","embeddable":true,"href":"https:\/\/www.diarioimagen.net\/index.php?rest_route=%2Fwp%2Fv2%2Ftags&post=418185"}],"curies":[{"name":"wp","href":"https:\/\/api.w.org\/{rel}","templated":true}]}}