{"id":418228,"date":"2019-03-07T00:11:36","date_gmt":"2019-03-07T06:11:36","guid":{"rendered":"https:\/\/www.diarioimagen.net\/?p=418228"},"modified":"2019-03-07T07:17:02","modified_gmt":"2019-03-07T13:17:02","slug":"amlo-explica-de-periodismo-medicinas-abucheos-y-su-estilo-personal-de-gobernar","status":"publish","type":"post","link":"https:\/\/www.diarioimagen.net\/?p=418228","title":{"rendered":"AMLO explica de periodismo, medicinas, abucheos y su estilo personal de gobernar"},"content":{"rendered":"<h2>Tras la puerta del poder<\/h2>\n<h5>Roberto Vizca\u00edno<\/h5>\n<p>&nbsp;<\/p>\n<div id=\"attachment_418285\" style=\"width: 470px\" class=\"wp-caption aligncenter\"><a href=\"https:\/\/www.diarioimagen.net\/?attachment_id=418285\" rel=\"attachment wp-att-418285\"><img loading=\"lazy\" decoding=\"async\" aria-describedby=\"caption-attachment-418285\" class=\"size-large wp-image-418285\" src=\"https:\/\/www.diarioimagen.net\/wp-content\/uploads\/2019\/03\/si-chucha-luis-xavier-460x362.jpg\" alt=\"\" width=\"460\" height=\"362\" srcset=\"https:\/\/www.diarioimagen.net\/wp-content\/uploads\/2019\/03\/si-chucha-luis-xavier-460x362.jpg 460w, https:\/\/www.diarioimagen.net\/wp-content\/uploads\/2019\/03\/si-chucha-luis-xavier-240x189.jpg 240w, https:\/\/www.diarioimagen.net\/wp-content\/uploads\/2019\/03\/si-chucha-luis-xavier-768x605.jpg 768w, https:\/\/www.diarioimagen.net\/wp-content\/uploads\/2019\/03\/si-chucha-luis-xavier.jpg 1200w\" sizes=\"auto, (max-width: 460px) 100vw, 460px\" \/><\/a><p id=\"caption-attachment-418285\" class=\"wp-caption-text\">\u00a1S\u00ed Chucha..! | Luis Xavier<\/p><\/div>\n<p>&nbsp;<\/p>\n<p>Para el presidente <strong>Andr\u00e9s Manuel L\u00f3pez Obrador<\/strong> la responsabilidad de su gobierno no s\u00f3lo es respetar la libertad de opini\u00f3n e informaci\u00f3n, sino garantizar la existencia y fortalecimiento de medios y periodistas porque ellos cumplen, dice, entiende, una importante funci\u00f3n social.<\/p>\n<p>Como pocas veces, su conferencia ma\u00f1anera de ayer, toc\u00f3 temas y explic\u00f3 al menos con claridad 4 temas que atraen el inter\u00e9s de importantes sectores de la pol\u00edtica, medios y la empresa.<\/p>\n<p>Respecto de su relaci\u00f3n con los medios dice:<\/p>\n<p>\u201cNosotros vamos a ser siempre respetuosos de la libertad de expresi\u00f3n.<\/p>\n<p>\u201cLos cambios vienen de tiempo atr\u00e1s. No hubiese sido posible el cambio de r\u00e9gimen, sin el apoyo de los medios de informaci\u00f3n convencionales y, de manera muy especial, de las redes sociales\u2026 de las benditas redes sociales.<\/p>\n<p>\u201cAntes cercaban a los opositores. El r\u00e9gimen corrupto, silenciaba a los opositores para que no se supieran las cosas.<\/p>\n<p>\u201cSe desconoc\u00edan muchas cosas porque as\u00ed le conven\u00eda a la clase dominante. Hoy hay un avance importante.<\/p>\n<p>\u201cPero hasta hace poco en vez de usarse esa libertad, se negociaba y se hac\u00edan jugosos negocios con el manejo de la libertad de expresi\u00f3n.<\/p>\n<p>\u201cHoy todo eso ha cambiado.<\/p>\n<p>\u201cHoy cualquiera puede manifestarse, nos escuchan m\u00e1s, la gente tiene m\u00e1s informaci\u00f3n. Ya no hay temas vedados. Ya no hay intocables.<\/p>\n<p>\u201cSe respeta a todos los periodistas.<\/p>\n<p>\u201cNosotros tenemos que garantizar la existencia de los medios, de la informaci\u00f3n, que no fracasen, que puedan ser al mismo tiempo fuentes de trabajo para comunicadores.<\/p>\n<p>\u201cSi se cierra un medio de comunicaci\u00f3n, se quedan sin trabajo quienes cumplen una funci\u00f3n social que es importante, la de informar. Y cuidar a los medios de comunicaci\u00f3n tambi\u00e9n como empresas. Tener esa visi\u00f3n y es la funci\u00f3n que tiene el Estado.<\/p>\n<p>\u201cMalo ser\u00eda que se utilizaran los recursos del Estado para comprar lealtades, comprar conciencias. Eso nunca lo vamos a hacer, pero s\u00ed va a haber un plan de contrataci\u00f3n de publicidad para que los medios puedan salir adelante por la funci\u00f3n social que realizan.<\/p>\n<p>\u201cDesde luego, no las cantidades que se destinaban anteriormente. Con mucha claridad en la ley de austeridad que hemos propuesto se estableci\u00f3 que se van a ejercer el 50 por ciento de los recursos autorizados en el presupuesto del 2018, en el presupuesto autorizado, porque tambi\u00e9n hab\u00eda antes la mala costumbre de que autorizaban una cantidad y terminaban ejerciendo el doble o el triple. En el plan de austeridad nuestro es la mitad de lo autorizado en el 18.<\/p>\n<p>\u201cY esto se va a entregar con toda la transparencia y con un criterio que estamos por definir qu\u00e9 tiene que tomar en cuenta la influencia o la cobertura del medio, su vinculaci\u00f3n social, si se trata de una empresa propiamente dicha o si es una asociaci\u00f3n de periodistas, que es distinto\u201d.<\/p>\n<p>Lo cierto es que tanto \u00e9l como su equipo de medios van lentos porque hasta hoy, primera semana de marzo, casi a 100 d\u00edas de este gobierno, no existe un programa o reglas que normen la nueva Relaci\u00f3n Prensa-Estado.<\/p>\n<p>Ser\u00e1 interesante conocer traducido el pensamiento del presidente L\u00f3pez Obrador en un documento que defina el trato informativo de su gobierno que fortalezca la gobernabilidad y el m\u00e9todo para dispersar los recursos publicitarios bajo la concepci\u00f3n de que medios y periodistas cumplimos una funci\u00f3n social, que no somos herramienta de manipulaci\u00f3n ni informativa ni de opini\u00f3n.<\/p>\n<p style=\"text-align: center;\"><strong>El trafico de medicinas debe acabar<\/strong><\/p>\n<p>Desde que asumi\u00f3 el poder, el presidente L\u00f3pez Obrador ha sido muy claro en su intenci\u00f3n de crear un sistema de salud avanzado, incluso ha llegado a se\u00f1alar que su aspiraci\u00f3n es colocar a M\u00e9xico en este aspecto en el nivel de naciones como Finlandia.<\/p>\n<p>Para ello una de sus primeras tareas es regular el flujo y precios de medicinas. El primer paso para ello lo dio la semana pasada el l\u00edder de Morena en el Senado, el zacatecano <strong>Ricardo Monreal<\/strong> al presentar una iniciativa de Ley para regular el precio de medicinas e insumos.<\/p>\n<p>Al respecto <strong>L\u00f3pez Obrador<\/strong> dijo ayer:<\/p>\n<p>\u201cCada a\u00f1o se destinan cuatro mil millones de d\u00f3lares a la compra de medicamentos. Alrededor de 80 mil millones de peso, <em>\u00a1y no hay medicinas en los centros de salud, en los hospitales!.<\/em><\/p>\n<p>\u201cY de esos cuatro mil millones cuando mucho 15 empresas acaparaban el 80 por ciento de las compras. Un gran monopolio, pero no s\u00f3lo en las medicinas, en todo. M\u00e9xico era pa\u00eds de unos cuantos y eso se va a terminar.<\/p>\n<p>\u201cY yo dec\u00eda que la justicia era castigar a los responsables, pero sobre todo prevenir la corrupci\u00f3n futura. Son dos visiones.<\/p>\n<p>Se van a dar a conocer todos estos informes, todas estas denuncias no s\u00f3lo se van a dar a conocer, se van a entregar a la autoridad competente para que, si se confirman delitos, se castigue.<\/p>\n<p>Hab\u00eda cuando menos omisi\u00f3n, porque se compraban medicamentos caros y hab\u00eda en el negocio de los medicamentos hasta pol\u00edticos promoviendo la venta de medicamentos.<\/p>\n<p>\u201cYa se van a dar a conocer los nombres de las empresas y tambi\u00e9n ayuden ustedes, hagan su trabajo, digo con todo respeto y cari\u00f1o. Hay que hacer la investigaci\u00f3n, o sea, para no dejarnos todo a nosotros, aunque tenemos la obligaci\u00f3n de transparentar la informaci\u00f3n\u201d.<\/p>\n<p style=\"text-align: center;\"><strong>Inquietud por abucheos a gobernadores<\/strong><\/p>\n<p>Durante los d\u00edas anteriores, varios gobernadores y la Conago han expresado su malestar por el abucheo a que son sometidos los mandatarios estatales durante las visitas del presidente L\u00f3pez Obrador a esas entidades.<\/p>\n<p>Se lleg\u00f3 incluso a circular un supuesto documento interno de Morena donde se se\u00f1ala que estos abucheos son una estrategia instaurada por este partido.<\/p>\n<p>El presidente dijo que:<\/p>\n<p>\u201cYa hemos hablado que abucheos en las plazas p\u00fablicas no son bien vistos por nosotros. Yo los repruebo. No creo que sea conveniente, es de mal gusto. Hay que ser respetuosos de las autoridades y hacer a un lado el infantilismo pol\u00edtico, la inmadurez, que dicho sea de paso tiene que ver con dirigentes, no con la gente, no con los ciudadanos, la gente por lo general es muy respetuosa, pero en la llamada sociedad pol\u00edtica hay mucho revanchismo. No se olvidan agravios. No hay la convicci\u00f3n de la reconciliaci\u00f3n, del perd\u00f3n.<\/p>\n<p>\u201cLo que est\u00e1 mal es que se piense que yo promuevo eso&#8230; Eso s\u00ed est\u00e1 mal, desde luego tienen todo el derecho los cr\u00edticos, sobre todo los de la prensa fif\u00ed, con todo respeto, sin ofender a nadie, pues, a culparme de todo.<\/p>\n<p>\u201cEn caso de que no quieran ellos (los gobernadores) acompa\u00f1arme a las plazas, pues yo los visito en el Palacio, nos reunimos. Y yo me voy a la plaza porque yo s\u00ed necesito tener la comunicaci\u00f3n permanente con la gente, es m\u00e1s, aunque me abuchee\u201d.<\/p>\n<p>Este, porque quiero saber siempre lo que la gente est\u00e1 pensando. Siempre voy a<\/p>\n<p style=\"text-align: center;\"><strong>Su estilo<\/strong><\/p>\n<p>Por \u00faltimo, vale la pena rescatar su explicaci\u00f3n sobre su estilo personal de gobernar.<\/p>\n<p>\u201cGobernar es priorizar, pol\u00edtica es tiempo. Yo de los grandes y graves problemas nacionales estoy d\u00e1ndole m\u00e1s atenci\u00f3n a los que considero de mayor importancia por el da\u00f1o que ocasionan a la sociedad.<\/p>\n<p>\u201cPor ejemplo, lo n\u00famero uno es acabar con la corrupci\u00f3n.<\/p>\n<p>Ah\u00ed estoy como guardi\u00e1n cuidando el dinero del presupuesto, que es dinero del pueblo\u2026 La corrupci\u00f3n fue la causa principal de la desigualdad econ\u00f3mica y social\u2026 Entonces, yo estoy ahora ocupado con acabar con la corrupci\u00f3n y\u2026 Que haya bienestar. Que se atienda a los j\u00f3venes\u2026. Ahora es no perder el impulso, el mandato que nos dio la gente para acabar con la corrupci\u00f3n y terminar pronto con eso y a otra cosa, mariposa\u201d.<\/p>\n<p><em><a href=\"http:\/\/endirecto.mx\" target=\"_blank\" rel=\"noopener noreferrer\">www.endirecto.mx<\/a><\/em><br \/>\n<em><a href=\"https:\/\/twitter.com\/_rvizcaino\" target=\"_blank\" rel=\"noopener noreferrer\">@_RVizcaino<\/a><\/em><br \/>\n<a href=\"https:\/\/www.facebook.com\/rvizcainoa\" target=\"_blank\" rel=\"noopener noreferrer\">f<em>acebook.com\/rvizcainoa<\/em><\/a><\/p>\n","protected":false},"excerpt":{"rendered":"<p><span style=\"color: #005497;\"><strong>Roberto Vizca\u00edno<\/strong><\/span><br \/>\n<br \/>\nPara el presidente <strong>Andr\u00e9s Manuel L\u00f3pez Obrador<\/strong> la responsabilidad de su gobierno no s\u00f3lo es respetar la libertad de opini\u00f3n e informaci\u00f3n, sino garantizar la existencia y fortalecimiento de medios y periodistas porque ellos cumplen, dice, entiende, una importante funci\u00f3n social.<\/p>\n","protected":false},"author":3,"featured_media":418285,"comment_status":"open","ping_status":"open","sticky":false,"template":"","format":"standard","meta":{"_monsterinsights_skip_tracking":false,"_monsterinsights_sitenote_active":false,"_monsterinsights_sitenote_note":"","_monsterinsights_sitenote_category":0,"footnotes":""},"categories":[136],"tags":[43674,93,94],"class_list":["post-418228","post","type-post","status-publish","format-standard","has-post-thumbnail","hentry","category-roberto-vizcaino-opinion","tag-opinion","tag-roberto-vizcaino","tag-tras-la-puerta-del-poder"],"_links":{"self":[{"href":"https:\/\/www.diarioimagen.net\/index.php?rest_route=\/wp\/v2\/posts\/418228","targetHints":{"allow":["GET"]}}],"collection":[{"href":"https:\/\/www.diarioimagen.net\/index.php?rest_route=\/wp\/v2\/posts"}],"about":[{"href":"https:\/\/www.diarioimagen.net\/index.php?rest_route=\/wp\/v2\/types\/post"}],"author":[{"embeddable":true,"href":"https:\/\/www.diarioimagen.net\/index.php?rest_route=\/wp\/v2\/users\/3"}],"replies":[{"embeddable":true,"href":"https:\/\/www.diarioimagen.net\/index.php?rest_route=%2Fwp%2Fv2%2Fcomments&post=418228"}],"version-history":[{"count":0,"href":"https:\/\/www.diarioimagen.net\/index.php?rest_route=\/wp\/v2\/posts\/418228\/revisions"}],"wp:featuredmedia":[{"embeddable":true,"href":"https:\/\/www.diarioimagen.net\/index.php?rest_route=\/wp\/v2\/media\/418285"}],"wp:attachment":[{"href":"https:\/\/www.diarioimagen.net\/index.php?rest_route=%2Fwp%2Fv2%2Fmedia&parent=418228"}],"wp:term":[{"taxonomy":"category","embeddable":true,"href":"https:\/\/www.diarioimagen.net\/index.php?rest_route=%2Fwp%2Fv2%2Fcategories&post=418228"},{"taxonomy":"post_tag","embeddable":true,"href":"https:\/\/www.diarioimagen.net\/index.php?rest_route=%2Fwp%2Fv2%2Ftags&post=418228"}],"curies":[{"name":"wp","href":"https:\/\/api.w.org\/{rel}","templated":true}]}}