{"id":418331,"date":"2019-03-08T00:14:53","date_gmt":"2019-03-08T06:14:53","guid":{"rendered":"https:\/\/www.diarioimagen.net\/?p=418331"},"modified":"2019-03-08T08:00:08","modified_gmt":"2019-03-08T14:00:08","slug":"el-marro-huyo-de-villagran-cerca-de-caer-asegura-durazo","status":"publish","type":"post","link":"https:\/\/www.diarioimagen.net\/?p=418331","title":{"rendered":"\u201cEl Marro\u201d huy\u00f3 de Villagr\u00e1n;\u00a0cerca de caer, asegura Durazo"},"content":{"rendered":"<ul>\n<li><em><strong>Presencia militar en Santa Rosa de Lima ser\u00e1 permanente<\/strong><\/em><\/li>\n<li><em><strong>Afirma que le siguen los pasos al l\u00edder huachicolero y sus operadores<\/strong><\/em><\/li>\n<\/ul>\n<p>&nbsp;<\/p>\n<p><a href=\"https:\/\/www.diarioimagen.net\/?attachment_id=418446\" rel=\"attachment wp-att-418446\"><img loading=\"lazy\" decoding=\"async\" class=\"aligncenter size-large wp-image-418446\" src=\"https:\/\/www.diarioimagen.net\/wp-content\/uploads\/2019\/03\/marro-460x259.jpg\" alt=\"\" width=\"460\" height=\"259\" srcset=\"https:\/\/www.diarioimagen.net\/wp-content\/uploads\/2019\/03\/marro-460x259.jpg 460w, https:\/\/www.diarioimagen.net\/wp-content\/uploads\/2019\/03\/marro-240x135.jpg 240w, https:\/\/www.diarioimagen.net\/wp-content\/uploads\/2019\/03\/marro-235x132.jpg 235w, https:\/\/www.diarioimagen.net\/wp-content\/uploads\/2019\/03\/marro-202x114.jpg 202w, https:\/\/www.diarioimagen.net\/wp-content\/uploads\/2019\/03\/marro-350x196.jpg 350w, https:\/\/www.diarioimagen.net\/wp-content\/uploads\/2019\/03\/marro-220x123.jpg 220w, https:\/\/www.diarioimagen.net\/wp-content\/uploads\/2019\/03\/marro-237x132.jpg 237w, https:\/\/www.diarioimagen.net\/wp-content\/uploads\/2019\/03\/marro.jpg 480w\" sizes=\"auto, (max-width: 460px) 100vw, 460px\" \/><\/a><\/p>\n<p>&nbsp;<\/p>\n<p>Antonio Y\u00e9pez, \u201cEl Marro\u201d, l\u00edder del C\u00e1rtel de Santa Rosa de Lima, y sus principales operadores, huyeron de la ciudad de Villagr\u00e1n, pero se le est\u00e1n est\u00e1n siguiendo sus movimientos, y est\u00e1n a punto de se capturados, inform\u00f3 el secretario de Seguridad P\u00fablica y Protecci\u00f3n Ciudadana (SSPy PC), Alfonso Durazo.<\/p>\n<p>\u201cEs frecuente el desplazamiento geogr\u00e1fico de algunos de estos criminales; sin embargo, se est\u00e1n siguiendo sus movimientos y creo que se est\u00e1 pr\u00f3ximo a tener un \u00e9xito total en el operativo, est\u00e1n perfectamente ubicados, es cosa de avanzar en el operativo para lograr el objetivo\u201d.<\/p>\n<p>Dijo que en cuanto a bandas del crimen organizado, la instrucci\u00f3n del presidente Andr\u00e9s Manuel L\u00f3pez Obrador, m\u00e1s all\u00e1 de operativos espectaculares, es atacar la estructura financiera que les permite operar y bajo este esquema que tambi\u00e9n apoyan al gobierno guanajuatense.<\/p>\n<p>\u201cNuestro esfuerzo fundamental est\u00e1 en combatir la fortaleza financiera, que es como lo he dicho en otras ocasiones lo que le da capacidad para operar y para corromper y en esa medida actuar con impunidad.<\/p>\n<p>\u201cDesde ayer, se inform\u00f3 del congelamiento de un n\u00famero muy importante de cuentas, est\u00e1 ya detenida quien era la asesora financiera de esta persona y tambi\u00e9n est\u00e1n congeladas las cuentas correspondientes, es decir, se ha detenido al c\u00edrculo m\u00e1s cercano y se han congelado las cuentas de todos sus operadores\u201d.<\/p>\n<p>En entrevista en Palacio Nacional, explic\u00f3 que en el caso de los elementos de la Secretar\u00eda de Marina y la Gendarmer\u00eda que est\u00e1n apoyando en este operativo permanecer\u00e1n en esa zona mientras as\u00ed lo requieran las autoridades locales.<\/p>\n<p>Y aclar\u00f3 que por el momento, no tiene conocimiento de que exista ninguna orden de aprehensi\u00f3n en contra del alcalde de Villagr\u00e1n, Juan Lara Mendoza, pero sostuvo que toda la informaci\u00f3n sobre los v\u00ednculos de sus familiares con el c\u00e1rtel, forma parte de las investigaciones.<\/p>\n<p>&nbsp;<\/p>\n<blockquote>\n<h2 style=\"text-align: center;\">Usa t\u00faneles en Guanajuato,<br \/>\nal estilo \u201cEl Chapo\u201d Guzm\u00e1n<\/h2>\n<p>En Santa Rosa de Lima existen t\u00faneles y se presume que son utilizados por integrantes del grupo criminal que lidera Jos\u00e9 Antonio Y\u00e9pez Ortiz, \u201cEl Marro<em>\u201d<\/em>, confirm\u00f3 Carlos Zamarripa, fiscal de Guanajuato.<\/p>\n<p>\u200bEn conferencia de prensa, detall\u00f3 que los t\u00faneles fueron localizados en por los menos ocho propiedades que fueron cateadas en dicho lugar y precis\u00f3 que la finca a la que ingresaron no se trata de la casa de \u201cEl Marro\u201d, pero s\u00ed un punto de reuni\u00f3n. Agreg\u00f3 que existe una orden de captura contra Y\u00e9pez Ortiz por delitos del fuero com\u00fan.<\/p>\n<p>El fiscal dijo que los operativos se mantienen en tramos carreteros entre las vialidades de Celaya Salamanca, Celaya-Juventino Rosas, Celaya- Comonfort y Celaya Salvatierra. Adem\u00e1s, indic\u00f3 que durante estas acciones fueron asegurados 31 veh\u00edculos, los cuales ten\u00edan reporte de robo con violencia.<\/p>\n<p>Por su parte, la comisionada de la estrategia de Seguridad en Guanajuato, Sophia Huett, dijo que siete personas han sido detenidas durante los operativos, todas ellas cercanas a \u201cEl Marro\u201d como su cu\u00f1ada, quien era la operadora financiera y su concu\u00f1o, un polic\u00eda federal en activo. La comisionada confirm\u00f3 que existe una carpeta de investigaci\u00f3n contra el alcalde de Villagr\u00e1n, Juan Lara, por omisiones y no descart\u00f3 que pueda ser citado a declarar.<\/p><\/blockquote>\n","protected":false},"excerpt":{"rendered":"<p>Antonio Y\u00e9pez, \u201cEl Marro\u201d, l\u00edder del C\u00e1rtel de Santa Rosa de Lima, y sus principales operadores, huyeron de la ciudad de Villagr\u00e1n, pero se le est\u00e1n est\u00e1n siguiendo sus movimientos, y est\u00e1n a punto de se capturados, inform\u00f3 el secretario de Seguridad P\u00fablica y Protecci\u00f3n Ciudadana (SSPy PC), Alfonso Durazo.<\/p>\n","protected":false},"author":3,"featured_media":418446,"comment_status":"open","ping_status":"open","sticky":false,"template":"","format":"standard","meta":{"_monsterinsights_skip_tracking":false,"_monsterinsights_sitenote_active":false,"_monsterinsights_sitenote_note":"","_monsterinsights_sitenote_category":0,"footnotes":""},"categories":[7],"tags":[77036,83465,83466,83416,83467,43677],"class_list":["post-418331","post","type-post","status-publish","format-standard","has-post-thumbnail","hentry","category-seguridad","tag-alfonso-durazo-montano","tag-antonio-yepez","tag-cartel-de-santa-rosa-de-lima","tag-el-marro","tag-huye","tag-seguridad"],"_links":{"self":[{"href":"https:\/\/www.diarioimagen.net\/index.php?rest_route=\/wp\/v2\/posts\/418331","targetHints":{"allow":["GET"]}}],"collection":[{"href":"https:\/\/www.diarioimagen.net\/index.php?rest_route=\/wp\/v2\/posts"}],"about":[{"href":"https:\/\/www.diarioimagen.net\/index.php?rest_route=\/wp\/v2\/types\/post"}],"author":[{"embeddable":true,"href":"https:\/\/www.diarioimagen.net\/index.php?rest_route=\/wp\/v2\/users\/3"}],"replies":[{"embeddable":true,"href":"https:\/\/www.diarioimagen.net\/index.php?rest_route=%2Fwp%2Fv2%2Fcomments&post=418331"}],"version-history":[{"count":0,"href":"https:\/\/www.diarioimagen.net\/index.php?rest_route=\/wp\/v2\/posts\/418331\/revisions"}],"wp:featuredmedia":[{"embeddable":true,"href":"https:\/\/www.diarioimagen.net\/index.php?rest_route=\/wp\/v2\/media\/418446"}],"wp:attachment":[{"href":"https:\/\/www.diarioimagen.net\/index.php?rest_route=%2Fwp%2Fv2%2Fmedia&parent=418331"}],"wp:term":[{"taxonomy":"category","embeddable":true,"href":"https:\/\/www.diarioimagen.net\/index.php?rest_route=%2Fwp%2Fv2%2Fcategories&post=418331"},{"taxonomy":"post_tag","embeddable":true,"href":"https:\/\/www.diarioimagen.net\/index.php?rest_route=%2Fwp%2Fv2%2Ftags&post=418331"}],"curies":[{"name":"wp","href":"https:\/\/api.w.org\/{rel}","templated":true}]}}