{"id":418357,"date":"2019-03-08T00:08:48","date_gmt":"2019-03-08T06:08:48","guid":{"rendered":"https:\/\/www.diarioimagen.net\/?p=418357"},"modified":"2019-03-08T08:10:04","modified_gmt":"2019-03-08T14:10:04","slug":"convoca-tultepec-a-la-eleccion-de-autoridades-auxiliares-en-30-regiones","status":"publish","type":"post","link":"https:\/\/www.diarioimagen.net\/?p=418357","title":{"rendered":"Convoca Tultepec a la elecci\u00f3n de autoridades auxiliares en 30 regiones"},"content":{"rendered":"<ul>\n<li><strong><em>Delegados, subdelegados y Copaci<\/em><\/strong><\/li>\n<\/ul>\n<p>&nbsp;<\/p>\n<div id=\"attachment_418467\" style=\"width: 470px\" class=\"wp-caption aligncenter\"><a href=\"https:\/\/www.diarioimagen.net\/?attachment_id=418467\" rel=\"attachment wp-att-418467\"><img loading=\"lazy\" decoding=\"async\" aria-describedby=\"caption-attachment-418467\" class=\"size-large wp-image-418467\" src=\"https:\/\/www.diarioimagen.net\/wp-content\/uploads\/2019\/03\/TULTEPEC-8-460x259.jpg\" alt=\"\" width=\"460\" height=\"259\" srcset=\"https:\/\/www.diarioimagen.net\/wp-content\/uploads\/2019\/03\/TULTEPEC-8-460x259.jpg 460w, https:\/\/www.diarioimagen.net\/wp-content\/uploads\/2019\/03\/TULTEPEC-8-240x135.jpg 240w, https:\/\/www.diarioimagen.net\/wp-content\/uploads\/2019\/03\/TULTEPEC-8-235x132.jpg 235w, https:\/\/www.diarioimagen.net\/wp-content\/uploads\/2019\/03\/TULTEPEC-8-202x114.jpg 202w, https:\/\/www.diarioimagen.net\/wp-content\/uploads\/2019\/03\/TULTEPEC-8-350x196.jpg 350w, https:\/\/www.diarioimagen.net\/wp-content\/uploads\/2019\/03\/TULTEPEC-8-220x123.jpg 220w, https:\/\/www.diarioimagen.net\/wp-content\/uploads\/2019\/03\/TULTEPEC-8-237x132.jpg 237w, https:\/\/www.diarioimagen.net\/wp-content\/uploads\/2019\/03\/TULTEPEC-8.jpg 480w\" sizes=\"auto, (max-width: 460px) 100vw, 460px\" \/><\/a><p id=\"caption-attachment-418467\" class=\"wp-caption-text\">Los interesados deben acreditar ante la secretar\u00eda del Ayuntamiento ser vecinos de la comunidad, a la cual buscan representar.<\/p><\/div>\n<p>&nbsp;<\/p>\n<p><strong>Tultepec, Estado de M\u00e9xico<\/strong>.- El gobierno municipal emiti\u00f3 la convocatoria para la elecci\u00f3n de autoridades auxiliares, delegados, subdelegados y Consejos de Participaci\u00f3n Ciudadana (Copaci), para el periodo 2019-2022, en las 30 regiones en las que para tal efecto se dividi\u00f3 el territorio municipal.<\/p>\n<p>La Secretar\u00eda del ayuntamiento es la autoridad competente para organizar las diferentes etapas del proceso electoral que se llevar\u00e1 a cabo el d\u00eda s\u00e1bado 30 de marzo de las 9:00 a las 17:00 horas, fecha l\u00edmite para su realizaci\u00f3n.<\/p>\n<p>En el caso de delegados y subdelegados, los candidatos deber\u00e1n registrarse mediante f\u00f3rmulas integradas por cuatro personas, que ser\u00e1n delegado; subdelegado y sus respectivos suplentes. En tanto que en el caso de candidatos a Consejos de Participaci\u00f3n Ciudadana deber\u00e1n registrarse en planillas de diez integrantes con la estructura de presidente, secretario, tesorero, dos vocales y sus respectivos suplentes.<\/p>\n<p>Los interesados deben ser ciudadanos mexicanos en pleno ejercicio de sus derechos civiles y pol\u00edticos, acreditar ante la secretar\u00eda del ayuntamiento ser vecinos de la comunidad a la cual buscan representar, ser de reconocida solvencia moral y probada honestidad, adem\u00e1s de contar con credencial para votar con direcci\u00f3n de la comunidad respectiva.<\/p>\n<p>Cada planilla o f\u00f3rmula debe registrarse por conducto de su representante y presentar una carta de solicitud de registro que contenga los nombres y cargos para los que se postulan, plan de trabajo para el periodo 2019-2022, credencial para votar en original y copia para el cotejo, as\u00ed como una constancia domiciliaria de cada integrante expedida por la secretar\u00eda del Ayuntamiento.<\/p>\n<p>El registro de las planillas o f\u00f3rmulas, las cuales ser\u00e1n identificadas con n\u00fameros, se realizar\u00e1 del 12 al 14 de marzo de las 9 a las 18:00 horas en la secretar\u00eda del Ayuntamiento, donde una vez validado su tr\u00e1mite se les entregar\u00e1 una constancia de registro el s\u00e1bado 16 de marzo, lo que les permitir\u00e1 realizar proselitismo pol\u00edtico hasta dos d\u00edas antes de la elecci\u00f3n.<\/p>\n<p>Para garantizar la transparencia durante la jornada electoral, los integrantes de las planillas validadas para participar, podr\u00e1n acreditar representantes ante la mesa receptora del voto en la jornada electoral, as\u00ed como para observar el cierre, escrutinio y c\u00f3mputo para constatar la transparencia y legalidad de la jornada.<\/p>\n<p>Las mesas receptoras de votos estar\u00e1n integradas por dos servidores p\u00fablicos, un presidente y un secretario, asignados por la secretar\u00eda del Ayuntamiento, quienes al t\u00e9rmino de la jornada fungir\u00e1n como escrutadores, de las 650 boletas que se entregar\u00e1n por mesa para cada elecci\u00f3n.<\/p>\n<p>La ubicaci\u00f3n de las mesas receptoras de votos, ser\u00e1n difundidas con antelaci\u00f3n para conocimiento de la ciudadan\u00eda, donde s\u00f3lo podr\u00e1n votar los vecinos que tengan su domicilio dentro de la comunidad o regi\u00f3n donde se realiza la elecci\u00f3n.<\/p>\n<p>El 3 de abril de 2019, la secretar\u00eda del ayuntamiento publicar\u00e1 los resultados de la elecci\u00f3n por delegaci\u00f3n y regi\u00f3n, adem\u00e1s reservar\u00e1 los resultados de aquellos casos en que se hubieran presentado irregularidades, tambi\u00e9n calificar\u00e1 su validez en sesi\u00f3n de cabildo a m\u00e1s tardar el 4 de abril con base en un informe sobre el proceso electoral.<\/p>\n<p>Los nombramientos respectivos de las planillas y f\u00f3rmulas ganadoras, ser\u00e1n firmadas por el presidente municipal y el secretario del Ayuntamiento, y ser\u00e1n expedidas a m\u00e1s tardar el 15 de abril de 2019. La toma de protesta correr\u00e1 a cargo del alcalde en el lugar que se designe para ello.<\/p>\n","protected":false},"excerpt":{"rendered":"<p>El gobierno municipal emiti\u00f3 la convocatoria para la elecci\u00f3n de autoridades auxiliares, delegados, subdelegados y Consejos de Participaci\u00f3n Ciudadana (Copaci), para el periodo 2019-2022, en las 30 regiones en las que para tal efecto se dividi\u00f3 el territorio municipal.<\/p>\n","protected":false},"author":3,"featured_media":418467,"comment_status":"open","ping_status":"open","sticky":false,"template":"","format":"standard","meta":{"_monsterinsights_skip_tracking":false,"_monsterinsights_sitenote_active":false,"_monsterinsights_sitenote_note":"","_monsterinsights_sitenote_category":0,"footnotes":""},"categories":[35155],"tags":[52988,83473,21946,43675,3802],"class_list":["post-418357","post","type-post","status-publish","format-standard","has-post-thumbnail","hentry","category-estado-de-mexico-estado-de-mexico","tag-autoridades","tag-consejos-de-participacion-ciudadana","tag-eleccion","tag-estado-de-mexico","tag-tultepec"],"_links":{"self":[{"href":"https:\/\/www.diarioimagen.net\/index.php?rest_route=\/wp\/v2\/posts\/418357","targetHints":{"allow":["GET"]}}],"collection":[{"href":"https:\/\/www.diarioimagen.net\/index.php?rest_route=\/wp\/v2\/posts"}],"about":[{"href":"https:\/\/www.diarioimagen.net\/index.php?rest_route=\/wp\/v2\/types\/post"}],"author":[{"embeddable":true,"href":"https:\/\/www.diarioimagen.net\/index.php?rest_route=\/wp\/v2\/users\/3"}],"replies":[{"embeddable":true,"href":"https:\/\/www.diarioimagen.net\/index.php?rest_route=%2Fwp%2Fv2%2Fcomments&post=418357"}],"version-history":[{"count":0,"href":"https:\/\/www.diarioimagen.net\/index.php?rest_route=\/wp\/v2\/posts\/418357\/revisions"}],"wp:featuredmedia":[{"embeddable":true,"href":"https:\/\/www.diarioimagen.net\/index.php?rest_route=\/wp\/v2\/media\/418467"}],"wp:attachment":[{"href":"https:\/\/www.diarioimagen.net\/index.php?rest_route=%2Fwp%2Fv2%2Fmedia&parent=418357"}],"wp:term":[{"taxonomy":"category","embeddable":true,"href":"https:\/\/www.diarioimagen.net\/index.php?rest_route=%2Fwp%2Fv2%2Fcategories&post=418357"},{"taxonomy":"post_tag","embeddable":true,"href":"https:\/\/www.diarioimagen.net\/index.php?rest_route=%2Fwp%2Fv2%2Ftags&post=418357"}],"curies":[{"name":"wp","href":"https:\/\/api.w.org\/{rel}","templated":true}]}}