{"id":418377,"date":"2019-03-08T00:04:17","date_gmt":"2019-03-08T06:04:17","guid":{"rendered":"https:\/\/www.diarioimagen.net\/?p=418377"},"modified":"2019-03-08T01:37:27","modified_gmt":"2019-03-08T07:37:27","slug":"100-dias-puros-primeros-lugares","status":"publish","type":"post","link":"https:\/\/www.diarioimagen.net\/?p=418377","title":{"rendered":"100 d\u00edas, puros primeros lugares"},"content":{"rendered":"<h2>Espacio Electoral<\/h2>\n<h5>Eleazar Flores<\/h5>\n<p>&nbsp;<\/p>\n<p><strong>\u00a0<\/strong><\/p>\n<p><strong>Y LOS QUE FALTAN.-<\/strong> Con datos aportados por organismos internacionales y nacionales de reconocida credibilidad, nuestro pa\u00eds viene ocupando en los \u00faltimos tres meses, primeros de esta cuarta transformaci\u00f3n, varios primeros lugares\u2026pero en \u00e1ngulos negativos del quehacer p\u00fablico.<\/p>\n<p>Por ejemplo, en estos dos primeros meses del a\u00f1o han estallado el mayor n\u00famero de huelgas -unas veinte aproximadamente-, lo que no se hab\u00eda visto en los \u00faltimos tres lustros del siglo. Junto con las huelgas hay que endosar el cierre de\u00a0 empresas, principalmente en el norte del pa\u00eds, sea por incapacidad para otorgar aumento salarial o por peleas intergremiales.<\/p>\n<p>Un caso acabado de esto \u00faltimo es el cierre de la poderosa embotelladora,\u00a0 FEMSA, con el inevitable registro de cientos de empleos perdidos\u2026pero vamos bien, dir\u00e1 el cl\u00e1sico.<\/p>\n<p>A LA BAJA.- Distintas y prestigiadas empresas calificadoras, como Moody\u00b4s, Standard &amp; Pours y dem\u00e1s, han anunciado a la baja las expectativas de crecimiento econ\u00f3mico de nuestro pa\u00eds, que son del 1.9% al 1.5%\u00a0 cuando m\u00e1s. El autor de la cuarta transformaci\u00f3n culpa de esa baja a todos, empezando por el gobierno anterior, menos a sus discursos divisionistas.<\/p>\n<p>Estos discursos punitivos que pronuncia a diario y en ocasiones muchas veces al d\u00eda, de hecho inician con su conferencia ma\u00f1anera en la que incluso sugiere a los chicos de la prensa \u201cp\u00f3nganse a trabajar, investiguen, con todo respeto\u201d. Me recuerda cuando candidato, le quiso recomendar al periodista Pepe C\u00e1rdenas c\u00f3mo enfocar una informaci\u00f3n. Sabiamente, Pepe cort\u00f3 la comunicaci\u00f3n.<\/p>\n<p>Muchos otros primeros lugares tiene la naciente administraci\u00f3n de la cuarta transformaci\u00f3n, que exalta siempre los ahorros que se hacen en el combate a la corrupci\u00f3n, pero olvida lo que por desatenciones o lo que sea, ocasiona p\u00e9rdidas no s\u00f3lo al gobierno sino a los sectores productivos, siendo ejemplo de ello los bloqueos a v\u00edas f\u00e9rreas en Michoac\u00e1n por casi dos meses.<\/p>\n<p>En el poderoso sector automotriz disminuye la producci\u00f3n de veh\u00edculos, as\u00ed como las ventas en el mercado interno, salv\u00e1ndose en parte por el incremento en la exportaci\u00f3n de unidades, principalmente a la Uni\u00f3n Americana.<\/p>\n<p>Tambi\u00e9n hay un primer lugar por rechiflas en actos p\u00fablicos, encabezados por el Presidente de la Rep\u00fablica en tantos lugares que ha visitado, curiosamente donde hay mandatarios no salidos de las filas de Morena. Hasta ayer, se registraban 18 rechiflas, pero aumentar\u00e1n este fin de semana por las giras programadas.<\/p>\n<p>Si la corrupci\u00f3n se limpia de arriba hacia abajo, en el divisionismo deber\u00eda ser igual.<\/p>\n<p>Para este escribiente todos y no uno solo debe declararse D\u00eda Internacional de la Mujer, de todos modos felicidades al 52% de quienes habitan aqu\u00ed.<\/p>\n<p><a href=\"mailto:elefa44@gmail.com\" target=\"_blank\" rel=\"noopener noreferrer\"><em>elefa44@gmail.com<\/em><\/a><\/p>\n","protected":false},"excerpt":{"rendered":"<p><span style=\"color: #005497;\"><strong>Eleazar Flores<\/strong><\/span><\/p>\n","protected":false},"author":3,"featured_media":0,"comment_status":"open","ping_status":"open","sticky":false,"template":"","format":"standard","meta":{"_monsterinsights_skip_tracking":false,"_monsterinsights_sitenote_active":false,"_monsterinsights_sitenote_note":"","_monsterinsights_sitenote_category":0,"footnotes":""},"categories":[81743],"tags":[81744,81776,43674],"class_list":["post-418377","post","type-post","status-publish","format-standard","hentry","category-eleazar-flores","tag-eleazar-flores","tag-espacio-electoral","tag-opinion"],"_links":{"self":[{"href":"https:\/\/www.diarioimagen.net\/index.php?rest_route=\/wp\/v2\/posts\/418377","targetHints":{"allow":["GET"]}}],"collection":[{"href":"https:\/\/www.diarioimagen.net\/index.php?rest_route=\/wp\/v2\/posts"}],"about":[{"href":"https:\/\/www.diarioimagen.net\/index.php?rest_route=\/wp\/v2\/types\/post"}],"author":[{"embeddable":true,"href":"https:\/\/www.diarioimagen.net\/index.php?rest_route=\/wp\/v2\/users\/3"}],"replies":[{"embeddable":true,"href":"https:\/\/www.diarioimagen.net\/index.php?rest_route=%2Fwp%2Fv2%2Fcomments&post=418377"}],"version-history":[{"count":0,"href":"https:\/\/www.diarioimagen.net\/index.php?rest_route=\/wp\/v2\/posts\/418377\/revisions"}],"wp:attachment":[{"href":"https:\/\/www.diarioimagen.net\/index.php?rest_route=%2Fwp%2Fv2%2Fmedia&parent=418377"}],"wp:term":[{"taxonomy":"category","embeddable":true,"href":"https:\/\/www.diarioimagen.net\/index.php?rest_route=%2Fwp%2Fv2%2Fcategories&post=418377"},{"taxonomy":"post_tag","embeddable":true,"href":"https:\/\/www.diarioimagen.net\/index.php?rest_route=%2Fwp%2Fv2%2Ftags&post=418377"}],"curies":[{"name":"wp","href":"https:\/\/api.w.org\/{rel}","templated":true}]}}