{"id":418379,"date":"2019-03-08T00:05:50","date_gmt":"2019-03-08T06:05:50","guid":{"rendered":"https:\/\/www.diarioimagen.net\/?p=418379"},"modified":"2019-03-08T01:39:54","modified_gmt":"2019-03-08T07:39:54","slug":"descalifican-a-calificadoras","status":"publish","type":"post","link":"https:\/\/www.diarioimagen.net\/?p=418379","title":{"rendered":"Descalifican a calificadoras"},"content":{"rendered":"<h2>Desde el portal<\/h2>\n<h5>\u00c1ngel Soriano<\/h5>\n<p>&nbsp;<\/p>\n<p>Este jueves 8, la bancada de Morena presentar\u00e1 en el Senado de la Rep\u00fablica\u00a0 una iniciativa para modificar el art\u00edculo 340 de la Ley del Mercado de Valores para que la CNBV tenga la facultad de decretar la revocaci\u00f3n de la autorizaci\u00f3n como instituci\u00f3n calificadora de valores, cuando\u00a0 presenten evaluaciones o calificaciones que no se apeguen a la independencia, objetividad, rigurosidad, autenticidad, veracidad, integridad y transparencia o se atente de manera deliberada contra la estabilidad financiera de los mercados o contra alguna empresa o sector determinado.<\/p>\n<p>Salom\u00f3n Jara, vocero de los senadores de Morena explic\u00f3 que su partido no est\u00e1 en contra del quehacer de las empresas calificadoras, pero \u201cno se vale que descalifiquen\u201d en forma tendenciosa e indic\u00f3 que se trata de regular la actuaci\u00f3n de estas empresas, como ya ha ocurrido en Estados Unidos, Espa\u00f1a o Francia.<\/p>\n<p>Se busca, dijo,\u00a0 facilitar a la Comisi\u00f3n Nacional Bancaria y de Valores la toma de acciones contra las calificadoras cuando, a trav\u00e9s de sus an\u00e1lisis, atenten claramente contra una compa\u00f1\u00eda o sector en el pa\u00eds, como ocurri\u00f3 con el caso de Fitch y Petr\u00f3leos Mexicanos (Pemex).<\/p>\n<p>\u201cLlegamos tarde a esta regulaci\u00f3n, que ya ha ocurrido en otros pa\u00edses, luego de experiencias vergonzosas como fue cuando Standard &amp; Poor\u2019s le dio calificaci\u00f3n de \u201cA\u201d a Leeman Brothers, causante de la crisis de 2008, en el mismo mes de su quiebra\u201d.<\/p>\n<p>Es necesario garantizar que estas empresas sean objetivas, pero no pueden descalificar, porque generan riesgos para la econom\u00eda nacional aunque reconoci\u00f3 que no es posible regular los an\u00e1lisis que estas empresas hagan sobre M\u00e9xico desde otros pa\u00edses,\u00a0 s\u00ed se debe de hacer en territorio nacional, de ah\u00ed la propuesta que ser\u00e1 presentada este jueves para su an\u00e1lisis y discusi\u00f3n, indic\u00f3.<\/p>\n<p style=\"text-align: center;\"><strong>TURBULENCIAS<br \/>\nEs tiempo de cambio <\/strong><strong>profundo: Albores<\/strong><\/p>\n<p>En Tuxtla Guti\u00e9rrez, en el Foro Estatal de Consulta del Plan Nacional de Desarrollo 2019-2024, acompa\u00f1ada del gobernador de Chiapas, Rutilio Escand\u00f3n Cadenas, la secretaria de Bienestar, la chiapaneca Mar\u00eda Luisa Albores Gonz\u00e1lez, asegur\u00f3 que en el gobierno del presidente Andr\u00e9s Manuel L\u00f3pez Obrador, \u201cnos mueve la convicci\u00f3n de que las pol\u00edticas p\u00fablicas deben cimentarse de abajo hacia arriba.<\/p>\n<p>Es tiempo de un cambio profundo a la hora de gobernar, es la hora de construir los cimientos de un gobierno del pueblo, para el pueblo y por el pueblo; de buscar la felicidad en comunidad. Ah\u00ed radica el esp\u00edritu verdaderamente popular de un gobierno\u201d, expres\u00f3 ante autoridades municipales, estatales, miembros de la academia, integrantes de centros de investigaci\u00f3n, representantes de agrupaciones empresariales, sociedad civil y organismos internacionales\u2026El presidente de la Junta de Coordinaci\u00f3n Pol\u00edtica de la Legislatura mexiquense, diputado Maurilio Hern\u00e1ndez Gonz\u00e1lez,\u00a0 al inaugurar el Conversatorio \u201cMujeres en peligro\u2026manos a la obra\u201d destac\u00f3 la importancia del acto para visibilizar un grav\u00edsimo problema, \u201cque calificamos como un flagelo hacia uno de los sectores fundamentales de nuestra sociedad, que son las mujeres\u201d.<\/p>\n<p>Y las asistentes, a su vez, expusieron: \u201cNos est\u00e1n matando y nadie hace nada\u201d. \u201cSi ning\u00fan hombre cuestiona sus privilegios, no vamos a avanzar\u201d.<\/p>\n<p>\u201cSin impunidad no habr\u00eda desaparecidos\u201d. \u201cSe ve a la mujer como algo desechable, por eso existe el feminicidio\u201d,\u00a0 reclamos de integrantes de colectivos y organizaciones sociales se hicieron o\u00edr en el recinto del Poder Legislativo, abierto esta vez a la expresi\u00f3n de quienes exigen el fin de la violencia machista y de la desaparici\u00f3n de personas, as\u00ed como la emisi\u00f3n de una segunda Alerta de G\u00e9nero en la entidad\u2026 Cuatro heridos y un adolecente muerto es el resultado de un nuevo enfrentamiento armado en la Central de Abasto de Oaxaca donde las autoridades buscan \u201cresolver\u201d los graves problemas sociales que van en ascenso, por medio de la fuerza; los conflictos entre taxistas, mototaxis, ambulantes e invasores de espacios p\u00fablicos, se dirimen a tiros en una creciente inseguridad y alarma ciudadana\u2026<\/p>\n<p><em><a href=\"mailto:asorianocarrasco@yahoo.com\" target=\"_blank\" rel=\"noopener noreferrer\">asorianocarrasco@yahoo.com<\/a><br \/>\n<a href=\"https:\/\/twitter.com\/brecharevista\" target=\"_blank\" rel=\"noopener noreferrer\">@BrechaRevista<\/a><a href=\"mailto:asorianocarrasco@yahoo.com\" target=\"_blank\" rel=\"noopener noreferrer\"><br \/>\n<\/a><a href=\"https:\/\/revistabrecha.com\" target=\"_blank\" rel=\"noopener noreferrer\">www.revistabrecha.com<\/a><\/em><\/p>\n","protected":false},"excerpt":{"rendered":"<p><span style=\"color: #005497;\"><strong>\u00c1ngel Soriano<\/strong><\/span><\/p>\n","protected":false},"author":3,"featured_media":0,"comment_status":"open","ping_status":"open","sticky":false,"template":"","format":"standard","meta":{"_monsterinsights_skip_tracking":false,"_monsterinsights_sitenote_active":false,"_monsterinsights_sitenote_note":"","_monsterinsights_sitenote_category":0,"footnotes":""},"categories":[135],"tags":[85,86,43674],"class_list":["post-418379","post","type-post","status-publish","format-standard","hentry","category-angel-soriano-opinion","tag-angel-soriano","tag-desde-el-portal","tag-opinion"],"_links":{"self":[{"href":"https:\/\/www.diarioimagen.net\/index.php?rest_route=\/wp\/v2\/posts\/418379","targetHints":{"allow":["GET"]}}],"collection":[{"href":"https:\/\/www.diarioimagen.net\/index.php?rest_route=\/wp\/v2\/posts"}],"about":[{"href":"https:\/\/www.diarioimagen.net\/index.php?rest_route=\/wp\/v2\/types\/post"}],"author":[{"embeddable":true,"href":"https:\/\/www.diarioimagen.net\/index.php?rest_route=\/wp\/v2\/users\/3"}],"replies":[{"embeddable":true,"href":"https:\/\/www.diarioimagen.net\/index.php?rest_route=%2Fwp%2Fv2%2Fcomments&post=418379"}],"version-history":[{"count":0,"href":"https:\/\/www.diarioimagen.net\/index.php?rest_route=\/wp\/v2\/posts\/418379\/revisions"}],"wp:attachment":[{"href":"https:\/\/www.diarioimagen.net\/index.php?rest_route=%2Fwp%2Fv2%2Fmedia&parent=418379"}],"wp:term":[{"taxonomy":"category","embeddable":true,"href":"https:\/\/www.diarioimagen.net\/index.php?rest_route=%2Fwp%2Fv2%2Fcategories&post=418379"},{"taxonomy":"post_tag","embeddable":true,"href":"https:\/\/www.diarioimagen.net\/index.php?rest_route=%2Fwp%2Fv2%2Ftags&post=418379"}],"curies":[{"name":"wp","href":"https:\/\/api.w.org\/{rel}","templated":true}]}}