{"id":418393,"date":"2019-03-08T00:11:44","date_gmt":"2019-03-08T06:11:44","guid":{"rendered":"https:\/\/www.diarioimagen.net\/?p=418393"},"modified":"2019-03-08T08:30:57","modified_gmt":"2019-03-08T14:30:57","slug":"amlo-y-sus-primeros-100-o-284-dias-de-gobierno","status":"publish","type":"post","link":"https:\/\/www.diarioimagen.net\/?p=418393","title":{"rendered":"AMLO y sus primeros 100\u2026 \u00bfo 284 d\u00edas de gobierno?"},"content":{"rendered":"<h2>Tras la puerta del poder<\/h2>\n<h5>Roberto Vizca\u00edno<\/h5>\n<p>&nbsp;<\/p>\n<div id=\"attachment_418488\" style=\"width: 470px\" class=\"wp-caption aligncenter\"><a href=\"https:\/\/www.diarioimagen.net\/?attachment_id=418488\" rel=\"attachment wp-att-418488\"><img loading=\"lazy\" decoding=\"async\" aria-describedby=\"caption-attachment-418488\" class=\"size-large wp-image-418488\" src=\"https:\/\/www.diarioimagen.net\/wp-content\/uploads\/2019\/03\/funcionario-ejemplar-LUIS-XAVIER-9-460x353.jpg\" alt=\"\" width=\"460\" height=\"353\" srcset=\"https:\/\/www.diarioimagen.net\/wp-content\/uploads\/2019\/03\/funcionario-ejemplar-LUIS-XAVIER-9-460x353.jpg 460w, https:\/\/www.diarioimagen.net\/wp-content\/uploads\/2019\/03\/funcionario-ejemplar-LUIS-XAVIER-9-240x184.jpg 240w, https:\/\/www.diarioimagen.net\/wp-content\/uploads\/2019\/03\/funcionario-ejemplar-LUIS-XAVIER-9-768x589.jpg 768w, https:\/\/www.diarioimagen.net\/wp-content\/uploads\/2019\/03\/funcionario-ejemplar-LUIS-XAVIER-9.jpg 1200w\" sizes=\"auto, (max-width: 460px) 100vw, 460px\" \/><\/a><p id=\"caption-attachment-418488\" class=\"wp-caption-text\">Funcionario ejemplar&#8230; | Luis Xavier<\/p><\/div>\n<p>&nbsp;<\/p>\n<p>De aqu\u00ed al lunes 11 de este marzo correr\u00e1n los an\u00e1lisis sobre los primeros 100 d\u00edas de gobierno del presidente <strong>Andr\u00e9s Manuel L\u00f3pez Obrador<\/strong>. De logros y pendientes. De qu\u00e9 ha cumplido y qu\u00e9 no.<\/p>\n<p>Lo primero que hay que aclarar en este recuento es sin duda lo de los d\u00edas que lleva en el poder porque el tabasque\u00f1o ha resultado ser un mandatario absolutamente at\u00edpico en un momento incre\u00edblemente extraordinario de M\u00e9xico.<\/p>\n<p>Lo de los 100 d\u00edas es sin duda un mero formulismo dentro de la tradici\u00f3n del ejercicio del gobierno, porque la verdad es que <strong>L\u00f3pez Obrador<\/strong>&#8211;estoy seguro que usted coincidir\u00e1 conmigo&#8211;, comenz\u00f3 a gobernar desde la noche misma del 1 de julio en que todos lo declararon ganador.<\/p>\n<p>Ya en su alocuci\u00f3n ante los medios y sus partidarios en aquel hotel donde dio su primer mensaje ya hablaba y se comportaba como Presidente de M\u00e9xico.<\/p>\n<p>Y ni qu\u00e9 decir de su entrada triunfante esa misma noche al Z\u00f3calo, esa plaza que es el ombligo de M\u00e9xico que \u00e9l hizo suya desde los tiempos de las tomas de los pozos petroleros en su natal Tabasco y con su plant\u00f3n para reclamar su supuesto triunfo ante el gane de enemigo ancestral <strong>Roberto Madrazo<\/strong> como gobernador de aquel estado a mediados de los noventa.<\/p>\n<p>Esa noche del 1 de julio <strong>L\u00f3pez Obrador <\/strong>comenz\u00f3 a gobernar ante la aceptaci\u00f3n y rendici\u00f3n total de <strong>Enrique Pe\u00f1a Nieto,<\/strong> quien desde entonces le entreg\u00f3 el pa\u00eds.<\/p>\n<p>Desde esa noche, es decir desde hace 284 d\u00edas, \u00e9l comenz\u00f3 a darle la puntilla a su decisi\u00f3n mayor de cancelar la construcci\u00f3n del Aeropuerto Internacional de la Ciudad de M\u00e9xico, a dictaminar que su alterativa ser\u00eda el aeropuerto militar de San Luc\u00eda y sobre todo esa noche, primero desde el hotel y luego en el Z\u00f3calo comenz\u00f3 a repartir el dinero que ha comenzado a hacer realidad ahora para adultos mayores, estudiantes de todos los niveles, a discapacitados y madres que son en realidad jefas de familia.<\/p>\n<p>Entre julio y el 1 de diciembre que tom\u00f3 posesi\u00f3n de la Presidencia, acudi\u00f3 ante empresarios y banqueros para hacer acuerdos de gobierno y establecer alianzas y programas conjuntos.<\/p>\n<p>Es decir, para comenzar a gobernar con ellos.<\/p>\n<p>En ese entretiempo comenz\u00f3 a delinear su estilo de gobernar al realizar giras de agradecimiento por los estados y donde estableci\u00f3 su forma de comunicarse con los ciudadanos.<\/p>\n<p>Lo que hoy hace es exactamente la continuaci\u00f3n de aquellas giras por el pa\u00eds.<\/p>\n<p>Desde entonces estableci\u00f3 que \u00e9l es el centro de la comunicaci\u00f3n con los medios y los mexicanos, primero en la escalera de su casa de transici\u00f3n en la colonia Roma y ahora en el hermoso sal\u00f3n de la Tesorer\u00eda de Palacio Nacional.<\/p>\n<p>Una conducci\u00f3n sin cambios donde \u00e9l es quien da la palabra a los reporteros y quien les contesta lo mismo sobre el curso del tramo de una carretera local en Sonora, que sobre las negociaciones del problema de los taxistas en Los Cabos, o sobre el espinoso caso de las predicciones de las calificadoras internacionales respecto la enorme deuda de Pemex y la solvencia crediticia de su gobierno.<\/p>\n<p>\u00c9l lo es todo en su incipiente r\u00e9gimen.<\/p>\n<p>\u00bfQu\u00e9 ha logrado y qu\u00e9 no?<\/p>\n<p>\u00c9l afirma que todo va bajo su conducci\u00f3n en forma inmejorable, que la econom\u00eda mexicana no tiene otra alternativa que el crecimiento al 4 por ciento del PIB como lo prometi\u00f3 en campa\u00f1a, que la pacificaci\u00f3n y abatimiento de la violencia y las ejecuciones bajar\u00e1n conforme comiencen a dar resultado sus programas sociales y su combate a la corrupci\u00f3n, el principal causante de todos los males de M\u00e9xico.<\/p>\n<p>En este contexto, due\u00f1o absoluto del escenario y el contexto, de las decisiones menores y mayores en el pa\u00eds, con todo sometido a su pu\u00f1o y su creciente popularidad, <strong>Andr\u00e9s Manuel L\u00f3pez Obrador<\/strong> es sin duda un presidente feliz. Tan feliz como ninguno de sus antecesores logr\u00f3 ser.<\/p>\n<p style=\"text-align: center;\"><strong>\u00bfY qu\u00e9 dicen sus opositores?<\/strong><\/p>\n<p>Lo que dicen sus contrarios es simple y llanamente lo contrario. Ven una conducci\u00f3n fallida, err\u00e1tica, caprichosa de su administraci\u00f3n, basada en ocurrencias.<\/p>\n<p>Repudian sus consultas, desestiman sus proyecciones, y ven riesgos y peligros en su descalificaci\u00f3n a instituciones centrales de la democracia como el Banco de M\u00e9xico, la Suprema Corte y los organismos aut\u00f3nomos todos.<\/p>\n<p>Todos sus opositores enumeran a la menor pregunta, la retah\u00edla de errores y malos augurios del gobierno de L\u00f3pez Obrador.<\/p>\n<p>Sus contrarios no pueden entender c\u00f3mo es posible que pese a decisiones tan contundentes y da\u00f1inas como el recorte presupuestal a estancias infantiles, a su decisi\u00f3n de no actuar contra los de la CNTE que obstruyeron v\u00edas en Michoac\u00e1n causando enorme da\u00f1o econ\u00f3mico a las industrias del centro del pa\u00eds, de su draconiana decisi\u00f3n de cerrar ductos y producir un desabasto de gasolinas en 12 estados 8 de cada 10 mexicanos todav\u00eda lo sigan apoyando.<\/p>\n<p>De entre todos sus opositores quiz\u00e1 uno singular sea el hoy senador chihuahuense Gustavo Madero, quien sin embargo hace una evaluaci\u00f3n m\u00e1s o menos serena del tabasque\u00f1o en su actuaci\u00f3n como Presidente de M\u00e9xico.<\/p>\n<p>Ex presidente del PAN, ex participante esencial en el Pacto por M\u00e9xico que luego produjo al menos 11 o m\u00e1s grandes reformas estructurales, Madero es sin duda uno de los panistas con mayor experiencia con cercan\u00eda en el poder.<\/p>\n<p>El chihuahuense aspiraba a ser candidato del blanquiazul a la Presidencia de M\u00e9xico en 2018 y no lo logr\u00f3 debido a la traici\u00f3n que le hizo<strong> Ricardo Anaya,<\/strong> a quien <strong>Madero <\/strong>hab\u00eda dejado en la presidencia del PAN precisamente para preparar su lanzamiento.<\/p>\n<p>Este panista considera que, a 100 o 284 primeros d\u00edas de gobierno, <strong>Andr\u00e9s Manuel L\u00f3pez Obrador<\/strong> ha resultado ser un excelente y muy preocupante l\u00edder pol\u00edtico, con una gran atracci\u00f3n popular y con una calificaci\u00f3n de 6 de una de cero a diez en la conducci\u00f3n econ\u00f3mica, y absolutamente reprobado en la realizaci\u00f3n o ejecuci\u00f3n de sus tareas gubernamentales.<\/p>\n<p>El senador <strong>Madero<\/strong> cuestiona sobre todo el entorno y calidad del equipo de AMLO de donde surgen\u00a0 por ejemplo iniciativas como la de sancionar e intentar controlar y acotar a las calificadoras internacionales.<\/p>\n<p>El panista advierte que detr\u00e1s de los ataques a calificadoras como Ficht Ratings, Standard&amp;Poor\u2019s y Moody\u2019s, se oculta un autoritarismo que pretende silenciar a quienes no est\u00e1n en la misma frecuencia de la \u201cCuarta Transformaci\u00f3n\u201d.<\/p>\n<p>\u201cEs alarmante y me preocupa la incapacidad para procesar los dichos de personajes y \u00f3rganos que no comulgan con la 4T; ahora son las calificadoras, pero ya le toc\u00f3 a la sociedad civil, periodistas, \u00f3rganos aut\u00f3nomos, partidos e incluso funcionarios federales\u201d, precis\u00f3.<\/p>\n<p>Lanzada esta iniciativa por el senador <strong>Salom\u00f3n Jara,<\/strong> vocero de la fracci\u00f3n mayoritaria de Morena en el Senado, pretend\u00eda reformar el art\u00edculo 340 de la Ley del Mercado de Valores, con la intenci\u00f3n de que la CNBV pudiera revocar los permisos a las agencias calificadoras cuando sus evaluaciones pudieran ser consideradas contrarias a la estabilidad financiera de nuestro pa\u00eds.<\/p>\n<p>La iniciativa fue de inmediato cuestionada por los especialistas en finanzas, los analistas pol\u00edticos y la oposici\u00f3n toda.<\/p>\n<p>Pero sobre todo fue repudiada de inmediato no s\u00f3lo por el propio presidente <strong>L\u00f3pez Obrador <\/strong>sino cuestionada y rechazada por <strong>Ricardo Monreal, <\/strong>l\u00edder de la mayor\u00eda de senadores de Morena.<\/p>\n<p><strong>El senador Madero <\/strong>consider\u00f3 que, de presentarse y aprobarse una medida de esta naturaleza, ser\u00eda completamente contraproducente para la econom\u00eda de M\u00e9xico y principalmente para Petr\u00f3leos Mexicanos (Pemex) que cuenta con una enorme deuda; ya que, se dar\u00eda una se\u00f1al negativa a los mercados porque nuestro pa\u00eds estar\u00eda en la penumbra y los inversionistas, al carecer de estudios e informaci\u00f3n, evitar\u00edan acercarse.<\/p>\n<p>Aunque Morena, <strong>Monreal<\/strong> y <strong>Andr\u00e9s Manuel L\u00f3pez Obrador <\/strong>reculen, asegur\u00f3 <strong>Madero,<\/strong> los impulsos de los integrantes de la \u201cCuarta Transformaci\u00f3n\u201d est\u00e1n ofreciendo un panorama del sentir y visi\u00f3n, de la intolerancia y deseos por censurar todo aquello que no est\u00e1 de su lado.<\/p>\n<p>Esta es una muestra de lo que en estos d\u00edas de evaluaci\u00f3n de los primeros d\u00edas de Gobierno de <strong>L\u00f3pez Obrador<\/strong> predominar\u00e1 en todos los medios y las mesas de an\u00e1lisis de M\u00e9xico.<\/p>\n<p><em><a href=\"http:\/\/endirecto.mx\" target=\"_blank\" rel=\"noopener noreferrer\">www.endirecto.mx<\/a><\/em><br \/>\n<em><a href=\"https:\/\/twitter.com\/_rvizcaino\" target=\"_blank\" rel=\"noopener noreferrer\">@_RVizcaino<\/a><\/em><br \/>\n<a href=\"https:\/\/www.facebook.com\/rvizcainoa\" target=\"_blank\" rel=\"noopener noreferrer\">f<em>acebook.com\/rvizcainoa<\/em><\/a><\/p>\n","protected":false},"excerpt":{"rendered":"<p><span style=\"color: #005497;\"><strong>Roberto Vizca\u00edno<\/strong><\/span><br \/>\n<br \/>\nDe aqu\u00ed al lunes 11 de este marzo correr\u00e1n los an\u00e1lisis sobre los primeros 100 d\u00edas de gobierno del presidente <strong>Andr\u00e9s Manuel L\u00f3pez Obrador<\/strong>. De logros y pendientes. De qu\u00e9 ha cumplido y qu\u00e9 no.<\/p>\n","protected":false},"author":3,"featured_media":418488,"comment_status":"open","ping_status":"open","sticky":false,"template":"","format":"standard","meta":{"_monsterinsights_skip_tracking":false,"_monsterinsights_sitenote_active":false,"_monsterinsights_sitenote_note":"","_monsterinsights_sitenote_category":0,"footnotes":""},"categories":[136],"tags":[43674,93,94],"class_list":["post-418393","post","type-post","status-publish","format-standard","has-post-thumbnail","hentry","category-roberto-vizcaino-opinion","tag-opinion","tag-roberto-vizcaino","tag-tras-la-puerta-del-poder"],"_links":{"self":[{"href":"https:\/\/www.diarioimagen.net\/index.php?rest_route=\/wp\/v2\/posts\/418393","targetHints":{"allow":["GET"]}}],"collection":[{"href":"https:\/\/www.diarioimagen.net\/index.php?rest_route=\/wp\/v2\/posts"}],"about":[{"href":"https:\/\/www.diarioimagen.net\/index.php?rest_route=\/wp\/v2\/types\/post"}],"author":[{"embeddable":true,"href":"https:\/\/www.diarioimagen.net\/index.php?rest_route=\/wp\/v2\/users\/3"}],"replies":[{"embeddable":true,"href":"https:\/\/www.diarioimagen.net\/index.php?rest_route=%2Fwp%2Fv2%2Fcomments&post=418393"}],"version-history":[{"count":0,"href":"https:\/\/www.diarioimagen.net\/index.php?rest_route=\/wp\/v2\/posts\/418393\/revisions"}],"wp:featuredmedia":[{"embeddable":true,"href":"https:\/\/www.diarioimagen.net\/index.php?rest_route=\/wp\/v2\/media\/418488"}],"wp:attachment":[{"href":"https:\/\/www.diarioimagen.net\/index.php?rest_route=%2Fwp%2Fv2%2Fmedia&parent=418393"}],"wp:term":[{"taxonomy":"category","embeddable":true,"href":"https:\/\/www.diarioimagen.net\/index.php?rest_route=%2Fwp%2Fv2%2Fcategories&post=418393"},{"taxonomy":"post_tag","embeddable":true,"href":"https:\/\/www.diarioimagen.net\/index.php?rest_route=%2Fwp%2Fv2%2Ftags&post=418393"}],"curies":[{"name":"wp","href":"https:\/\/api.w.org\/{rel}","templated":true}]}}