{"id":418526,"date":"2019-03-09T00:10:03","date_gmt":"2019-03-09T06:10:03","guid":{"rendered":"https:\/\/www.diarioimagen.net\/?p=418526"},"modified":"2019-03-09T06:33:02","modified_gmt":"2019-03-09T12:33:02","slug":"en-edomex-se-trabaja-para-garantizar-los-derechos-y-las-condiciones-sociales-y-economicas-de-las-mujeres-alfredo-del-mazo","status":"publish","type":"post","link":"https:\/\/www.diarioimagen.net\/?p=418526","title":{"rendered":"En Edomex se trabaja para garantizar los derechos y las condiciones sociales y econ\u00f3micas de las mujeres: Alfredo Del Mazo"},"content":{"rendered":"<p>&nbsp;<\/p>\n<ul>\n<li><em><strong>Informa Gobernador mexiquense que entre las acciones que se llevan a cabo se encuentran el fortalecimiento de los refugios para atender a las mujeres v\u00edctimas de violencia<\/strong><\/em><\/li>\n<\/ul>\n<p>&nbsp;<\/p>\n<div id=\"attachment_418527\" style=\"width: 470px\" class=\"wp-caption aligncenter\"><a href=\"https:\/\/www.diarioimagen.net\/?attachment_id=418527\" rel=\"attachment wp-att-418527\"><img loading=\"lazy\" decoding=\"async\" aria-describedby=\"caption-attachment-418527\" class=\"size-large wp-image-418527\" src=\"https:\/\/www.diarioimagen.net\/wp-content\/uploads\/2019\/03\/delmazo-460x259.jpg\" alt=\"\" width=\"460\" height=\"259\" srcset=\"https:\/\/www.diarioimagen.net\/wp-content\/uploads\/2019\/03\/delmazo-460x259.jpg 460w, https:\/\/www.diarioimagen.net\/wp-content\/uploads\/2019\/03\/delmazo-240x135.jpg 240w, https:\/\/www.diarioimagen.net\/wp-content\/uploads\/2019\/03\/delmazo-235x132.jpg 235w, https:\/\/www.diarioimagen.net\/wp-content\/uploads\/2019\/03\/delmazo-202x114.jpg 202w, https:\/\/www.diarioimagen.net\/wp-content\/uploads\/2019\/03\/delmazo-350x196.jpg 350w, https:\/\/www.diarioimagen.net\/wp-content\/uploads\/2019\/03\/delmazo-220x123.jpg 220w, https:\/\/www.diarioimagen.net\/wp-content\/uploads\/2019\/03\/delmazo-237x132.jpg 237w, https:\/\/www.diarioimagen.net\/wp-content\/uploads\/2019\/03\/delmazo.jpg 480w\" sizes=\"auto, (max-width: 460px) 100vw, 460px\" \/><\/a><p id=\"caption-attachment-418527\" class=\"wp-caption-text\">El gobernador Alfredo del Mazo Maza inform\u00f3 que el a\u00f1o pasado, se logr\u00f3 reducir el \u00edndice de mortalidad por c\u00e1ncer de mama en 37 por ciento.<\/p><\/div>\n<p>&nbsp;<\/p>\n<p><b>Naucalpan, Estado de M\u00e9xico.-<\/b> En el marco del D\u00eda Internacional de la Mujer, el Gobernador Alfredo Del Mazo indic\u00f3 que en el Estado de M\u00e9xico se trabaja para fortalecer los derechos de las mujeres y emprender acciones para combatir la violencia de g\u00e9nero, como lo son la creaci\u00f3n de la Red Naranja y la Casa de Transici\u00f3n de Naucalpan, adem\u00e1s de reforzar los cinco refugios para atender a mujeres que sufrieron violencia.<\/p>\n<p>\u201cEn el Estado de M\u00e9xico, hemos asumido como nuestro mayor reto y nuestro principal compromiso, respetar y fortalecer los derechos de las mujeres, y garantizar las condiciones sociales, econ\u00f3micas y jur\u00eddicas para asegurar su cumplimiento\u201d, afirm\u00f3.<\/p>\n<p>\u201cPara fortalecer nuestras estrategias, anunciamos tres acciones derivadas del Programa Integral de Prevenci\u00f3n y Atenci\u00f3n de la violencia de G\u00e9nero, presentado en la sesi\u00f3n pasada de este Sistema: la Red Naranja, el fortalecimiento de la red de refugios para mujeres v\u00edctimas de violencia y la inauguraci\u00f3n de esta Casa de Transici\u00f3n en Naucalpan, para impulsar este nuevo esquema de atenci\u00f3n a las mujeres que han sufrido violencia\u201d, puntualiz\u00f3.<\/p>\n<p>Al encabezar la XX Sesi\u00f3n Ordinaria del Sistema Estatal para la Igualdad de Trato y Oportunidades entre Mujeres y Hombres y para Prevenir, Atender, Sancionar y Erradicar la Violencia contra las Mujeres, Alfredo Del Mazo explic\u00f3 que la Red Naranja es una estrategia que tiene como objetivo crear una red para detectar y atender brotes de violencia de g\u00e9nero, con la participaci\u00f3n de diferentes sectores sociales.<\/p>\n<p>En este sentido, el Consejo de C\u00e1maras y Asociaciones Empresariales del Estado de M\u00e9xico, el Sindicato de Maestros al Servicio del Estado de M\u00e9xico, as\u00ed como la Red ExpoSocial, AC, el Consejo Interreligioso de Alianzas de M\u00e9xico y el Obispado de Tlalnepantla, firmaron una Carta de Intenci\u00f3n para la Integraci\u00f3n de la Red Naranja de Prevenci\u00f3n.<\/p>\n<p>El gobernador dio a conocer que quienes participen en esta red, recibir\u00e1n capacitaci\u00f3n, difundir\u00e1n campa\u00f1as para romper estereotipos y colaborar\u00e1n con el gobierno estatal para combatir la violencia de g\u00e9nero.<\/p>\n<p>Asimismo, a trav\u00e9s de una aplicaci\u00f3n m\u00f3vil desarrollada por el gobierno estatal, Red Naranja tendr\u00e1 a su disposici\u00f3n un mecanismo \u00fanico de vinculaci\u00f3n que integra todos los canales en los que la sociedad puede denunciar o pedir asistencia ante situaciones de agresi\u00f3n, como el servicio de las L\u00edneas 01 800 \u201cL\u00ednea Sin Violencia\u201d y la \u201cL\u00ednea Contra la Trata\u201d.<\/p>\n<p>Adem\u00e1s de contar con el apoyo de instituciones como la Fiscal\u00eda General del Estado, el Instituto de Salud de la entidad (ISEM), la Comisi\u00f3n de Derechos Humanos estatal (Codhem) y el DIFEM, as\u00ed como las l\u00edneas de emergencia 060, 066 y 911, y el acceso a servicios como asesor\u00eda jur\u00eddica y psicol\u00f3gica por parte del Consejo Estatal de la Mujer y Bienestar Social (CEMyBS).<\/p>\n<p>Alfredo Del Mazo indic\u00f3 que el Estado de M\u00e9xico es la \u00fanica entidad en el pa\u00eds en la que el Gobierno estatal sostiene financieramente y administra cinco refugios para mujeres v\u00edctimas de violencia, donde se atiende a sus hijas e hijos, lugares en donde, dijo, encuentran un hogar para recuperarse f\u00edsica y emocionalmente, reciben atenci\u00f3n alimenticia, m\u00e9dica, jur\u00eddica y psicol\u00f3gica, y durante su estancia, se impulsa el restablecimiento de la autoestima de las v\u00edctimas, y se acelera su egreso para reincorporarse a la sociedad.<\/p>\n<p>Respecto a la Casa de Transici\u00f3n de Naucalpan, Del Mazo Mazo detall\u00f3 que es un nuevo modelo de atenci\u00f3n para mujeres v\u00edctimas de violencia, para que, quienes al salir de los Refugios, no cuenten con un lugar a d\u00f3nde ir, y puedan hacer uso de esta casa, hasta por un a\u00f1o.<\/p>\n<p>Explic\u00f3 que el Ayuntamiento de Naucalpan aport\u00f3 las instalaciones y equipamiento, y la administraci\u00f3n estatal se har\u00e1 cargo de la operaci\u00f3n, por lo que expres\u00f3 su reconocimiento a las autoridades municipales por impulsar este tipo de acciones e hizo votos para que esta Casa sea la primera de muchas m\u00e1s que se pongan en operaci\u00f3n en la entidad.<\/p>\n","protected":false},"excerpt":{"rendered":"<p>En el marco del D\u00eda Internacional de la Mujer, el Gobernador Alfredo Del Mazo indic\u00f3 que en el Estado de M\u00e9xico se trabaja para fortalecer los derechos de<\/p>\n","protected":false},"author":1,"featured_media":418527,"comment_status":"open","ping_status":"open","sticky":false,"template":"","format":"standard","meta":{"_monsterinsights_skip_tracking":false,"_monsterinsights_sitenote_active":false,"_monsterinsights_sitenote_note":"","_monsterinsights_sitenote_category":0,"footnotes":""},"categories":[5],"tags":[2505,3313,43675],"class_list":["post-418526","post","type-post","status-publish","format-standard","has-post-thumbnail","hentry","category-estado-de-mexico","tag-alfredo-del-mazo-maza","tag-dia-internacional-de-la-mujer","tag-estado-de-mexico"],"_links":{"self":[{"href":"https:\/\/www.diarioimagen.net\/index.php?rest_route=\/wp\/v2\/posts\/418526","targetHints":{"allow":["GET"]}}],"collection":[{"href":"https:\/\/www.diarioimagen.net\/index.php?rest_route=\/wp\/v2\/posts"}],"about":[{"href":"https:\/\/www.diarioimagen.net\/index.php?rest_route=\/wp\/v2\/types\/post"}],"author":[{"embeddable":true,"href":"https:\/\/www.diarioimagen.net\/index.php?rest_route=\/wp\/v2\/users\/1"}],"replies":[{"embeddable":true,"href":"https:\/\/www.diarioimagen.net\/index.php?rest_route=%2Fwp%2Fv2%2Fcomments&post=418526"}],"version-history":[{"count":0,"href":"https:\/\/www.diarioimagen.net\/index.php?rest_route=\/wp\/v2\/posts\/418526\/revisions"}],"wp:featuredmedia":[{"embeddable":true,"href":"https:\/\/www.diarioimagen.net\/index.php?rest_route=\/wp\/v2\/media\/418527"}],"wp:attachment":[{"href":"https:\/\/www.diarioimagen.net\/index.php?rest_route=%2Fwp%2Fv2%2Fmedia&parent=418526"}],"wp:term":[{"taxonomy":"category","embeddable":true,"href":"https:\/\/www.diarioimagen.net\/index.php?rest_route=%2Fwp%2Fv2%2Fcategories&post=418526"},{"taxonomy":"post_tag","embeddable":true,"href":"https:\/\/www.diarioimagen.net\/index.php?rest_route=%2Fwp%2Fv2%2Ftags&post=418526"}],"curies":[{"name":"wp","href":"https:\/\/api.w.org\/{rel}","templated":true}]}}