{"id":418533,"date":"2019-03-09T00:10:12","date_gmt":"2019-03-09T06:10:12","guid":{"rendered":"https:\/\/www.diarioimagen.net\/?p=418533"},"modified":"2019-03-09T06:39:20","modified_gmt":"2019-03-09T12:39:20","slug":"presidente-amlo-reconoce-lucha-de-las-mujeres-por-la-igualdad","status":"publish","type":"post","link":"https:\/\/www.diarioimagen.net\/?p=418533","title":{"rendered":"Presidente AMLO reconoce lucha de las mujeres por la igualdad"},"content":{"rendered":"<ul>\n<li><em><strong>Versi\u00f3n estenogr\u00e1fica<\/strong><\/em><\/li>\n<li><em><strong>Vamos a tener un encuentro y se va a hablar sobre el tema del D\u00eda Internacional de la Mujer, esta conmemoraci\u00f3n, y de las demandas de las mujeres, dijo el Presidente durante la conferencia matutina<\/strong><\/em><\/li>\n<\/ul>\n<p>&nbsp;<\/p>\n<p><a href=\"https:\/\/www.diarioimagen.net\/?attachment_id=418534\" rel=\"attachment wp-att-418534\"><img loading=\"lazy\" decoding=\"async\" class=\"aligncenter size-large wp-image-418534\" src=\"https:\/\/www.diarioimagen.net\/wp-content\/uploads\/2019\/03\/amlo-1-460x259.jpg\" alt=\"\" width=\"460\" height=\"259\" srcset=\"https:\/\/www.diarioimagen.net\/wp-content\/uploads\/2019\/03\/amlo-1-460x259.jpg 460w, https:\/\/www.diarioimagen.net\/wp-content\/uploads\/2019\/03\/amlo-1-240x135.jpg 240w, https:\/\/www.diarioimagen.net\/wp-content\/uploads\/2019\/03\/amlo-1-235x132.jpg 235w, https:\/\/www.diarioimagen.net\/wp-content\/uploads\/2019\/03\/amlo-1-202x114.jpg 202w, https:\/\/www.diarioimagen.net\/wp-content\/uploads\/2019\/03\/amlo-1-350x196.jpg 350w, https:\/\/www.diarioimagen.net\/wp-content\/uploads\/2019\/03\/amlo-1-220x123.jpg 220w, https:\/\/www.diarioimagen.net\/wp-content\/uploads\/2019\/03\/amlo-1-237x132.jpg 237w, https:\/\/www.diarioimagen.net\/wp-content\/uploads\/2019\/03\/amlo-1.jpg 480w\" sizes=\"auto, (max-width: 460px) 100vw, 460px\" \/><\/a><\/p>\n<p>&nbsp;<\/p>\n<p><b>PRESIDENTE ANDR\u00c9S MANUEL L\u00d3PEZ OBRADOR:<\/b> Buenos d\u00edas.<\/p>\n<p>Se nos hizo un poquito tarde, pero estuvo muy amplia la informaci\u00f3n en la mesa de seguridad.<\/p>\n<p>Como saben todos los d\u00edas desde antes de las 6.00 de la ma\u00f1ana nos reunimos para recibir el parte, el reporte de todo lo que sucede en el pa\u00eds, nos informamos de todo lo que pasa y tomamos decisiones. Entonces ahora se nos hizo un poco tarde.<\/p>\n<p>Por eso vamos a abrir el di\u00e1logo circular, quedamos ayer pendientes.<\/p>\n<p><b>PREGUNTA:<\/b> Presidente de M\u00e9xico, su servidor Carlos Pozos, L\u00edderes Mexicanos y Petr\u00f3leo y Energ\u00eda. Gracias, de esa pregunta que hab\u00eda quedado pendiente ayer.<\/p>\n<p>Presidente de M\u00e9xico, \u00bfsabe usted que son ya dos meses que no se puede facturar ni hacer pagos a proveedores en Petr\u00f3leos Mexicanos? \u00bfSe est\u00e1 poniendo en riesgo la operaci\u00f3n, presidente?<\/p>\n<p>Se est\u00e1n generando reclamos por parte de algunas empresas y las calificadoras, usted ya sabe c\u00f3mo son, pueden tomar mala nota de esta situaci\u00f3n.<\/p>\n<p>Pero para poder solucionar este problema, presidente, el 5 de marzo del 2018 se firmaron dos convenios para operar los campos \u00d3rgano y el campo C\u00e1rdenas Mora por las empresas Endeavor y Chevron y con ello Pemex puede recibir 157.5 millones de d\u00f3lares para poder solventar esta situaci\u00f3n, presidente. \u00bfCree usted girar alguna instrucci\u00f3n o sab\u00eda usted de esta situaci\u00f3n?<\/p>\n<p><b>PRESIDENTE ANDR\u00c9S MANUEL L\u00d3PEZ OBRADOR:<\/b> Sobre c\u00f3mo vamos avanzando para rescatar el sector energ\u00e9tico voy a hablar el lunes sobre este tema. Se est\u00e1 trabajando muy bien en Pemex, ese es el informe que tengo, no solo de papel, sino estoy pendiente y se ha ido avanzando; desde luego, estamos en la etapa de la firma de convenios, de contratos, ya les puedo decir, les adelanto que se llevan ya firmados contratos de inversi\u00f3n en Pemex del orden del 80 por ciento de toda la inversi\u00f3n de este a\u00f1o. Entonces, puede ser que haya demoras en pagos.<\/p>\n<p>Tambi\u00e9n ahora hay m\u00e1s cuidado en la entrega de los pagos, se revisa m\u00e1s porque no queremos que haya corrupci\u00f3n, eso nos puede retrasar, demorar, pero es para limpiar a Pemex de corrupci\u00f3n.<\/p>\n<p>Acerca de los nuevos campos que ya se van a explotar, que ya van a producir se est\u00e1n elaborando, se est\u00e1n haciendo tambi\u00e9n contratos con las empresas y vamos avanzando.<\/p>\n<p>El lunes yo informo sobre este tema.<\/p>\n<p><b>INTERLOCUTOR:<\/b> Mi segunda pregunta, presidente.<\/p>\n<p>Hoy en el D\u00eda Internacional de la Mujer, tenemos aqu\u00ed de vecino a Fernando Vilchis, que es presidente municipal de Ecatepec, quien gan\u00f3 por su arrastre, presidente, pero tiene el nada honroso primer lugar en feminicidios este municipio, presidente, el municipio m\u00e1s grande de Latinoam\u00e9rica.<\/p>\n<p>\u00bfLe har\u00eda un exhorto a este presidente municipal a trabajar -y a otros presidentes municipales de su partido, Morena- para erradicar este problema y muchos problemas que tiene Ecatepec?<\/p>\n<p><b>PRESIDENTE ANDR\u00c9S MANUEL L\u00d3PEZ OBRADOR:<\/b> A todo el gobierno de la Rep\u00fablica a garantizar la igualdad entre hombres y mujeres, que se respete a las mujeres, que se les proteja, que se detengan los asesinatos de mujeres, el maltrato; de eso vamos a hablar el d\u00eda de hoy.<\/p>\n<p>Tenemos una reuni\u00f3n, est\u00e1n todos invitados, de manera especial las mujeres, vamos a tener un encuentro y va a hablar sobre el tema del D\u00eda Internacional de la Mujer, esta conmemoraci\u00f3n, y de las demandas de las mujeres.<\/p>\n<p>Va a hablar la encargada del Instituto de las Mujeres, Nadine, va a dar un informe de lo que est\u00e1 sucediendo en M\u00e9xico con las mujeres y nuestra propuesta.<\/p>\n<p><b>PREGUNTA: <\/b>Buenos d\u00edas, presidente. Shaila Rosagel, reportera de Grupo Healy, el Imparcial, La Cr\u00f3nica y Frontera.<\/p>\n<p>Me gustar\u00eda saber, presidente, si han revisado los casos de toma de casetas en Sonora y Baja California.<\/p>\n<p>El secretario de Seguridad, Alfonso Durazo, dijo durante la gira que ya hab\u00edan quedado liberadas las casetas en Sonora, pero de seis todav\u00eda hay cuatro que quedan tomadas por grupos.<\/p>\n<p>Ayer, el delegado de la Fiscal\u00eda General de la Rep\u00fablica dijo que hay 76 denuncias por esta toma de casetas. Nos gustar\u00eda saber qu\u00e9 proceder\u00e1 en este caso.<\/p>\n<p>Una pregunta de Baja California. Por primera vez en los \u00faltimos 18 meses se redujo los homicidios en un 30 por ciento.<\/p>\n<p>Nos gustar\u00eda saber si eso tiene que ver con la presencia del Ej\u00e9rcito y a qu\u00e9 atribuyen esta baja y qu\u00e9 se est\u00e1 haciendo en esta regi\u00f3n para tener este resultado del 30 por ciento de disminuci\u00f3n.<\/p>\n<p>Sobre la Guardia Nacional, nada m\u00e1s saber cu\u00e1ndo prev\u00e9 decretar, promulgar la Guardia Nacional, cu\u00e1ndo iniciar\u00eda la construcci\u00f3n de las nuevas instalaciones que coment\u00f3 usted hace unos d\u00edas, en cu\u00e1nto tiempo estar\u00edan listas estas instalaciones que albergar\u00edan a 120 elementos que coment\u00f3 y cu\u00e1ndo quedar\u00eda funcionando al 100 por ciento la Guardia Nacional.<\/p>\n<p>Gracias.<\/p>\n<p><b>PRESIDENTE ANDR\u00c9S MANUEL L\u00d3PEZ OBRADOR:<\/b> Muy bien.<\/p>\n<p>Miren, hacemos el compromiso de que la pr\u00f3xima semana les informa Alfonso Durazo, secretario de Seguridad P\u00fablica; y el ingeniero Javier Jim\u00e9nez Espri\u00fa, secretario de Comunicaciones, sobre lo de las casetas.<\/p>\n<p>Quiero aprovechar para decirles que a m\u00ed me ayuda mucho el que ustedes participen en este di\u00e1logo circular y que se d\u00e9 esta comunicaci\u00f3n con mensajes de ida y vuelta, porque de esa manera nadie se queda en las oficinas y todo mundo tiene que estar pendiente.<\/p>\n<p>De modo que es un aliciente para nosotros el que ustedes nos est\u00e9n haciendo preguntas y tambi\u00e9n cuestionamientos porque esto lleva a que todo el gobierno est\u00e9 en activo, que nadie est\u00e9 perdiendo el tiempo.<\/p>\n<p>Entonces, vienen Alfonso y el ingeniero Jim\u00e9nez Espri\u00fa a informarles sobre este tema. Ya lo hemos tratado en el Gabinete de Seguridad. Tenemos toda la informaci\u00f3n. Se est\u00e1 trabajando, se han firmado acuerdos; pero es importante que se conozca.<\/p>\n<p>Y adem\u00e1s que la gente tambi\u00e9n sepa de c\u00f3mo se presentan estas tomas, c\u00f3mo s\u00ed hay raz\u00f3n de que algunas casetas se tomen cuando no son escuchados, cuando hay injusticias; pero tambi\u00e9n c\u00f3mo hay otros casos en donde el prop\u00f3sito es obtener recursos para cualquier prop\u00f3sito. Entonces, es importante que est\u00e9n aqu\u00ed.<\/p>\n<p>En efecto, hemos podido bajar la incidencia delictiva en Tijuana, no as\u00ed en otras partes, porque no es para utilizar el caso de Tijuana y decir: Ya se resolvi\u00f3 el problema. Puedo decirles que en la frontera s\u00ed. En Tijuana, llegaron a haber hasta 20 homicidios diarios y que hemos logrado una disminuci\u00f3n considerable porque se inici\u00f3 un operativo en especial.<\/p>\n<p>Pero en Ju\u00e1rez, que iniciamos el operativo despu\u00e9s de Tijuana, todav\u00eda no podemos lograr una disminuci\u00f3n en la incidencia delictiva, hablando de la frontera.<\/p>\n<p>En centros tur\u00edsticos, no hemos podido bajar la incidencia delictiva en Canc\u00fan, s\u00ed en Acapulco.<\/p>\n<p>Entonces vamos a informarles el lunes sobre esto y yo estoy muy seguro que vamos a poder bajar la incidencia delictiva nacional con lo de la Guardia Nacional, porque no hab\u00eda presencia de elementos de la Polic\u00eda Federal en el pa\u00eds.<\/p>\n<p>Ya les he dicho, el presidente contaba con 10 mil elementos para garantizar la seguridad p\u00fablica; de acuerdo a la Constituci\u00f3n, el Ej\u00e9rcito, la Marina no pod\u00eda utilizarse en temas relacionados con la seguridad p\u00fablica o para garantizar la seguridad p\u00fablica de la gente.<\/p>\n<p>Y la verdad es que el Ej\u00e9rcito y la Marina s\u00ed estaban en la calle, pero ocupados -por \u00f3rdenes superiores- del combate al narcotr\u00e1fico no en temas de seguridad p\u00fablica.<\/p>\n<p>Entonces, ahora es un cambio importante, un giro, porque lo prioritario es la seguridad p\u00fablica, proteger al ciudadano. Para eso va a ser la Guardia Nacional.<\/p>\n<p>Y ya tengo el informe que han aprobado esta reforma constitucional en 26 congresos locales.<\/p>\n<p>Vamos muy bien, en algunos casos se demora porque cada legislatura local tiene sus procedimientos, pero yo espero que para la semana pr\u00f3xima est\u00e9 aprobado lo de la Guardia Nacional.<\/p>\n<p><b>INTERLOCUTORA:<\/b> \u00bfLa semana que entra se promulgar\u00e1?<\/p>\n<p><b>PRESIDENTE ANDR\u00c9S MANUEL L\u00d3PEZ OBRADOR:<\/b> La semana que viene.<\/p>\n<p>Ya se podr\u00eda ahora publicar la reforma constitucional, pero decidimos que tenga m\u00e1s legitimidad, que se apruebe en m\u00e1s estados.<\/p>\n<p><b>PREGUNTA:<\/b> Buenos d\u00edas, se\u00f1or presidente. Alberto Rodr\u00edguez, de SDP Noticias.<\/p>\n<p>No s\u00e9 si tenga alguna opini\u00f3n sobre la portada que sale hoy en Reforma, la de ocho columnas, que se llama: Usan al SAT para intimidar a Reforma.<\/p>\n<p>Es sobre un diferendo de 12 mil pesos y un requerimiento al se\u00f1or Junco del servicio de Administraci\u00f3n Tributaria.<\/p>\n<p>Y, por otro lado, hay una disputa, o no una disputa sino un desentendido dentro de Morena. El Instituto de Formaci\u00f3n Pol\u00edtica refrend\u00f3 que los derechos de la mujer, a prop\u00f3sito de que la senadora morenista Lilly T\u00e9llez adelant\u00f3 que podr\u00eda presentar una iniciativa Provida a nivel federal, una voz que luego replic\u00f3 el senador priista Eruviel \u00c1vila.<\/p>\n<p>En este sentido, mi pregunta es si el gobierno federal vetar\u00eda alguna ley que aprobara el Congreso de la Uni\u00f3n que eliminara el derecho a las mujeres a decidir.<\/p>\n<p>Muchas gracias.<\/p>\n<p><b>PRESIDENTE ANDR\u00c9S MANUEL L\u00d3PEZ OBRADOR:<\/b> Acerca de lo primero, yo pienso que se est\u00e1 exagerando en el peri\u00f3dico Reforma, con todo respeto.<\/p>\n<p>Nosotros no perseguimos a nadie, no somos como los gobiernos protegidos por Reforma, nosotros respetamos las libertades y respetamos el derecho a disentir.<\/p>\n<p>Es realmente una falta de respeto, es ofensivo el que est\u00e9n se\u00f1alando que estamos llevando a cabo un acto de intimidaci\u00f3n o de persecuci\u00f3n a un medio como el Reforma.<\/p>\n<p>No es cierto, es una falsedad por entero, por completo; no lo hacemos con nadie. Qui\u00e9n sabe qu\u00e9 motivaciones tuvieron para hacer esta escena, pero se me hizo un desprop\u00f3sito, lo considero una actitud, considero que se trata de una actitud pol\u00edtica.<\/p>\n<p>Nosotros tenemos diferencias con el Reforma, pero no vamos nosotros a perseguir a nadie y las diferencia que tenemos las hemos hecho p\u00fablicas.<\/p>\n<p>Y s\u00ed, he hablado de la prensa fifi y lo voy a seguir haciendo, porque es una prensa conservadora, que no tiene nada de malo de que exista, tienen todo su derecho, pero con apariencia de prensa libre. Entonces, se me hizo un desprop\u00f3sito.<\/p>\n<p>Nosotros no vamos a perseguir a nadie por sus ideas, por su manera de pensar, somos respetuosos de la libertad de expresi\u00f3n, de manifestaci\u00f3n de las ideas.<\/p>\n<p>Mis diferencias con el Reforma son fundamentalmente por su postura conservadora. Es un peri\u00f3dico que surge en el gobierno de Salinas, que ha procurado no tocar a Salinas, que no cuestion\u00f3 el saque\u00f3 del periodo neoliberal, que simul\u00f3 de que combat\u00eda la corrupci\u00f3n se\u00f1alando, acusando a funcionarios menores, a chivos expiatorios, que ayud\u00f3 en el fraude electoral. Esas son nuestras diferencias con el Reforma.<\/p>\n<p>Pero de ah\u00ed a que se le persiga porque no pague los impuestos, que utilicemos nosotros al SAT para eso\u2026 Ojal\u00e1 y se aclare todo esto. Inclusive la directora del SAT es colaboradora del Reforma y es una abogada honesta, \u00edntegra, incapaz de hacer algo as\u00ed.<\/p>\n<p>Entonces, tendr\u00edan que probar si hubo una decisi\u00f3n pol\u00edtica, si les lleg\u00f3 un requerimiento para aclarar algo fiscal. A todo mundo le llega eso.<\/p>\n<p>\u00bfQu\u00e9?, \u00bfno se puede tocar al intocable?<\/p>\n<p>Yo ahora lo hago p\u00fablico, pero en una reuni\u00f3n de gabinete hace unos d\u00edas sostuve que me reclam\u00f3 mi esposa porque el recibo de luz lleg\u00f3 alt\u00edsimo. Entonces, suceden estas cosas.<\/p>\n<p>Todos, de una u otra manera por alguna raz\u00f3n tenemos que enfrentar estas inconsistencias; pero de ah\u00ed a se\u00f1alar que es una persecuci\u00f3n\u2026Se pasaron, se pasaron; nosotros no hacemos eso. No tengo ning\u00fan problema de conciencia.<\/p>\n<p><b>INTERLOCUTOR:<\/b> Y sobre si vetar\u00edan cualquier intento del Senado para cancelar la interrupci\u00f3n legal del embarazo.<\/p>\n<p><b>PRESIDENTE ANDR\u00c9S MANUEL L\u00d3PEZ OBRADOR:<\/b> Yo creo que no debemos de abrir esos debates. Vamos a serenar el pa\u00eds. Esto del Reforma lo digo porque es primera plana y como si yo fuese Salinas, s\u00ed calienta; pero lo otro hay que procurar que se vaya resolviendo de la mejor manera posible. Tenemos casos important\u00edsimos.<\/p>\n<p>Yo creo que si sumamos todos nuestros esfuerzos, toda nuestra imaginaci\u00f3n, todo nuestro talento, todo nuestro trabajo para desterrar la corrupci\u00f3n, va a ser una haza\u00f1a de todos los mexicanos. Yo convoco a eso.<\/p>\n<p>Primero logremos limpiar de corrupci\u00f3n al r\u00e9gimen, que es lo que m\u00e1s ha da\u00f1ado; y una vez logrado eso, vamos viendo entre todos otros asuntos.<\/p>\n<p>Hay muchos temas importantes, pero vamos a priorizar y en este caso yo pienso que lo m\u00e1s importante es limpiar de corrupci\u00f3n al gobierno.<\/p>\n<p><b>PREGUNTA:<\/b> Buenos d\u00edas, presidente. Marco Antonio Olvera, de Radio Latino California.<\/p>\n<p>Hay un tema ah\u00ed sobre la Cofece. En d\u00edas recientes la presidenta comisionada de la Cofece, Alejandra Palacios, firm\u00f3 un art\u00edculo en el peri\u00f3dico Reforma donde se le iba con todo al Banco Azteca, porque se le hab\u00edan asignado las tarjetas de pl\u00e1stico para entregar el dinero de las personas de la mayor edad y algunos estudiantes, si no mal recuerdo.<\/p>\n<p>Y no conforme con ello, tambi\u00e9n autoriz\u00f3 la firma o el conjunto de las empresas Disney y Fox para que pusieran un monopolio y cobraran por los servicios que ofrecen a los televidentes.<\/p>\n<p>La se\u00f1ora no podr\u00eda firmar un art\u00edculo en el peri\u00f3dico Reforma porque representa una instituci\u00f3n aut\u00f3noma.<\/p>\n<p>\u00bfQu\u00e9 va a hacer al respecto su gobierno?, porque la se\u00f1ora violent\u00f3 la Constituci\u00f3n al firmar un documento a nombre propio cuando representa una instituci\u00f3n aut\u00f3noma, como es la Cofece.<\/p>\n<p>Y si me permite, le formulo la siguiente pregunta.<\/p>\n<p><b>PRESIDENTE ANDR\u00c9S MANUEL L\u00d3PEZ OBRADOR:<\/b> S\u00ed, yo creo que hizo mal porque no deber\u00eda actuar de esa forma, pero tengo entendido de que ya la parte afectada ya present\u00f3 una denuncia y se va a resolver legalmente. Ese es mi punto de vista, no debi\u00f3 expresarse de esa manera, primero.<\/p>\n<p>Segundo. Aqu\u00ed en una ocasi\u00f3n hablamos de que no est\u00e1bamos de acuerdo con la autorizaci\u00f3n para que se fusionara la empresa Disney con Fox y que se cobrara por ver el futbol. Yo sigo sosteniendo esa postura.<\/p>\n<p>Y creo -a no ser que lo hayan hecho ayer y que no me haya yo informado- pero creo que todav\u00eda no resuelven y que en otras partes han rechazado la fusi\u00f3n; en Estados Unidos no se acept\u00f3, no se acept\u00f3 en Brasil y ni siquiera lo presentaron en Europa.<\/p>\n<p>Entonces, no creo que se aplique eso en nuestro pa\u00eds, porque c\u00f3mo van a dejar a la gente sin la posibilidad de entretenerse con el f\u00fatbol y que se tenga que pagar por ver el f\u00fatbol; eso ser\u00eda el colmo.<\/p>\n<p>Claro son independientes, son aut\u00f3nomos, pero, pues, tenemos derecho a se\u00f1alar ciertas cosas.<\/p>\n<p>Se tiene que proteger al usuario, al consumidor que no haya este tipo de abusos, que no haya monopolio, porque sigue habiendo monopolios, se viola la Constituci\u00f3n, se viola el art\u00edculo 28 de la Constituci\u00f3n.<\/p>\n<p>Aqu\u00ed tenemos el problema de las compras, que lo vamos a ir resolviendo. Debe de haber 500 mil proveedores y las compras del gobierno se le hacen al 1.5 por ciento de todos los proveedores y as\u00ed est\u00e1 todo, no s\u00f3lo es la comunicaci\u00f3n.<\/p>\n<p>Hay una tendencia al monopolio, en la compra de las medicinas, monopolio; en la compra de los alimentos para los reclusorios, monopolios; una empresa que abastece el 90 por ciento.<\/p>\n<p>Eso es una irregularidad, no hay competencia. \u00bfEn qu\u00e9 quedamos?, \u00bfno que estamos a favor del libre comercio?, \u00bfo queremos la libertad comercial, la libertad empresarial s\u00f3lo aplicada al de enfrente? Cuando nos beneficia el monopolio lo aceptamos.<\/p>\n<p>Entonces, esas son cosas que hay que revisar.<\/p>\n<p>Pero, a ver, \u00bfya aprobaron lo de la fusi\u00f3n?<\/p>\n<p><b>INTERLOCUTOR: <\/b>Compareci\u00f3 la comisionada presidenta hace dos o tres d\u00edas ah\u00ed, en la comisi\u00f3n en la C\u00e1mara de Diputados, y expuso c\u00f3mo est\u00e1 funcionando la Cofece; y entre esos dos temas son los que destacan: la fusi\u00f3n de Disney y Fox y la cr\u00edtica a Banco Azteca, incluso, le dio como un banderazo a favor a Bancomer, que debi\u00f3 -seg\u00fan ella- tambi\u00e9n tener derecho a que distribuyera los fondos a trav\u00e9s de las tarjetas.<\/p>\n<p><b>PRESIDENTE ANDR\u00c9S MANUEL L\u00d3PEZ OBRADOR:<\/b> Ah\u00ed est\u00e1. Miren, hagan un an\u00e1lisis, se los dejo de tarea, de c\u00f3mo se distribuyen los bancos el manejo financiero en M\u00e9xico; pero ya no nos metamos en ese terreno.<\/p>\n<p><b>INTERLOCUTOR:<\/b> Y la segunda pregunta, presidente, si me lo permite.<\/p>\n<p>Es un tema que ha venido causando un revuelo en los mercados financiero con respecto a las calificadoras Standard and Poor\u00b4s, Fitch y Moody\u2019s.<\/p>\n<p>Los especialistas en econom\u00eda y finanzas en este pa\u00eds no dicen a los lectores, a sus televidentes o radioescuchas, que esas firmas est\u00e1n integradas por banqueros o financieros que tienen empresas en quiebra o que est\u00e1n rumo a la quiebra; sin embargo, tienen la facultad de otorgar una calificaci\u00f3n a equis pa\u00eds o a varias empresas, como lo hicieron recientemente, con 77 empresas con la iniciativa privada y dos paraestatales de M\u00e9xico, que es obviamente Pemex y la CFE.<\/p>\n<p>Las calificadoras en el 2007 en Estados Unidos dieron una calificaci\u00f3n de 10 y sedujeron a muchos inversionistas a que el banco norteamericano, el cuarto m\u00e1s importante de Estados Unidos, el Lehman Brothers, que invirtieran millones de d\u00f3lares en el terreno inmobiliario, eso fue en el 2007. Las inmobiliarias de Standard and Poor\u00b4s, Fitch y otras le dieron calificaci\u00f3n extraordinaria a Lehman Brothers.<\/p>\n<p>Sin embargo, en el 2008, Lehman Brothers se va a la quiebra pese a que esas calificadoras les hab\u00edan dado una nota de 10, llevando al sector inmobiliario de los Estados Unidos en 2008 con una p\u00e9rdida de 22 billones de d\u00f3lares, 22 billones de d\u00f3lares, que hoy la econom\u00eda global sigue llorando, porque obviamente dej\u00f3 en bancarrota.<\/p>\n<p>Entonces, eso quiere decir que las calificadoras pr\u00e1cticamente dan notas ficticias o infladas, yo no s\u00e9. \u00bfCu\u00e1l es su versi\u00f3n de usted? A m\u00ed me extra\u00f1a que los especialistas en la materia en finanzas no digan eso aqu\u00ed en nuestro pa\u00eds.<\/p>\n<p><b>PRESIDENTE ANDR\u00c9S MANUEL L\u00d3PEZ OBRADOR:<\/b> Mire, ya tocamos el tema ayer.<\/p>\n<p>Nosotros vamos a ser respetuosos de lo que decidan las calificadoras, porque estamos seguros de que la econom\u00eda de M\u00e9xico est\u00e1 bien, marcha bien. Entonces, no queremos polemizar sobre este tema.<\/p>\n<p>Vamos el lunes a informar sobre el estado en que se encuentra la econom\u00eda nacional. Y en general les puedo decir que vamos bien y lo vamos a probar con datos.<\/p>\n<p>Hay dos datos que son importantes: Uno, que no hemos tenido depreciaci\u00f3n de nuestra moneda, eso no es poca cosa; y dos, que hay control de inflaci\u00f3n, tampoco es poca cosa. Y hay otras buenas noticias, pero vamos a esperarnos el lunes, vamos muy bien en el manejo econ\u00f3mico.<\/p>\n<p>Y la \u00fanica recomendaci\u00f3n respetuosa, sin ofender a nadie, sin querer testerear a nadie, muy sutil, suave es que se tomen en cuenta para las evaluaciones de las calificadoras, \u2018la variable\u2019, como dir\u00edan los tecn\u00f3cratas, \u2018la variable corrupci\u00f3n\u2019, porque ah\u00ed est\u00e1 la clave.<\/p>\n<p>Nosotros lo que vamos a demostrar no solo en M\u00e9xico, sino en el mundo es que sin corrupci\u00f3n hay m\u00e1s crecimiento econ\u00f3mico.<\/p>\n<p>Esa es la tesis, eso es lo que vamos a plantear.<\/p>\n<p><b>PREGUNTA:<\/b> Gracias, se\u00f1or presidente.<\/p>\n<p>Se\u00f1or presidente, muchos mexicanos estamos muy preocupados y ocupados tambi\u00e9n, y esto m\u00e1s que nada lo ha dicho usted muchas veces que va a terminar, que est\u00e1 bien, pero aqu\u00ed estoy hablando de su salud.<\/p>\n<p>Sabemos que est\u00e1 muy bien, al contrario, yo creo que todos queremos saber qu\u00e9 hace, si usted utiliza alg\u00fan m\u00e9todo alternativo, si utiliza c\u00e1maras hiperb\u00e1ricas; tiene mucha energ\u00eda de verdad y usted es como un corredor keniano, o sea, realmente lo hemos visto, ni siquiera con un resfriado y muchas personas nos preguntan -y nosotros mismo nos preguntamos- qu\u00e9 es lo que hace. Gracias, se\u00f1or presidente.<\/p>\n<p><b>PRESIDENTE ANDR\u00c9S MANUEL L\u00d3PEZ OBRADOR:<\/b> Estoy bien.<\/p>\n<p><b>INTERLOCUTORA:<\/b> Se ve que est\u00e1 muy bien, eso s\u00ed.<\/p>\n<p><b>PRESIDENTE NADR\u00c9S MANUEL L\u00d3PEZ OBRADOR:<\/b> Estoy bien y de buenas.<\/p>\n<p>Yo creo que es importante en todo estar bien con uno mismo, yo pienso que la felicidad -que tambi\u00e9n es fortaleza f\u00edsica- es un estado de \u00e1nimo tiene que ver con estar bien con uno mismo, con nuestra conciencia y con el pr\u00f3jimo.<\/p>\n<p>Si a uno le gusta lo que hace\u2026el trabajo de ustedes, por ejemplo, que es de primera el trabajo de ustedes, lo \u00fanico que habr\u00eda que resolver es que, s\u00ed, mejoren los sueldos; pero es un trabajo muy satisfactorio el poder escudri\u00f1ar, buscar la verdad, el informar, el orientar, concientizar, eso es important\u00edsimo.<\/p>\n<p>Lo mismo el trabajo de un dirigente pol\u00edtico, el ponerse al servicio de los dem\u00e1s, el poder servir al pueblo, el tenerle un profundo amor al pueblo y poderlo llevar a la pr\u00e1ctica.<\/p>\n<p>Por ejemplo, de los h\u00e9roes nacionales yo admiro mucho en ese aspecto a Hidalgo, era muy humano, se le cuestiona que fall\u00f3 pol\u00edticamente porque no tom\u00f3 la Ciudad de M\u00e9xico, a pesar de haber ganado la Batalla del Cerro de las Cruces, pero pens\u00f3 que tomar la Ciudad de M\u00e9xico iba a implicar mucha violencia, la p\u00e9rdida de muchas vidas y decidi\u00f3 cambiar su trayectoria, no entrar a la Ciudad de M\u00e9xico.<\/p>\n<p>Y adem\u00e1s cuando lo est\u00e1n condenando pronuncia una frase bell\u00edsima, v\u00e1lida, vigente, dice: \u2018Ustedes, los oligarcas s\u00f3lo tienen como Dios al dinero\u2019.<\/p>\n<p>Y el otro dirigente, padre de nuestra patria, que le ten\u00eda un profundo amor al pueblo, el general L\u00e1zaro C\u00e1rdenas, lo mismo.<\/p>\n<p>Imag\u00ednense, termina de ser presidente y sigue trabajando, y se va a la mixteca y ah\u00ed est\u00e1 escuchando a los pobres. Eso es \u00fanico.<\/p>\n<p>Y tambi\u00e9n le ten\u00eda amor al pueblo y era muy humano Madero, se olvida, por ejemplo, que Madero cuando est\u00e1n las huelgas de R\u00edo Blanco, de Veracruz, de Puebla, \u00e9l era humano y era piadoso, y se quedan los trabajadores sin empleo porque no quer\u00edan aumentarle los salarios, y deciden liquidarlos, correrlos; \u00e9l les ofrece trabajo desde Veracruz y Puebla y Tlaxcala a Coahuila, a San Pedro de las Colonias.<\/p>\n<p>Porfirio D\u00edaz, con todo respeto, nunca menciona a los pobres, no era parte de su lenguaje, de su discurso. Al contrario, cuando hab\u00eda una menci\u00f3n era cuestionando que se cre\u00edan los mayas los due\u00f1os de los bosques, cuando en realidad eran los due\u00f1os de los bosques. Entonces, Ju\u00e1rez, patriota b\u00e1sicamente.<\/p>\n<p>Entonces cuando uno hace lo que le gusta se siente uno muy bien, y tiene uno fortaleza para resistir cualquier adversidad.<\/p>\n<p><b>INTERLOCUTORA:<\/b> Gracias, se\u00f1or presidente.<\/p>\n<p><b>PREGUNTA:<\/b> Se\u00f1or presidente, buenos d\u00edas. Vicente Serrano, de Sin Censura.<\/p>\n<p>Aprovechando que con todas sus letras habla del peri\u00f3dico Reforma hace minutos. Ayer usted mencionaba que hab\u00eda columnistas, hab\u00eda periodistas a los que se les hab\u00eda servido con la cuchara grande en el sexenio anterior, pero usted se reserv\u00f3 los nombres.<\/p>\n<p>Yo le quiero pedir respetuosamente que haga p\u00fablica esa lista, porque no todos somos iguales, porque no todos somos chayoteros, y adem\u00e1s porque era dinero del pueblo de M\u00e9xico.<\/p>\n<p>\u00bfNo le parecer\u00eda que el pueblo de M\u00e9xico deber\u00eda de conocer esa lista de los que fueron beneficiados?<\/p>\n<p>Y aprovechando del pueblo de M\u00e9xico, se\u00f1or presidente, ha sido abrumadora la experiencia de estar transmitiendo aqu\u00ed afuera de Palacio Nacional, de tantas personas que vienen a Atenci\u00f3n Ciudadana. Le pregunto: \u00bfc\u00f3mo va este proceso? Porque se van agradecidos de que se les tome en cuenta, de que se les reciba, pero se van con la incertidumbre de cu\u00e1ndo se va a resolver su caso.<\/p>\n<p>\u00bfLe han comentado en Atenci\u00f3n Ciudadana cu\u00e1ntos miles de casos? Y a 100 d\u00edas de su gobierno, \u00bfles puede dar un mensaje a esas personas que han llegado a pedir apoyo? Muchas gracias, se\u00f1or presidente.<\/p>\n<p><b>PRESIDENTE ANDR\u00c9S MANUEL L\u00d3PEZ OBRADOR:<\/b> S\u00ed, miren, estamos viviendo un tiempo especial de transformaci\u00f3n. Venimos de un r\u00e9gimen autoritario, insensible, corrupto. Entonces, se acumularon las demandas del pueblo. Aplica la frase b\u00edblica que utiliz\u00f3 Justo Sierra y Madero y Luis Donaldo Colosio en el discurso que mostrabas de que \u2018El pueblo de M\u00e9xico tiene hambre y sed de justicia\u2019. Eso es lo que est\u00e1 pasando.<\/p>\n<p>Much\u00edsimas demandas, much\u00edsimas peticiones, porque se abandon\u00f3 al pueblo y hay grandes y graves problemas nacionales.<\/p>\n<p>Entonces, \u00bfcu\u00e1l es el m\u00e9todo de atenci\u00f3n?<\/p>\n<p>Estamos buscando atender de manera general, colectiva, al mayor n\u00famero de mexicanos con los grandes programas de bienestar; por ejemplo, que todos los adultos mayores tengan la pensi\u00f3n, m\u00e1s de ocho millones de adultos mayores que est\u00e1n ya recibiendo a partir de enero el doble de pensi\u00f3n y que jubilados, pensionados del Issste, del Seguro, de otras instituciones que no recib\u00edan, est\u00e1n ahora ya recibiendo.<\/p>\n<p>Estamos hablando as\u00ed, una decisi\u00f3n que abarca a muchos, a todos los ancianos respetables.<\/p>\n<p>Otra decisi\u00f3n as\u00ed es que todos los j\u00f3venes que estudian preparatoria, su beca, alrededor de cuatro millones.<\/p>\n<p>Otra decisi\u00f3n, los j\u00f3venes que no tienen trabajo, que todos sean contratados, as\u00ed.<\/p>\n<p>Este a\u00f1o se autorizaron 44 mil millones de pesos para ese programa, J\u00f3venes Construyendo el Futuro; y as\u00ed, en becas, 10 millones de becas.<\/p>\n<p>Una vez que terminemos de echar a andar todos estos programas, porque no es f\u00e1cil la instrumentaci\u00f3n, para que le llegue el apoyo de manera directa al beneficiario, que no sea a trav\u00e9s de intermediarios.<\/p>\n<p>Entonces, cuando terminemos, que yo espero que sea a mediados de este a\u00f1o, que ya est\u00e9 en marcha todo este plan de bienestar general colectivo en donde en la mayor\u00eda de los hogares, sobre todo en los hogares pobres, va a llegar un apoyo. Entonces vamos por otras cosas.<\/p>\n<p>Tenemos pendiente resolver el grave problema de la falta de atenci\u00f3n m\u00e9dica, no se garantiza en M\u00e9xico el derecho a la salud, aunque est\u00e1 en el cuarto constitucional. Eso que llaman Seguro Popular, ni es seguro, ni es popular, porque no hay m\u00e9dicos, no hay medicinas.<\/p>\n<p>Entonces, esa es una asignatura pendiente, eso es algo que ya estamos viendo pero que todav\u00eda\u2026El objetivo ah\u00ed es que se pueda garantizar la gratuidad en la salud; y no cuadro b\u00e1sico, sino que el que se enferme tenga el derecho a ser atendido, que tenga atenci\u00f3n m\u00e9dica y que tenga todos los medicamentos, eso es algo importante.<\/p>\n<p>Y as\u00ed otras cosas en lo colectivo; y luego tambi\u00e9n es importante atender lo personal, que eso lleva m\u00e1s tiempo, tiene que ver con las instituciones, pero sobre todo con la actitud de los funcionarios.<\/p>\n<p>Que si es un asunto de justicia laboral, que llevan a\u00f1os pidiendo, ya tienen laudos a favor y no se los reconocen, que la autoridad se aplique y se resuelva; o muchas otras cosas de justicia, de gente que lleva cinco, seis, ocho, diez a\u00f1os en la c\u00e1rcel, sin ser sentenciado.<\/p>\n<p>O que como no tienen una buena defensa los tienen ah\u00ed sin raz\u00f3n, las c\u00e1rceles tienen a mucha gente inocente.<\/p>\n<p>Entonces, todo eso implica que los defensores de oficio, que los ministerios p\u00fablicos, que los funcionarios, todos los que somos servidores p\u00fablicos tengamos la sensibilidad.<\/p>\n<p>Hay gente en el gobierno que le molesta escuchar a un ciudadano, que quisieran resolver r\u00e1pido: \u2018A ver, \u00bfcu\u00e1l es tu problema?, s\u00ed, ah\u00ed te hablamos, luego lo vemos, o mira, vete a tal lugar, ah\u00ed te van a atender\u2018.<\/p>\n<p>No son capaces, sensibles para escuchar y respetar a la gente. Entonces, todo eso tiene que irse dando como parte de la transformaci\u00f3n.<\/p>\n<p>Miren, entre otras cosas los tecn\u00f3cratas. El principal problema de la tecnocracia y del modelo neoliberal y de los servidores p\u00fablicos o funcionarios p\u00fablicos del periodo neoliberal, lo principal, lo peor, es la corrupci\u00f3n que los distingue, eso es lo peor; pero adem\u00e1s de eso, ineficientes; adem\u00e1s de eso, insensibles.<\/p>\n<p>\u00bfUstedes creen que el que tiene una formaci\u00f3n tecnocr\u00e1tica est\u00e1 preparado para atender a la gente?<\/p>\n<p>Son d\u00e9spotas, pero por si fuese poco, nunca salen de la oficina, nunca les da el sol, piensan que todo es estar en el escritorio, no salen.<\/p>\n<p>Estoy hablando de los altos funcionarios p\u00fablicos, la tecnocracia qu\u00e9 va a conocer M\u00e9xico, los altos tecn\u00f3cratas, los que fueron responsables de esta crisis de M\u00e9xico no conocen el pa\u00eds, no conocen m\u00e1s que las ciudades, nunca han recorrido los pueblos, ni les interesa, todo es la tabla para estar viendo c\u00f3mo est\u00e1 la macroeconom\u00eda y adelante.<\/p>\n<p>Ah\u00ed terminamos.<\/p>\n<p><b>INTERLOCUTOR:<\/b> La primera pregunta no la respondi\u00f3.<\/p>\n<p><b>PRESIDENTE ANDR\u00c9S MANUEL L\u00d3PEZ OBRADOR:<\/b> \u00bfCu\u00e1l es? Ah, de los periodistas. Ya vamos a hablar de eso m\u00e1s adelante.<\/p>\n<p>Miren, \u00bfno les parece que es mejor no tocar ese tema?<\/p>\n<p><b>INTERLOCUTOR:<\/b> (Inaudible)<\/p>\n<p><b>PRESIDENTE ANDR\u00c9S MANUEL L\u00d3PEZ OBRADOR:<\/b> Vamos a analizarlo m\u00e1s con calma, mejor vamos a darle una vuelta a la p\u00e1gina, vamos a entrar a una etapa nueva.<\/p>\n<p>Aqu\u00ed ya no hay periodismo vendido, no hay prensa vendida ni alquilada, ya de veras, ha cambiado mucho, la mayor parte de la prensa es libre, es independiente. Vamos a eso.<\/p>\n<p>Esto que estamos ahora debatiendo con el Reforma no es por cuestiones que tengan que ver con lo econ\u00f3mico, esto tiene que ver m\u00e1s con la parte ideol\u00f3gica. Yo considero que ellos son muy conservadores, eso es todo.<\/p>\n<p>Y hagan la historia del periodismo. C\u00f3mo en la \u00e9poca de Porfirio D\u00edaz exist\u00eda un peri\u00f3dico contra los opositores que se llamaba El Debate; y luego el gran peri\u00f3dico del conservadurismo, El Imparcial, era un fen\u00f3meno ese peri\u00f3dico. F\u00edjense que lleg\u00f3 a tirar 120 mil ejemplares diarios en ese entonces, en un M\u00e9xico de 15 millones de habitantes; era el gran sost\u00e9n del r\u00e9gimen El Imparcial, 120 mil ejemplares diarios.<\/p>\n<p>\u00bfQu\u00e9 peri\u00f3dico ahora tira 120 mil ejemplares diarios? Era el gran sost\u00e9n porfirista.<\/p>\n<p>Pero a\u00fan con eso exist\u00eda la otra prensa, El Hijo del Ahuizote. Daniel Cabrera, extraordinario, para m\u00ed el mejor periodista y vaya que Zarco era grande; pero para m\u00ed el mejor periodista de la historia de M\u00e9xico, Daniel Cabrera, el director de El Hijo del Ahuizote; Filomeno Mata, del diario El Hogar; los hermanos Flores Mag\u00f3n, con Regeneraci\u00f3n.<\/p>\n<p>Entonces, siempre ha habido prensa conservadora y prensa liberal y los dos pensamientos. Entonces, vale m\u00e1s ese debate, es mejor ese debate.<\/p>\n<p>Es lo mismo de que se quiere meter a la c\u00e1rcel a los corruptos. Yo es que no diga que no, es que pienso que es mejor prevenir la corrupci\u00f3n que castigarla. Es mi punto de vista.<\/p>\n<p>Y que si a esas vamos, tenemos que ir con los de arriba y hacer a un lado la simulaci\u00f3n; porque tambi\u00e9n, imag\u00ednense, damos a conocer aqu\u00ed los nombres de los periodistas, \u00bfy los de mero arriba?, porque los nombres que tenemos son de columnistas, eso s\u00ed, famosos \u00bfy arriba?<\/p>\n<p>Entonces, tendr\u00edamos que hacer toda la condena que es mejor lo que ya estamos haciendo de condenar al r\u00e9gimen m\u00e1s que a las personas para que no se repita, porque ten\u00edan atontado a muchos con el modelo neoliberal, que era la panacea.<\/p>\n<p>Entonces, cuando aqu\u00ed estamos diciendo: A ver, lo que hab\u00eda era corrupci\u00f3n en todo; cuando aqu\u00ed estamos diciendo: La reforma energ\u00e9tica, en vez de mejorar las cosas en Pemex, en la Comisi\u00f3n Federal, en vez de beneficiar a los consumidores los perjudic\u00f3.<\/p>\n<p>Eso es mejor para que nunca m\u00e1s vuelvan y tampoco va a ser as\u00ed, porque en el proceso hist\u00f3rico siempre hay cambios, as\u00ed ha sido la historia, liberales luego conservadores; no es decir que ya desapareci\u00f3 el conservadurismo, no, eso est\u00e1 ah\u00ed, no ha desaparecido ni en los momentos m\u00e1s dif\u00edciles, ni cuando se hizo el acto solemne de justicia en el Cerro de las Campanas, luego del gran fracaso del conservadurismo, que fueron al extranjero a traer a un pr\u00edncipe y nos invadieron y fracasaron y triunfa el movimiento liberal y triunfa Ju\u00e1rez y se pens\u00f3: \u2018Se acab\u00f3 el conservadurismo\u2019. No, no, no. Sigui\u00f3 y al poco tiempo ah\u00ed est\u00e1 otra vez con Porfirio D\u00edaz, 34 a\u00f1os.<\/p>\n<p>Entonces, ahora s\u00ed se les termin\u00f3. Treinta y seis a\u00f1os dominaron, pero, \u00bfqu\u00e9 va a ser lo nuestro eterno? No, no. Y no puede ser as\u00ed.<\/p>\n<p>Miren lo que pas\u00f3 en los pa\u00edses de Am\u00e9rica Latina. Hubo un tiempo en que todos los pa\u00edses eran gobernados por movimientos progresistas; miren c\u00f3mo est\u00e1 ahora, es otra la geograf\u00eda pol\u00edtica, as\u00ed es esto; pero afortunadamente aqu\u00ed por alg\u00fan tiempo vamos a tener izada la bandera liberal.<\/p>\n<p><b>PREGUNTA:<\/b> Muy buenos d\u00edas, se\u00f1or presidente. Melina Ochoa, de Uno TV.<\/p>\n<p>En Uno TV estamos realizando una investigaci\u00f3n sobre el desv\u00edo de 22 millones de pesos de cuotas sindicales del IMSS.<\/p>\n<p>Ayer ya fue denunciado este hecho en la Fiscal\u00eda General de la Rep\u00fablica, los trabajadores sindicalizados de la secci\u00f3n 34 dicen que iniciaron su propio combate al huachicoleo de cuotas sindicales. \u00bfQu\u00e9 opini\u00f3n le merece este caso?<\/p>\n<p>Otro tema, los s\u00faper delegados ganan m\u00e1s que los gobernantes estatales, \u00bfesto es cierto?, \u00bfusted tiene informaci\u00f3n sobre ello?<\/p>\n<p>Y, finalmente, el conflicto que ocurre en Matamoros, Tamaulipas, acerca de las maquiladoras, el conflicto laboral que ocurre all\u00e1. Si me puede responder esas dos preguntas.<\/p>\n<p><b>PRESIDENTE ANDR\u00c9S MANUEL L\u00d3PEZ OBRADOR:<\/b> Que yo celebro que los trabajadores sindicalizados pidan transparencia acerca del manejo de lo que aportan, de las cuotas sindicales y que los dirigentes informen cu\u00e1nto reciben de las cuotas y que haya transparencia en el manejo de esos fondos, desde luego respetando la autonom\u00eda de los sindicatos; pero si ya lo est\u00e1n haciendo los trabajadores, tiene todo el derecho de hacerlo.<\/p>\n<p>Acerca de los coordinadores estatales, no s\u00e9 si ganen m\u00e1s que los gobernadores; lo que s\u00ed puedo decirles es que ganan menos que el presidente, porque de acuerdo a la Constituci\u00f3n ya nadie puede ganar m\u00e1s que lo que gana el presidente de la Rep\u00fablica.<\/p>\n<p>Antes s\u00ed hab\u00eda funcionarios que ganaban m\u00e1s que el presidente, ahora no, se est\u00e1 cumpliendo con la Constituci\u00f3n.<\/p>\n<p>Y acerca de los movimientos que hay en Matamoros, estamos buscando la conciliaci\u00f3n, buscando el equilibrio, que se otorguen aumentos de salarios, pero que se cuide tambi\u00e9n la fuente de trabajo, que no se afecte a las empresas, en eso estamos buscando la conciliaci\u00f3n.<\/p>\n<p>Bueno, vamos, porque adem\u00e1s las compa\u00f1eras mujeres -ustedes, los compa\u00f1eros hombres tambi\u00e9n est\u00e1n invitados- pero las principales son las mujeres hoy, ma\u00f1ana y siempre.<\/p>\n","protected":false},"excerpt":{"rendered":"<p>Versi\u00f3n estenogr\u00e1fica Vamos a tener un encuentro y se va a hablar sobre el tema del D\u00eda Internacional de la Mujer, esta conmemoraci\u00f3n, y de las demandas de las mujeres, dijo el Presidente durante la conferencia matutina &nbsp; &nbsp; PRESIDENTE ANDR\u00c9S MANUEL L\u00d3PEZ OBRADOR: Buenos d\u00edas. Se nos hizo un poquito tarde, pero estuvo muy [&hellip;]<\/p>\n","protected":false},"author":1,"featured_media":418534,"comment_status":"open","ping_status":"open","sticky":false,"template":"","format":"standard","meta":{"_monsterinsights_skip_tracking":false,"_monsterinsights_sitenote_active":false,"_monsterinsights_sitenote_note":"","_monsterinsights_sitenote_category":0,"footnotes":""},"categories":[3],"tags":[1352,82668,43673],"class_list":["post-418533","post","type-post","status-publish","format-standard","has-post-thumbnail","hentry","category-nacional","tag-andres-manuel-lopez-obrador","tag-conferencia-matutina","tag-nacional"],"_links":{"self":[{"href":"https:\/\/www.diarioimagen.net\/index.php?rest_route=\/wp\/v2\/posts\/418533","targetHints":{"allow":["GET"]}}],"collection":[{"href":"https:\/\/www.diarioimagen.net\/index.php?rest_route=\/wp\/v2\/posts"}],"about":[{"href":"https:\/\/www.diarioimagen.net\/index.php?rest_route=\/wp\/v2\/types\/post"}],"author":[{"embeddable":true,"href":"https:\/\/www.diarioimagen.net\/index.php?rest_route=\/wp\/v2\/users\/1"}],"replies":[{"embeddable":true,"href":"https:\/\/www.diarioimagen.net\/index.php?rest_route=%2Fwp%2Fv2%2Fcomments&post=418533"}],"version-history":[{"count":0,"href":"https:\/\/www.diarioimagen.net\/index.php?rest_route=\/wp\/v2\/posts\/418533\/revisions"}],"wp:featuredmedia":[{"embeddable":true,"href":"https:\/\/www.diarioimagen.net\/index.php?rest_route=\/wp\/v2\/media\/418534"}],"wp:attachment":[{"href":"https:\/\/www.diarioimagen.net\/index.php?rest_route=%2Fwp%2Fv2%2Fmedia&parent=418533"}],"wp:term":[{"taxonomy":"category","embeddable":true,"href":"https:\/\/www.diarioimagen.net\/index.php?rest_route=%2Fwp%2Fv2%2Fcategories&post=418533"},{"taxonomy":"post_tag","embeddable":true,"href":"https:\/\/www.diarioimagen.net\/index.php?rest_route=%2Fwp%2Fv2%2Ftags&post=418533"}],"curies":[{"name":"wp","href":"https:\/\/api.w.org\/{rel}","templated":true}]}}