{"id":418553,"date":"2019-03-11T00:11:39","date_gmt":"2019-03-11T06:11:39","guid":{"rendered":"https:\/\/www.diarioimagen.net\/?p=418553"},"modified":"2019-03-11T00:01:40","modified_gmt":"2019-03-11T06:01:40","slug":"la-procuraduria-capitalia-va-por-el-lider-de-union-tepito","status":"publish","type":"post","link":"https:\/\/www.diarioimagen.net\/?p=418553","title":{"rendered":"Procuradur\u00eda capitalina va por l\u00edder de la Uni\u00f3n Tepito"},"content":{"rendered":"<ul>\n<li><strong><em>Obtiene la PGJ orden de aprehensi\u00f3n<\/em><\/strong><\/li>\n<li><strong><em>Presuntamente priv\u00f3 de la vida a una mujer<\/em><\/strong><\/li>\n<\/ul>\n<div id=\"attachment_418554\" style=\"width: 470px\" class=\"wp-caption aligncenter\"><img loading=\"lazy\" decoding=\"async\" aria-describedby=\"caption-attachment-418554\" class=\"wp-image-418554 size-large\" src=\"https:\/\/www.diarioimagen.net\/wp-content\/uploads\/2019\/03\/TEPITO11-PORTAL-460x268.jpg\" alt=\"\" width=\"460\" height=\"268\" srcset=\"https:\/\/www.diarioimagen.net\/wp-content\/uploads\/2019\/03\/TEPITO11-PORTAL-460x268.jpg 460w, https:\/\/www.diarioimagen.net\/wp-content\/uploads\/2019\/03\/TEPITO11-PORTAL-240x140.jpg 240w, https:\/\/www.diarioimagen.net\/wp-content\/uploads\/2019\/03\/TEPITO11-PORTAL.jpg 480w\" sizes=\"auto, (max-width: 460px) 100vw, 460px\" \/><p id=\"caption-attachment-418554\" class=\"wp-caption-text\">Se obtuvo una orden de aprehensi\u00f3n contra \u201cEl Alexis\u201d, l\u00edder de la Uni\u00f3n Tepito, por el homicidio de una mujer.<\/p><\/div>\n<p>&nbsp;<\/p>\n<p>La procuradora general de Justicia de la Ciudad de M\u00e9xico, Ernestina Godoy, inform\u00f3 que el s\u00e1bado se obtuvo una orden de aprehensi\u00f3n contra \u201cEl Alexis\u201d por el homicidio de una mujer.<\/p>\n<p>Lo anterior, luego de que una juez federal determin\u00f3 el seis de marzo dejar en libertad, por falta de pruebas, a Alexis \u201cN\u201d y a Ricardo Israel \u201cN\u201d, detenidos el 1 de marzo por elementos de la Polic\u00eda Federal en la alcald\u00eda \u00c1lvaro Obreg\u00f3n.<\/p>\n<p>\u201cEl Alexis\u201d ha sido se\u00f1alado por las autoridades como uno de los l\u00edderes del grupo delictivo conocido como La Uni\u00f3n Tepito. Godoy Ramos dijo que la detenci\u00f3n realizada es un tema federal, pero que en la Procuradur\u00eda de la Ciudad de M\u00e9xico hab\u00eda elementos para pedir una orden de aprehensi\u00f3n contra \u201cEl Alexis\u201d, al estar se\u00f1alado como quien posiblemente priv\u00f3 de la vida a una mujer. \u201cNos dieron la orden de aprehensi\u00f3n, y vamos a tratar de ejecutarla\u201d, \u201clleg\u00f3 un poquito tarde\u201d, se\u00f1al\u00f3 en entrevista al t\u00e9rmino de la ceremonia de toma de protesta a elementos de la Secretar\u00eda de Seguridad Ciudadana (SSC).<\/p>\n<p style=\"text-align: center;\"><strong>Obtuvieron su libertad, <\/strong><strong>tras pagar 20 mil pesos<\/strong><\/p>\n<p>La semana pasada, un juez federal concedi\u00f3 la medida de libertad condicional a Alexis \u201cN\u201d mejor conocido como \u2018El Alexis\u2019, presunto l\u00edder de la Uni\u00f3n Tepito, y a Ricardo Israel \u201cN\u201d, al\u00edas \u2018El Perky\u2019,\u00a0 quienes fueron detenidos la semana pasada en un departamento lujoso en San \u00c1ngel, Ciudad de M\u00e9xico.<\/p>\n<p>El juez, \u00fanicamente los vincul\u00f3 a proceso por el delito de posesi\u00f3n simple de droga, lo que no amerita prisi\u00f3n preventiva oficiosa, por lo que deber\u00e1n presentarse cada 15 d\u00edas para firmar en un penal de la Ciudad de M\u00e9xico.<\/p>\n<p>Aunado a ello, le fue cobrada una multa de 20 mil pesos que deber\u00e1 cubrir en un plazo de tres d\u00edas y deber\u00e1 presentarse obligatoriamente a un centro de prevenci\u00f3n contra las drogas. Se dio a conocer que la Fiscal\u00eda General de la Rep\u00fablica (FGR) hab\u00eda solicitado la prisi\u00f3n preventiva justificada, debido a la peligrosidad de los sujetos, pero les fue negada.<\/p>\n<p>\u2018El Alexis\u2019 y \u2018El Perky\u2019, son considerados los l\u00edderes de la Uni\u00f3n\u00a0 Tepito, c\u00e9lula delictiva vinculada a varios asesinatos, venta de droga y extorsiones a los due\u00f1os de los bares de la Condesa y Polanco, en la Ciudad de M\u00e9xico.<\/p>\n","protected":false},"excerpt":{"rendered":"<p>La procuradora general de Justicia de la Ciudad de M\u00e9xico, Ernestina Godoy, inform\u00f3 que el s\u00e1bado se obtuvo una orden de aprehensi\u00f3n contra \u201cEl Alexis\u201d por el homicidio de una mujer.<\/p>\n","protected":false},"author":5,"featured_media":418554,"comment_status":"open","ping_status":"open","sticky":false,"template":"","format":"standard","meta":{"_monsterinsights_skip_tracking":false,"_monsterinsights_sitenote_active":false,"_monsterinsights_sitenote_note":"","_monsterinsights_sitenote_category":0,"footnotes":""},"categories":[6],"tags":[83483,204,83482,74096,83481],"class_list":["post-418553","post","type-post","status-publish","format-standard","has-post-thumbnail","hentry","category-cd-de-mexico","tag-alexis-n-y-a-ricardo-israel-n","tag-ciudad-de-mexico","tag-la-procuraduria-capitalia","tag-orden-de-aprehension","tag-union-tepito"],"_links":{"self":[{"href":"https:\/\/www.diarioimagen.net\/index.php?rest_route=\/wp\/v2\/posts\/418553","targetHints":{"allow":["GET"]}}],"collection":[{"href":"https:\/\/www.diarioimagen.net\/index.php?rest_route=\/wp\/v2\/posts"}],"about":[{"href":"https:\/\/www.diarioimagen.net\/index.php?rest_route=\/wp\/v2\/types\/post"}],"author":[{"embeddable":true,"href":"https:\/\/www.diarioimagen.net\/index.php?rest_route=\/wp\/v2\/users\/5"}],"replies":[{"embeddable":true,"href":"https:\/\/www.diarioimagen.net\/index.php?rest_route=%2Fwp%2Fv2%2Fcomments&post=418553"}],"version-history":[{"count":0,"href":"https:\/\/www.diarioimagen.net\/index.php?rest_route=\/wp\/v2\/posts\/418553\/revisions"}],"wp:featuredmedia":[{"embeddable":true,"href":"https:\/\/www.diarioimagen.net\/index.php?rest_route=\/wp\/v2\/media\/418554"}],"wp:attachment":[{"href":"https:\/\/www.diarioimagen.net\/index.php?rest_route=%2Fwp%2Fv2%2Fmedia&parent=418553"}],"wp:term":[{"taxonomy":"category","embeddable":true,"href":"https:\/\/www.diarioimagen.net\/index.php?rest_route=%2Fwp%2Fv2%2Fcategories&post=418553"},{"taxonomy":"post_tag","embeddable":true,"href":"https:\/\/www.diarioimagen.net\/index.php?rest_route=%2Fwp%2Fv2%2Ftags&post=418553"}],"curies":[{"name":"wp","href":"https:\/\/api.w.org\/{rel}","templated":true}]}}