{"id":418595,"date":"2019-03-11T00:01:46","date_gmt":"2019-03-11T06:01:46","guid":{"rendered":"https:\/\/www.diarioimagen.net\/?p=418595"},"modified":"2019-03-11T03:30:45","modified_gmt":"2019-03-11T09:30:45","slug":"ricardo-capilla-quien-se-desempeno-como-director-general-de-airbus-helicopters-fue-nombrado-nuevo-head-of-country-de-airbus-en-mexico","status":"publish","type":"post","link":"https:\/\/www.diarioimagen.net\/?p=418595","title":{"rendered":"Ricardo Capilla, quien se desempe\u00f1\u00f3 como director general de <em>Airbus Helicopters<\/em>, fue nombrado nuevo <em>Head of Country<\/em> de <em>Airbus<\/em> en M\u00e9xico"},"content":{"rendered":"<h2>De cinco estrellas<\/h2>\n<h5>Victoria Gonz\u00e1lez Prado<\/h5>\n<p><strong>\u00a0<\/strong><\/p>\n<ul>\n<li><em><strong>Carlos Mackinlay, secretario de Turismo de la CDMX y Roc\u00edo Garc\u00eda P\u00e9rez, directora general del SNDIF, firmaron convenio de colaboraci\u00f3n<\/strong><\/em><\/li>\n<li><strong>Michelin<\/strong><em><strong> y <\/strong><\/em><strong>Visit California<\/strong><em><strong> revelaron expansi\u00f3n sin precedente de la Gu\u00eda Michelin, con el anuncio de la Gu\u00eda California 2019<\/strong><\/em><\/li>\n<\/ul>\n<p><strong>\u00a0<\/strong><\/p>\n<div id=\"attachment_418662\" style=\"width: 470px\" class=\"wp-caption aligncenter\"><a href=\"https:\/\/www.diarioimagen.net\/?attachment_id=418662\" rel=\"attachment wp-att-418662\"><img loading=\"lazy\" decoding=\"async\" aria-describedby=\"caption-attachment-418662\" class=\"size-large wp-image-418662\" src=\"https:\/\/www.diarioimagen.net\/wp-content\/uploads\/2019\/03\/turismo-4-460x259.jpg\" alt=\"\" width=\"460\" height=\"259\" srcset=\"https:\/\/www.diarioimagen.net\/wp-content\/uploads\/2019\/03\/turismo-4-460x259.jpg 460w, https:\/\/www.diarioimagen.net\/wp-content\/uploads\/2019\/03\/turismo-4-240x135.jpg 240w, https:\/\/www.diarioimagen.net\/wp-content\/uploads\/2019\/03\/turismo-4-235x132.jpg 235w, https:\/\/www.diarioimagen.net\/wp-content\/uploads\/2019\/03\/turismo-4-202x114.jpg 202w, https:\/\/www.diarioimagen.net\/wp-content\/uploads\/2019\/03\/turismo-4-350x196.jpg 350w, https:\/\/www.diarioimagen.net\/wp-content\/uploads\/2019\/03\/turismo-4-220x123.jpg 220w, https:\/\/www.diarioimagen.net\/wp-content\/uploads\/2019\/03\/turismo-4-237x132.jpg 237w, https:\/\/www.diarioimagen.net\/wp-content\/uploads\/2019\/03\/turismo-4.jpg 480w\" sizes=\"auto, (max-width: 460px) 100vw, 460px\" \/><\/a><p id=\"caption-attachment-418662\" class=\"wp-caption-text\">Ricardo Capilla.<\/p><\/div>\n<p>&nbsp;<\/p>\n<p><strong>Ricardo Capilla<\/strong> es el nuevo <em>Head of Country<\/em> de <em>Airbus<\/em> en M\u00e9xico, quien se desempe\u00f1\u00f3 como director general de <em>Airbus Helicopters<\/em>.<\/p>\n<p>Al hacer uso de la palabra <strong>Capilla<\/strong> asegur\u00f3: \u201cestoy muy orgulloso de regresar a mi pa\u00eds liderando a la compa\u00f1\u00eda en donde inici\u00e9 mi carrera profesional en la industria aeron\u00e1utica. Para Airbus, M\u00e9xico representa mucho m\u00e1s que un mercado clave, nos vemos como un socio estrat\u00e9gico para el pa\u00eds, trabajando en conjunto para el desarrollo de la industria aeroespacial de M\u00e9xico y brindando soluciones que cumplan las necesidades del Mercado, a trav\u00e9s de nuestros productos y servicios\u201d.<\/p>\n<p>Nacido en Ciudad de M\u00e9xico, <strong>Ricardo Capilla<\/strong> obtuvo beca deportiva para estudiar en <em>Virginia Commonwealth University<\/em> en EE.UU., donde estudi\u00f3 maestr\u00eda en Administraci\u00f3n de Empresas (MBA) y <em>Bachelor of Science<\/em> en Negocios.<\/p>\n<p>Tambi\u00e9n estudio Negocios Internacionales en <em>Ecole Superieure<\/em> de Commerce de Marsella, Francia.<\/p>\n<p>M\u00e9xico es uno de los mercados aeroespaciales m\u00e1s grandes para <em>Airbus<\/em> en Am\u00e9rica Latina.<\/p>\n<p>Desde hace 30 a\u00f1os estableci\u00f3 su primer <em>Customer Center<\/em> de helic\u00f3pteros en la Ciudad de M\u00e9xico donde brinda asistencia a sus clientes, MRO, log\u00edstica, capacitaci\u00f3n y servicios de personalizaci\u00f3n.<\/p>\n<p>Para seguir reforzando su compromiso con el pa\u00eds, abri\u00f3 su planta de fabricaci\u00f3n en el estado de Quer\u00e9taro en 2013, donde produce puertas de salidas de emergencia y de carga aviones comerciales de <em>Airbus.<\/em> En 2016, abri\u00f3 el <em>Airbus Mexico Training Center<\/em> (AMTC) en la Ciudad de M\u00e9xico, ofreciendo amplia gama de servicios para operadores de la familia A320 en M\u00e9xico y Am\u00e9rica Latina.<\/p>\n<p>\u2730\u2730\u2730\u2730\u2730 Con el fin de compartir las actividades culturales del Sistema Nacional para el Desarrollo Integral de la Familia DIF, el secretario de Turismo de la Ciudad de M\u00e9xico, <strong>Carlos Mackinlay<\/strong>, y la directora general del organismo federal, <strong>Roc\u00edo Garc\u00eda P\u00e9rez<\/strong>, firmaron convenio de colaboraci\u00f3n, en el marco de la Conmemoraci\u00f3n del D\u00eda Internacional de la Mujer.<\/p>\n<p>Reunidos en el Auditorio Adolfo L\u00f3pez Mateos, los funcionarios cortaron el list\u00f3n inaugural y dio inicio la Acci\u00f3n Cultural del DIF, denominado Mujeres Impulsando las Artes, e iniciaron representaciones teatrales y danc\u00edsticas; la exhibici\u00f3n de esculturas, as\u00ed como un concierto de piano.<\/p>\n<p>Mujeres Impulsando las Artes, es el evento que organiz\u00f3 el DIF para dar a conocer las primeras acciones culturales en beneficio de su poblaci\u00f3n.<\/p>\n<p>Inici\u00f3 con la representaci\u00f3n del mon\u00f3logo \u201cMuertas de hambre \u2013 Para nutrirse de risa\u201d, en el que, por medio del humor se busca reconocer la ardua y complicada lucha de las mujeres por garantizar sus derechos.<\/p>\n<p>Con la participaci\u00f3n de los funcionarios, se estableci\u00f3 el v\u00ednculo de colaboraci\u00f3n para que los programas ofrecidos por la Secretar\u00eda de Turismo, beneficien a la poblaci\u00f3n que atiende el DIF.<\/p>\n<p>Con esta alianza estrat\u00e9gica se busca defender el derecho a la recreaci\u00f3n de las ni\u00f1as, ni\u00f1os, adolescentes, mujeres, personas con discapacidad y adultos mayores.<\/p>\n<p>Despu\u00e9s del acto protocolario se llev\u00f3 a cabo conversatorio con integrantes de la Federaci\u00f3n Mexicana de Universitarias (FEMU), concierto de piano did\u00e1ctico, proyecci\u00f3n de la pel\u00edcula Rosa Luxemburgo, comentada por la maestra <strong>Delia Selene de Dios<\/strong>, concierto con la Orquesta de C\u00e1mara de la Ciudad de M\u00e9xico, Teatro Danza y exhibici\u00f3n de bailarines de Hip-Hop.<\/p>\n<p>El DIF refrenda su compromiso con la poblaci\u00f3n, la defensa de sus derechos y la promoci\u00f3n del Turismo Social que, gracias a este convenio con la Secretar\u00eda de Turismo de la Ciudad de M\u00e9xico, podr\u00e1 diversificar las actividades y servicios que ofrece a quienes m\u00e1s lo necesitan.<\/p>\n<p>\u2730\u2730\u2730\u2730\u2730 Michelin y <em>Visit California<\/em> revelaron expansi\u00f3n sin precedente de la Gu\u00eda Michelin, con el anuncio de la Gu\u00eda California 2019, en acto celebrado en el <em>Golden 1 Center<\/em> en la \u201cCiudad Anfitriona\u201d de Sacramento.<\/p>\n<p>Adem\u00e1s del \u00e1rea de la Bah\u00eda de San Francisco y el <em>Wine Country<\/em> que se cubrieron anteriormente, la nueva Gu\u00eda de California incluir\u00e1 restaurantes en el \u00e1rea de Los \u00c1ngeles, Monterrey, Orange County, Sacramento, San Diego y Santa B\u00e1rbara.<\/p>\n<p>La expansi\u00f3n reconoce la combinaci\u00f3n \u00fanica de sofisticaci\u00f3n relajada de California y su papel principal como una potencia culinaria, una combinaci\u00f3n que atrae a viajeros de todo el mundo en busca de los sabores y experiencias de lujo relajado.<\/p>\n<p>Un estudio reciente de EY sobre el impacto de la Gu\u00eda Michelin en San Francisco confirm\u00f3 que la Gu\u00eda es fuente confiable para turistas internacionales y contribuye directamente a la econom\u00eda y la industria alimentaria de un destino.<\/p>\n<p>Al comentar sobre la Gu\u00eda de California, <strong>Gwendal Poullennec<\/strong>, director internacional de las Gu\u00edas Michelin, dijo: \u201ccon acceso a muchas de las mejores granjas, productores de alimentos y vi\u00f1edos del mundo, la cocina de California es respetada en todo el mundo no solo por la calidad de sus ingredientes sino tambi\u00e9n por la creatividad mostrada por sus chefs.<\/p>\n<p>Adem\u00e1s, nuestros inspectores han quedado impresionados con el talento e innovaci\u00f3n dentro de la comunidad gastron\u00f3mica en todo el estado. La asociaci\u00f3n de Michelin combina la solidez del turismo de <em>Visit California <\/em>con los m\u00e1s de 120 a\u00f1os de experiencia de Michelin en gastronom\u00eda\u201d.<\/p>\n<p>\u201cCalifornia y Michelin son pareja perfecta, uniendo fuerzas para mostrar al mundo la innovaci\u00f3n y amplitud del panorama culinario del Estado Dorado\u201d, dijo <strong>Caroline Beteta<\/strong>, presidenta y CEO de <em>Visit California<\/em>. \u201cLa diversidad y la abundancia de oportunidades gastron\u00f3micas aqu\u00ed, que incluyen una variedad incomparable de opciones \u00e9tnicas, chefs y una ilimitada diversidad agr\u00edcola, diferencia a California de cualquier otro destino en el mundo\u201d.<\/p>\n<p>Michelin, <em>Visit California<\/em> y <em>Visit Sacramento<\/em> fueron anfitriones del anuncio en la aclamada capital del <em>Farm-to-Fork <\/em>del pa\u00eds americano. \u201cEste evento celebra la rica historia agr\u00edcola de Sacramento, la brillante escena culinaria y el enfoque en todo lo fresco y local\u201d, dijo <strong>Mike Testa<\/strong>, presidente y CEO de <em>Visit Sacramento.<\/em> \u201cNuestra ciudad natal, <em>Golden 1 Center<\/em>, ofrece escenario perfecto, ya que el estado obtiene el 90 por ciento de sus alimentos y bebidas de los agricultores, cervecer\u00edas y bodegas en un radio de 150 millas.<\/p>\n<p>\u201cEsta nueva y emocionante gu\u00eda reafirma el estatus de Sacramento entre los grandes destinos culinarios del mundo, un hito que vale la pena celebrar en nuestra comunidad culinaria\u201d.<\/p>\n<p>Michelin revelar\u00e1 la selecci\u00f3n de estrellas de 2019 en la Gu\u00eda inaugural de California durante evento especial programado en el verano, con la selecci\u00f3n de <em>Bib Gourmand<\/em> anunciada d\u00edas antes.<\/p>\n<p><strong>\u201cEl \u00c1ngel de la Fama tiene sus alas hechas de papel&#8230; peri\u00f3dico\u201d.<\/strong><\/p>\n<p><em><a href=\"mailto:victoriagprado@gmail.com\" target=\"_blank\" rel=\"noopener noreferrer\">victoriagprado@gmail.com<\/a><\/em><br \/>\n<em>Twitter: <a href=\"https:\/\/twitter.com\/victoriagprado\" target=\"_blank\" rel=\"noopener noreferrer\">@victoriagprado<\/a><\/em><\/p>\n","protected":false},"excerpt":{"rendered":"<p><strong>Ricardo Capilla<\/strong> es el nuevo <em>Head of Country<\/em> de <em>Airbus<\/em> en M\u00e9xico, quien se desempe\u00f1\u00f3 como director general de <em>Airbus Helicopters<\/em>.<\/p>\n","protected":false},"author":3,"featured_media":418662,"comment_status":"open","ping_status":"open","sticky":false,"template":"","format":"standard","meta":{"_monsterinsights_skip_tracking":false,"_monsterinsights_sitenote_active":false,"_monsterinsights_sitenote_note":"","_monsterinsights_sitenote_category":0,"footnotes":""},"categories":[11],"tags":[107,43674,43681,106],"class_list":["post-418595","post","type-post","status-publish","format-standard","has-post-thumbnail","hentry","category-turismo","tag-de-cinco-estrellas","tag-opinion","tag-turismo","tag-victoria-gonzalez-prado"],"_links":{"self":[{"href":"https:\/\/www.diarioimagen.net\/index.php?rest_route=\/wp\/v2\/posts\/418595","targetHints":{"allow":["GET"]}}],"collection":[{"href":"https:\/\/www.diarioimagen.net\/index.php?rest_route=\/wp\/v2\/posts"}],"about":[{"href":"https:\/\/www.diarioimagen.net\/index.php?rest_route=\/wp\/v2\/types\/post"}],"author":[{"embeddable":true,"href":"https:\/\/www.diarioimagen.net\/index.php?rest_route=\/wp\/v2\/users\/3"}],"replies":[{"embeddable":true,"href":"https:\/\/www.diarioimagen.net\/index.php?rest_route=%2Fwp%2Fv2%2Fcomments&post=418595"}],"version-history":[{"count":0,"href":"https:\/\/www.diarioimagen.net\/index.php?rest_route=\/wp\/v2\/posts\/418595\/revisions"}],"wp:featuredmedia":[{"embeddable":true,"href":"https:\/\/www.diarioimagen.net\/index.php?rest_route=\/wp\/v2\/media\/418662"}],"wp:attachment":[{"href":"https:\/\/www.diarioimagen.net\/index.php?rest_route=%2Fwp%2Fv2%2Fmedia&parent=418595"}],"wp:term":[{"taxonomy":"category","embeddable":true,"href":"https:\/\/www.diarioimagen.net\/index.php?rest_route=%2Fwp%2Fv2%2Fcategories&post=418595"},{"taxonomy":"post_tag","embeddable":true,"href":"https:\/\/www.diarioimagen.net\/index.php?rest_route=%2Fwp%2Fv2%2Ftags&post=418595"}],"curies":[{"name":"wp","href":"https:\/\/api.w.org\/{rel}","templated":true}]}}