{"id":418598,"date":"2019-03-11T00:09:51","date_gmt":"2019-03-11T06:09:51","guid":{"rendered":"https:\/\/www.diarioimagen.net\/?p=418598"},"modified":"2019-03-11T07:11:32","modified_gmt":"2019-03-11T13:11:32","slug":"dar-una-mayor-seguridad-prioridad-en-la-quema-de-toritos-pirotecnicos-en-tultepec","status":"publish","type":"post","link":"https:\/\/www.diarioimagen.net\/?p=418598","title":{"rendered":"Dar una mayor seguridad, prioridad en la quema de toritos pirot\u00e9cnicos, en Tultepec"},"content":{"rendered":"<ul>\n<li><strong><em>Feria Patronal en San Antonio Xahuento<\/em><\/strong><\/li>\n<\/ul>\n<p>&nbsp;<\/p>\n<div id=\"attachment_418666\" style=\"width: 470px\" class=\"wp-caption aligncenter\"><a href=\"https:\/\/www.diarioimagen.net\/?attachment_id=418666\" rel=\"attachment wp-att-418666\"><img loading=\"lazy\" decoding=\"async\" aria-describedby=\"caption-attachment-418666\" class=\"size-large wp-image-418666\" src=\"https:\/\/www.diarioimagen.net\/wp-content\/uploads\/2019\/03\/TULTEPEC-11-1-460x300.jpg\" alt=\"\" width=\"460\" height=\"300\" srcset=\"https:\/\/www.diarioimagen.net\/wp-content\/uploads\/2019\/03\/TULTEPEC-11-1-460x300.jpg 460w, https:\/\/www.diarioimagen.net\/wp-content\/uploads\/2019\/03\/TULTEPEC-11-1-240x157.jpg 240w, https:\/\/www.diarioimagen.net\/wp-content\/uploads\/2019\/03\/TULTEPEC-11-1.jpg 700w\" sizes=\"auto, (max-width: 460px) 100vw, 460px\" \/><\/a><p id=\"caption-attachment-418666\" class=\"wp-caption-text\">En la fiesta patronal de\u00a0 San Antonio Xahuento, se antepuso, por encima de todo, la seguridad de quienes participaron directamente, as\u00ed como de los visitantes.<\/p><\/div>\n<p>&nbsp;<\/p>\n<p><strong>Tultepec, Estado de M\u00e9xico<\/strong>.- Con el objetivo de preservar la tradici\u00f3n de la quema de <em>toritos<\/em> en honor a San Juan de Dios cada 8 de marzo, los mayordomos de la fiesta patronal, solicitaron al gobierno municipal su apoyo para llevarla a cabo en los terrenos de la feria, ubicados en San Antonio, Xahuento, se antepone, por encima de todo, la seguridad de quienes participan directamente, as\u00ed como de los visitantes.<\/p>\n<p>El alcalde Armando Portuguez Fuentes inform\u00f3 que, ante el incremento de visitantes y del n\u00famero de <em>toros<\/em> monumentales que se queman en la explanada ubicada frente a la Concha Ac\u00fastica del centro, \u201cya resulta insuficiente y ello incrementa los riesgos y el n\u00famero de lesionados y eso es lo que se busca evitar\u201d.<\/p>\n<p>Precis\u00f3 que, ante el incremento en el n\u00famero de visitantes y <em>toros<\/em>, en combinaci\u00f3n con el exceso en la ingesta de bebidas alcoh\u00f3licas durante los festejos, se rompe con la tradici\u00f3n y se rebasa la capacidad en la organizaci\u00f3n por preservar esta singular tradici\u00f3n.<\/p>\n<p>\u201cPor ello, se hace necesario mudar el lugar de la quema hacia un espacio abierto y suficientemente acondicionado para disminuir el n\u00famero de lesionados e inclusive una posible tragedia, que lamentablemente en otros a\u00f1os ya ha ocurrido\u201d, dijo.<\/p>\n<p>Afirm\u00f3 que los n\u00fameros de esta \u00faltima quema lo demuestran, dado que en los terrenos de la feria se quemaron 158 <em>toros<\/em> monumentales con un saldo de 90 lesionados con quemaduras de primer y segundo grado en diversas partes del cuerpo, sin que ello pusiera en riesgo la vida de los afectados.<\/p>\n<p>En tanto que, en la Concha Ac\u00fastica del Centro, se quemaron 96 toros monumentales con un saldo de 312 lesionados con quemaduras de primer y segundo grado en diversas partes del cuerpo sin riesgo de perder la vida.<\/p>\n<p>Es decir, un promedio de lesionados tres veces mayor a los afectados en los terrenos de la feria, lo que evidencia, que, por ser un espacio m\u00e1s cerrado y reducido con relaci\u00f3n a cifra de asistentes, el riesgo se triplica.<\/p>\n<p>Por ello, el gobierno municipal tuvo a bien acondicionar los terrenos de la feria con gradas y vallas, para que los asistentes a la quema pudieran apreciarla a distancia y sin mayor riesgo, adem\u00e1s de disfrutar de danza y grupos musicales para todos los gustos de manera paralela, as\u00ed como de un espect\u00e1culo piromusical, se hace del mismo un evento m\u00e1s familiar.<\/p>\n<p>Finalmente, el Ejecutivo municipal afirm\u00f3 que de manera conjunta con los mayordomos de este y en los a\u00f1os venideros, se antepondr\u00e1 por encima de todo, la seguridad de quienes participan en la quema, as\u00ed como de los asistentes, \u201cpara que esta bonita tradici\u00f3n que da identidad a Tultepec, se pueda preservar, y no por el contrario, se pudiera convertir en tragedia\u201d.<\/p>\n<p>&nbsp;<\/p>\n","protected":false},"excerpt":{"rendered":"<p>Con el objetivo de preservar la tradici\u00f3n de la quema de toritos en honor a San Juan de Dios cada 8 de marzo, los mayordomos de la fiesta patronal, solicitaron al gobierno municipal su apoyo para llevarla a cabo en los terrenos de la feria, ubicados en San Antonio, Xahuento, se antepone, por encima de todo, la seguridad de quienes participan directamente, as\u00ed como de los visitantes.<\/p>\n","protected":false},"author":3,"featured_media":418665,"comment_status":"open","ping_status":"open","sticky":false,"template":"","format":"standard","meta":{"_monsterinsights_skip_tracking":false,"_monsterinsights_sitenote_active":false,"_monsterinsights_sitenote_note":"","_monsterinsights_sitenote_category":0,"footnotes":""},"categories":[35155],"tags":[43675,41588,83494,3802],"class_list":["post-418598","post","type-post","status-publish","format-standard","has-post-thumbnail","hentry","category-estado-de-mexico-estado-de-mexico","tag-estado-de-mexico","tag-prioridad","tag-toritos","tag-tultepec"],"_links":{"self":[{"href":"https:\/\/www.diarioimagen.net\/index.php?rest_route=\/wp\/v2\/posts\/418598","targetHints":{"allow":["GET"]}}],"collection":[{"href":"https:\/\/www.diarioimagen.net\/index.php?rest_route=\/wp\/v2\/posts"}],"about":[{"href":"https:\/\/www.diarioimagen.net\/index.php?rest_route=\/wp\/v2\/types\/post"}],"author":[{"embeddable":true,"href":"https:\/\/www.diarioimagen.net\/index.php?rest_route=\/wp\/v2\/users\/3"}],"replies":[{"embeddable":true,"href":"https:\/\/www.diarioimagen.net\/index.php?rest_route=%2Fwp%2Fv2%2Fcomments&post=418598"}],"version-history":[{"count":0,"href":"https:\/\/www.diarioimagen.net\/index.php?rest_route=\/wp\/v2\/posts\/418598\/revisions"}],"wp:featuredmedia":[{"embeddable":true,"href":"https:\/\/www.diarioimagen.net\/index.php?rest_route=\/wp\/v2\/media\/418665"}],"wp:attachment":[{"href":"https:\/\/www.diarioimagen.net\/index.php?rest_route=%2Fwp%2Fv2%2Fmedia&parent=418598"}],"wp:term":[{"taxonomy":"category","embeddable":true,"href":"https:\/\/www.diarioimagen.net\/index.php?rest_route=%2Fwp%2Fv2%2Fcategories&post=418598"},{"taxonomy":"post_tag","embeddable":true,"href":"https:\/\/www.diarioimagen.net\/index.php?rest_route=%2Fwp%2Fv2%2Ftags&post=418598"}],"curies":[{"name":"wp","href":"https:\/\/api.w.org\/{rel}","templated":true}]}}