{"id":418600,"date":"2019-03-11T00:08:26","date_gmt":"2019-03-11T06:08:26","guid":{"rendered":"https:\/\/www.diarioimagen.net\/?p=418600"},"modified":"2019-03-11T07:11:44","modified_gmt":"2019-03-11T13:11:44","slug":"dif-huixquilucan-reconoce-la-lucha-de-las-mujeres-a-lo-largo-de-la-historia","status":"publish","type":"post","link":"https:\/\/www.diarioimagen.net\/?p=418600","title":{"rendered":"DIF Huixquilucan reconoce la lucha de las mujeres a lo largo de la historia"},"content":{"rendered":"<ul>\n<li><strong><em>Con diversas actividades culturales<\/em><\/strong><\/li>\n<\/ul>\n<p>&nbsp;<\/p>\n<div id=\"attachment_418669\" style=\"width: 470px\" class=\"wp-caption aligncenter\"><a href=\"https:\/\/www.diarioimagen.net\/?attachment_id=418669\" rel=\"attachment wp-att-418669\"><img loading=\"lazy\" decoding=\"async\" aria-describedby=\"caption-attachment-418669\" class=\"size-large wp-image-418669\" src=\"https:\/\/www.diarioimagen.net\/wp-content\/uploads\/2019\/03\/HUIXQUILUCAN-11-460x259.jpg\" alt=\"\" width=\"460\" height=\"259\" srcset=\"https:\/\/www.diarioimagen.net\/wp-content\/uploads\/2019\/03\/HUIXQUILUCAN-11-460x259.jpg 460w, https:\/\/www.diarioimagen.net\/wp-content\/uploads\/2019\/03\/HUIXQUILUCAN-11-240x135.jpg 240w, https:\/\/www.diarioimagen.net\/wp-content\/uploads\/2019\/03\/HUIXQUILUCAN-11-235x132.jpg 235w, https:\/\/www.diarioimagen.net\/wp-content\/uploads\/2019\/03\/HUIXQUILUCAN-11-202x114.jpg 202w, https:\/\/www.diarioimagen.net\/wp-content\/uploads\/2019\/03\/HUIXQUILUCAN-11-350x196.jpg 350w, https:\/\/www.diarioimagen.net\/wp-content\/uploads\/2019\/03\/HUIXQUILUCAN-11-220x123.jpg 220w, https:\/\/www.diarioimagen.net\/wp-content\/uploads\/2019\/03\/HUIXQUILUCAN-11-237x132.jpg 237w, https:\/\/www.diarioimagen.net\/wp-content\/uploads\/2019\/03\/HUIXQUILUCAN-11.jpg 480w\" sizes=\"auto, (max-width: 460px) 100vw, 460px\" \/><\/a><p id=\"caption-attachment-418669\" class=\"wp-caption-text\">Enrique Vargas del Villar agradeci\u00f3 a su esposa, Romina Contreras de Vargas, por todo el trabajo y todo el amor que le tiene al municipio.<\/p><\/div>\n<p>&nbsp;<\/p>\n<p><strong>Huixquilucan, Estado de M\u00e9xico<\/strong>.- La maestra Romina Contreras de Vargas, presidenta del Sistema Municipal DIF Huixquilucan, encabez\u00f3 la conmemoraci\u00f3n por el D\u00eda Internacional de la Mujer, en un acto realizado con la Direcci\u00f3n de Desarrollo Social, dirigida por la maestra Mar\u00eda Jos\u00e9 Ocampo V\u00e1zquez y la Direcci\u00f3n de Atenci\u00f3n a Grupos Vulnerables del DIF, liderada por la licenciada Guadalupe Rosas Hern\u00e1ndez.<\/p>\n<p>Contando con la asistencia de 5 mil mujeres huixquiluquenses, quienes se dieron cita en el Complejo Rosa M\u00edstica, y presenciaron diferentes actividades culturales como la participaci\u00f3n del Ballet Folkl\u00f3rico Sahuatoba, del Mariachi Cuajimalpa, la Orquesta Juvenil Huixquilucan, y del <em>Musical Mentiras<\/em>, se conmemor\u00f3 una fecha tan importante.<\/p>\n<p>\u201cEstamos conmemorando la lucha que han tenido las mujeres a lo largo de la historia por la equidad; esta equidad a la que tenemos derecho no por ser mujeres, sino por ser personas\u201d, afirm\u00f3 Contreras de Vargas.<\/p>\n<p>Asimismo, agradeci\u00f3 el apoyo de la directora de Desarrollo Social, Mar\u00eda Jos\u00e9 Ocampo, para la realizaci\u00f3n del evento conjunto, as\u00ed como el de su esposo, el licenciado Enrique Vargas del Villar, presidente municipal de Huixquilucan.<\/p>\n<p>\u201cTrabajamos todos los d\u00edas por las mujeres, no s\u00f3lo el ocho de marzo, la finalidad del DIF es apoyarlas siempre\u201d, puntualiz\u00f3.<\/p>\n<p>Finalmente, la presidenta del DIF Huixquilucan expres\u00f3: \u201cEs importante que las\u00a0mam\u00e1s sean mujeres que hayan tenido m\u00e1s oportunidades, por eso en el DIF las estamos apoyando; estamos trabajando fuerte por la educaci\u00f3n, queremos que est\u00e9n preparadas y tengan herramientas para salir adelante y que no dependan de un soporte\u201d.<\/p>\n<p>Cabe se\u00f1alar que durante el evento se firm\u00f3 el convenio \u201cMunicipio libre de trata de personas\u201d con El Pozo de Vida A.C., como una certificaci\u00f3n por ser el primer municipio libre de trata de personas. Al respeto, la ciudadana Iliana Ruvalcaba L\u00f3pez, presidenta de dicha asociaci\u00f3n civil agradeci\u00f3 al municipio porque \u201ces una muestra clara de que no s\u00f3lo se preocupa por este flagelo, sino que se ocupa\u201d.<\/p>\n<p>\u201cEn nombre de todos los que trabajamos d\u00eda a d\u00eda con v\u00edctimas y sabemos lo que sufren, agradecemos este prop\u00f3sito, este gran trabajo pero sobre todo este gran reto, porque el gran reto es ese, salvar vidas en Huixquilucan\u201d, finaliz\u00f3 Ruvalcaba L\u00f3pez.<\/p>\n<p>Para finalizar, el alcalde de Huixquilucan, licenciado Enrique Vargas del Villar, agradeci\u00f3 a su esposa por todo el trabajo y todo el amor que le tiene al municipio; asimismo anunci\u00f3 que van a invertir un mill\u00f3n y medio de pesos en las estancias infantiles con lo que beneficiaran a todas las madres trabajadoras.<\/p>\n","protected":false},"excerpt":{"rendered":"<p>La maestra Romina Contreras de Vargas, presidenta del Sistema Municipal DIF Huixquilucan, encabez\u00f3 la conmemoraci\u00f3n por el D\u00eda Internacional de la Mujer, en un acto realizado con la Direcci\u00f3n de Desarrollo Social, dirigida por la maestra Mar\u00eda Jos\u00e9 Ocampo V\u00e1zquez y la Direcci\u00f3n de Atenci\u00f3n a Grupos Vulnerables del DIF, liderada por la licenciada Guadalupe Rosas Hern\u00e1ndez.\u00a0\u00a0<\/p>\n","protected":false},"author":3,"featured_media":418669,"comment_status":"open","ping_status":"open","sticky":false,"template":"","format":"standard","meta":{"_monsterinsights_skip_tracking":false,"_monsterinsights_sitenote_active":false,"_monsterinsights_sitenote_note":"","_monsterinsights_sitenote_category":0,"footnotes":""},"categories":[35155],"tags":[47218,43675,46669,1097,1921],"class_list":["post-418600","post","type-post","status-publish","format-standard","has-post-thumbnail","hentry","category-estado-de-mexico-estado-de-mexico","tag-enrique-vargas-del-villar","tag-estado-de-mexico","tag-historia","tag-huixquilucan","tag-mujeres"],"_links":{"self":[{"href":"https:\/\/www.diarioimagen.net\/index.php?rest_route=\/wp\/v2\/posts\/418600","targetHints":{"allow":["GET"]}}],"collection":[{"href":"https:\/\/www.diarioimagen.net\/index.php?rest_route=\/wp\/v2\/posts"}],"about":[{"href":"https:\/\/www.diarioimagen.net\/index.php?rest_route=\/wp\/v2\/types\/post"}],"author":[{"embeddable":true,"href":"https:\/\/www.diarioimagen.net\/index.php?rest_route=\/wp\/v2\/users\/3"}],"replies":[{"embeddable":true,"href":"https:\/\/www.diarioimagen.net\/index.php?rest_route=%2Fwp%2Fv2%2Fcomments&post=418600"}],"version-history":[{"count":0,"href":"https:\/\/www.diarioimagen.net\/index.php?rest_route=\/wp\/v2\/posts\/418600\/revisions"}],"wp:featuredmedia":[{"embeddable":true,"href":"https:\/\/www.diarioimagen.net\/index.php?rest_route=\/wp\/v2\/media\/418669"}],"wp:attachment":[{"href":"https:\/\/www.diarioimagen.net\/index.php?rest_route=%2Fwp%2Fv2%2Fmedia&parent=418600"}],"wp:term":[{"taxonomy":"category","embeddable":true,"href":"https:\/\/www.diarioimagen.net\/index.php?rest_route=%2Fwp%2Fv2%2Fcategories&post=418600"},{"taxonomy":"post_tag","embeddable":true,"href":"https:\/\/www.diarioimagen.net\/index.php?rest_route=%2Fwp%2Fv2%2Ftags&post=418600"}],"curies":[{"name":"wp","href":"https:\/\/api.w.org\/{rel}","templated":true}]}}