{"id":418602,"date":"2019-03-11T00:07:45","date_gmt":"2019-03-11T06:07:45","guid":{"rendered":"https:\/\/www.diarioimagen.net\/?p=418602"},"modified":"2019-03-11T07:11:56","modified_gmt":"2019-03-11T13:11:56","slug":"urge-democratizar-pero-en-serio-al-pri-si-se-quiere-sobrevivir-parra-sanchez","status":"publish","type":"post","link":"https:\/\/www.diarioimagen.net\/?p=418602","title":{"rendered":"Urge democratizar, pero en serio al PRI, si se quiere sobrevivir: Parra S\u00e1nchez"},"content":{"rendered":"<p><a href=\"https:\/\/www.diarioimagen.net\/?attachment_id=418672\" rel=\"attachment wp-att-418672\"><img loading=\"lazy\" decoding=\"async\" class=\"aligncenter size-large wp-image-418672\" src=\"https:\/\/www.diarioimagen.net\/wp-content\/uploads\/2019\/03\/NAUCALPAN-11-460x259.jpg\" alt=\"\" width=\"460\" height=\"259\" srcset=\"https:\/\/www.diarioimagen.net\/wp-content\/uploads\/2019\/03\/NAUCALPAN-11-460x259.jpg 460w, https:\/\/www.diarioimagen.net\/wp-content\/uploads\/2019\/03\/NAUCALPAN-11-240x135.jpg 240w, https:\/\/www.diarioimagen.net\/wp-content\/uploads\/2019\/03\/NAUCALPAN-11-235x132.jpg 235w, https:\/\/www.diarioimagen.net\/wp-content\/uploads\/2019\/03\/NAUCALPAN-11-202x114.jpg 202w, https:\/\/www.diarioimagen.net\/wp-content\/uploads\/2019\/03\/NAUCALPAN-11-350x196.jpg 350w, https:\/\/www.diarioimagen.net\/wp-content\/uploads\/2019\/03\/NAUCALPAN-11-220x123.jpg 220w, https:\/\/www.diarioimagen.net\/wp-content\/uploads\/2019\/03\/NAUCALPAN-11-237x132.jpg 237w, https:\/\/www.diarioimagen.net\/wp-content\/uploads\/2019\/03\/NAUCALPAN-11.jpg 480w\" sizes=\"auto, (max-width: 460px) 100vw, 460px\" \/><\/a><\/p>\n<p>&nbsp;<\/p>\n<p><strong>Naucalpan, Estado de M\u00e9xico<\/strong><strong>.-<\/strong> No es necesario recordar la lecci\u00f3n que nos dio la ciudadan\u00eda \u00a0en los pasados procesos electorales, \u00a0en donde el Partido Revolucionario Institucional (PRI) no s\u00f3lo perdi\u00f3 la Presidencia de la Rep\u00fablica, si no la mayor\u00eda de los congresos y presidencias municipales.<\/p>\n<p>Hoy es necesario y urgente, democratizar, pero en serio, a nuestro partido, si es que \u00a0quiere sobrevivir. Ya no m\u00e1s maquillajes, simulaciones ni imposiciones.<\/p>\n<p>Lleg\u00f3 la hora de la verdad. As\u00ed lo manifest\u00f3 en entrevista, el l\u00edder social David Parra S\u00e1nchez, luego de reiterar que ante la proximidad de la renovaci\u00f3n de la dirigencia estatal y los Comit\u00e9s Municipales de ese instituto pol\u00edtico, habr\u00eda que ser claros que \u201cal PRI, le gan\u00f3 el mismo PRI por imposiciones, designaciones y procedimientos que nunca estuvieron claros y ama\u00f1ados, eso es lo que se debe y puede cambiar\u201d.<\/p>\n<p>&nbsp;<\/p>\n","protected":false},"excerpt":{"rendered":"<p>No es necesario recordar la lecci\u00f3n que nos dio la ciudadan\u00eda \u00a0en los pasados procesos electorales, \u00a0en donde el Partido Revolucionario Institucional (PRI) no s\u00f3lo perdi\u00f3 la Presidencia de la Rep\u00fablica, si no la mayor\u00eda de los congresos y presidencias municipales.<\/p>\n","protected":false},"author":3,"featured_media":418672,"comment_status":"open","ping_status":"open","sticky":false,"template":"","format":"standard","meta":{"_monsterinsights_skip_tracking":false,"_monsterinsights_sitenote_active":false,"_monsterinsights_sitenote_note":"","_monsterinsights_sitenote_category":0,"footnotes":""},"categories":[35155],"tags":[83495,43675,970,362],"class_list":["post-418602","post","type-post","status-publish","format-standard","has-post-thumbnail","hentry","category-estado-de-mexico-estado-de-mexico","tag-democratizar","tag-estado-de-mexico","tag-naucalpan","tag-pri"],"_links":{"self":[{"href":"https:\/\/www.diarioimagen.net\/index.php?rest_route=\/wp\/v2\/posts\/418602","targetHints":{"allow":["GET"]}}],"collection":[{"href":"https:\/\/www.diarioimagen.net\/index.php?rest_route=\/wp\/v2\/posts"}],"about":[{"href":"https:\/\/www.diarioimagen.net\/index.php?rest_route=\/wp\/v2\/types\/post"}],"author":[{"embeddable":true,"href":"https:\/\/www.diarioimagen.net\/index.php?rest_route=\/wp\/v2\/users\/3"}],"replies":[{"embeddable":true,"href":"https:\/\/www.diarioimagen.net\/index.php?rest_route=%2Fwp%2Fv2%2Fcomments&post=418602"}],"version-history":[{"count":0,"href":"https:\/\/www.diarioimagen.net\/index.php?rest_route=\/wp\/v2\/posts\/418602\/revisions"}],"wp:featuredmedia":[{"embeddable":true,"href":"https:\/\/www.diarioimagen.net\/index.php?rest_route=\/wp\/v2\/media\/418672"}],"wp:attachment":[{"href":"https:\/\/www.diarioimagen.net\/index.php?rest_route=%2Fwp%2Fv2%2Fmedia&parent=418602"}],"wp:term":[{"taxonomy":"category","embeddable":true,"href":"https:\/\/www.diarioimagen.net\/index.php?rest_route=%2Fwp%2Fv2%2Fcategories&post=418602"},{"taxonomy":"post_tag","embeddable":true,"href":"https:\/\/www.diarioimagen.net\/index.php?rest_route=%2Fwp%2Fv2%2Ftags&post=418602"}],"curies":[{"name":"wp","href":"https:\/\/api.w.org\/{rel}","templated":true}]}}