{"id":418633,"date":"2019-03-11T00:08:11","date_gmt":"2019-03-11T06:08:11","guid":{"rendered":"https:\/\/www.diarioimagen.net\/?p=418633"},"modified":"2019-03-11T01:16:14","modified_gmt":"2019-03-11T07:16:14","slug":"cien-dias-de-gobierno","status":"publish","type":"post","link":"https:\/\/www.diarioimagen.net\/?p=418633","title":{"rendered":"Cien d\u00edas de gobierno"},"content":{"rendered":"<h2>Detr\u00e1s del Poder<\/h2>\n<h5>Jos\u00e9 Antonio L\u00f3pez Sosa<\/h5>\n<p>&nbsp;<\/p>\n<p><strong>Jasper, Alberta<\/strong>.- Hoy se cumplen 100 d\u00edas de gobierno, hoy Andr\u00e9s Manuel L\u00f3pez Obrador presentar\u00e1 un corte de caja y ante ello, seguimos bajo el esquema de una sociedad polarizada que m\u00e1s que analizar, santifica o sataniza a la administraci\u00f3n en turno.<\/p>\n<p>Hay reflexiones muy serias y completas de lo que ha sido este arranque de gobierno, sobre todo si nos atenemos a las decisiones que se han tomado, unas completamente erradas y otras cercanas a lo certero.<\/p>\n<p>Me parece que en los detractores de L\u00f3pez Obrador contin\u00faa el deseo del pronto fracaso, sin importar que M\u00e9xico vaya de por medio.<\/p>\n<p>Por otro lado, los promotores de L\u00f3pez Obrador, creen que las cosas marchan muy bien y que estamos frente a una gran administraci\u00f3n. Ambas cosas son falsas.<\/p>\n<p>Es necesario hacer un an\u00e1lisis claro m\u00e1s all\u00e1 de las filias y las fobias, m\u00e1s all\u00e1 del meme y de la insistencia en que estamos convirti\u00e9ndonos en Venezuela o de que ahora somos una sociedad justa.<\/p>\n<p>La realidad es que estamos frente a un gobierno que pareciera unipersonal, donde todo gira alrededor del Presidente de la Rep\u00fablica y sus conferencias matutinas.<\/p>\n<p>Es positivo \u2014y necesario\u2014, que el Presidente est\u00e9 frente al escrutinio p\u00fablico y de los periodistas cada ma\u00f1ana, pero no para dictar una agenda a su gabinete, eso que lo haga en privado, porque al final todo indica que sin la venia de L\u00f3pez Obrador, no se mueve un clavo dentro del gobierno.<\/p>\n<p>Otro asunto que preocupa es el de la austeridad.<\/p>\n<p>Nadie est\u00e1 peleado con que el gobierno deje de despilfarrar, con que se acaben los excesos que todos vimos en el sexenio anterior, sin embargo el ahorrar centavos puede devenir en perder pesos. Un gobierno ultra austero no necesariamente ser\u00e1 un gobierno eficiente y eficaz.<\/p>\n<p>Un avance es que algunas de las decisiones del Presidente, se hayan echado atr\u00e1s por \u00e9l mismo, esto es algo in\u00e9dito y habla de una mayor sensibilidad frente a la realidad pol\u00edtica, aunque lo ideal es tomar las decisiones adecuadas para no tener que recular m\u00e1s tarde.<\/p>\n<p>Entre las dudas que existen, est\u00e1 con relaci\u00f3n al robo de combustible, \u00bfcu\u00e1ntos detenidos y procesados hay?, \u00bfqu\u00e9 sucede con el l\u00edder del sindicato petrolero Carlos Romero Deschamps?<\/p>\n<p>En fin, gobierno de contrastes, jugando al ensayo y error con un saldo positivo para unos y negativo para otros, pero en t\u00e9rminos reales no hay gran cambio tangible para los ciudadanos desde el 1 de diciembre hasta hoy, todo es grilla prioritariamente.<\/p>\n<p><em><a href=\"http:\/\/www.lopezsosa.com\" target=\"_blank\" rel=\"noopener noreferrer\">www.lopezsosa.com<\/a><\/em><br \/>\n<em><a href=\"mailto:joseantonio@lopezsosa.com\" target=\"_blank\" rel=\"noopener noreferrer\">joseantonio@lopezsosa.com<\/a><\/em><br \/>\n<em><a href=\"http:\/\/twitter.com\/joseantonio1977\" target=\"_blank\" rel=\"noopener noreferrer\">@joseantonio197<\/a><\/em><\/p>\n","protected":false},"excerpt":{"rendered":"<p><span style=\"color: #005497;\"><strong>Jos\u00e9 Antonio L\u00f3pez Sosa<\/strong><\/span><\/p>\n","protected":false},"author":3,"featured_media":0,"comment_status":"open","ping_status":"open","sticky":false,"template":"","format":"standard","meta":{"_monsterinsights_skip_tracking":false,"_monsterinsights_sitenote_active":false,"_monsterinsights_sitenote_note":"","_monsterinsights_sitenote_category":0,"footnotes":""},"categories":[637],"tags":[638,43690,43674],"class_list":["post-418633","post","type-post","status-publish","format-standard","hentry","category-jose-antonio-lopez-sosa","tag-detras-del-poder","tag-jose-antonio-lopez-sosa","tag-opinion"],"_links":{"self":[{"href":"https:\/\/www.diarioimagen.net\/index.php?rest_route=\/wp\/v2\/posts\/418633","targetHints":{"allow":["GET"]}}],"collection":[{"href":"https:\/\/www.diarioimagen.net\/index.php?rest_route=\/wp\/v2\/posts"}],"about":[{"href":"https:\/\/www.diarioimagen.net\/index.php?rest_route=\/wp\/v2\/types\/post"}],"author":[{"embeddable":true,"href":"https:\/\/www.diarioimagen.net\/index.php?rest_route=\/wp\/v2\/users\/3"}],"replies":[{"embeddable":true,"href":"https:\/\/www.diarioimagen.net\/index.php?rest_route=%2Fwp%2Fv2%2Fcomments&post=418633"}],"version-history":[{"count":0,"href":"https:\/\/www.diarioimagen.net\/index.php?rest_route=\/wp\/v2\/posts\/418633\/revisions"}],"wp:attachment":[{"href":"https:\/\/www.diarioimagen.net\/index.php?rest_route=%2Fwp%2Fv2%2Fmedia&parent=418633"}],"wp:term":[{"taxonomy":"category","embeddable":true,"href":"https:\/\/www.diarioimagen.net\/index.php?rest_route=%2Fwp%2Fv2%2Fcategories&post=418633"},{"taxonomy":"post_tag","embeddable":true,"href":"https:\/\/www.diarioimagen.net\/index.php?rest_route=%2Fwp%2Fv2%2Ftags&post=418633"}],"curies":[{"name":"wp","href":"https:\/\/api.w.org\/{rel}","templated":true}]}}