{"id":418701,"date":"2019-03-12T00:14:29","date_gmt":"2019-03-12T06:14:29","guid":{"rendered":"https:\/\/www.diarioimagen.net\/?p=418701"},"modified":"2019-03-11T23:59:52","modified_gmt":"2019-03-12T05:59:52","slug":"detienen-a-dos-hijas-de-el-ojos-extinto-lider-del-cartel-de-tlahuac","status":"publish","type":"post","link":"https:\/\/www.diarioimagen.net\/?p=418701","title":{"rendered":"Caen\u00a02 hijas de \u201cEl Ojos\u201d,\u00a0 del C\u00e1rtel de Tl\u00e1huac"},"content":{"rendered":"<ul>\n<li><strong><em>\u201cLa Negra\u201d y \u201cLa Sam\u201d<\/em><\/strong><\/li>\n<\/ul>\n<p>&nbsp;<\/p>\n<div id=\"attachment_418702\" style=\"width: 470px\" class=\"wp-caption aligncenter\"><img loading=\"lazy\" decoding=\"async\" aria-describedby=\"caption-attachment-418702\" class=\"wp-image-418702 size-large\" src=\"https:\/\/www.diarioimagen.net\/wp-content\/uploads\/2019\/03\/OJOS12-PORTAL-460x268.jpg\" alt=\"\" width=\"460\" height=\"268\" srcset=\"https:\/\/www.diarioimagen.net\/wp-content\/uploads\/2019\/03\/OJOS12-PORTAL-460x268.jpg 460w, https:\/\/www.diarioimagen.net\/wp-content\/uploads\/2019\/03\/OJOS12-PORTAL-240x140.jpg 240w, https:\/\/www.diarioimagen.net\/wp-content\/uploads\/2019\/03\/OJOS12-PORTAL.jpg 480w\" sizes=\"auto, (max-width: 460px) 100vw, 460px\" \/><p id=\"caption-attachment-418702\" class=\"wp-caption-text\">Fueron detenidas Diana Karen P\u00e9rez Ram\u00edrez y Samantha P\u00e9rez Ram\u00edrez, hijas de El Ojos, extinto l\u00edder del C\u00e1rtel de Tl\u00e1huac.<\/p><\/div>\n<p>&nbsp;<\/p>\n<p>Elementos de la Fiscal\u00eda General de la Rep\u00fablica, con apoyo de la Secretar\u00eda de Marina, capturaron a Diana Karen P\u00e9rez Ram\u00edrez, \u201cLa Princesa de Tl\u00e1huac\u201d o \u201cLa Negra\u201d, identificada como la sucesora al frente del C\u00e1rtel de Tl\u00e1huac, tras la captura de su hermano Luis Felipe P\u00e9rez Flores, \u201cEl Felipillo\u201d, presunto l\u00edder del C\u00e1rtel de Tl\u00e1huac.<\/p>\n<p>La mujer fue capturada en la colonia Del Mar, alcald\u00eda Tl\u00e1huac, mientras que en la colonia Miguel Hidalgo, se pudo detener a Samantha P\u00e9rez Ram\u00edrez, \u201cLa Sam\u201d. Funcionarios federales mencionaron que Diana Karen P\u00e9rez Ram\u00edrez qued\u00f3 a cargo de la organizaci\u00f3n criminal luego de la detenci\u00f3n de \u201cEl Felipillo\u201d, en la alcald\u00eda Tlalpan.<\/p>\n<p>Junto con \u201cLa Sam\u201d tambi\u00e9n se detuvo a Mauricio Ju\u00e1rez Colosio, probable integrante de dicho c\u00e1rtel. De acuerdo con funcionarios federales, personal de la Polic\u00eda Federal Ministerial en coordinaci\u00f3n con la Secretar\u00eda de Marina realiz\u00f3 de manera simult\u00e1nea ocho cateos, siete en la alcald\u00eda de Tl\u00e1huac y uno m\u00e1s en Tec\u00e1mac, Estado de M\u00e9xico.<\/p>\n<p>Indicaron que a Diana Karen se le asegur\u00f3 un arma de fuego calibre .25, dos veh\u00edculos, drogas, dinero en efectivo y 14 tel\u00e9fonos celulares.<\/p>\n<p>En tanto, el personal de las fuerzas federales que revisaba inmuebles en la colonia Miguel Hidalgo, en esa alcald\u00eda, ubic\u00f3 a Samantha P\u00e9rez, junto con Mauricio Ju\u00e1rez, a quienes se les encontr\u00f3 en poder de dos veh\u00edculos, narc\u00f3ticos, cinco tel\u00e9fonos celulares, una b\u00e1scula gramera y una computadora.<\/p>\n<p>En el domicilio cateado en Tec\u00e1mac, los agentes de la FGR y el personal de la Marina hallaron documentos de identidad, equipos de radiocomunicaci\u00f3n y una gorra con las siglas \u201cCDT\u201d. Los detenidos ser\u00e1n puestos a disposici\u00f3n de la Subprocuradur\u00eda Especializada en Investigaci\u00f3n de Delincuencia Organizada (SEIDO).<\/p>\n<p>La semana pasada, un juez de control federal decret\u00f3 prisi\u00f3n preventiva oficiosa en contra de El Felipillo, tras calificar de legal la detenci\u00f3n que realiz\u00f3 la Agencia de Investigaci\u00f3n Criminal.<\/p>\n<p>La defensa del inculpado solicit\u00f3 la duplicidad del t\u00e9rmino constitucional para presentar pruebas a su favor, por lo que este martes se definir\u00e1 su situaci\u00f3n jur\u00eddica.<\/p>\n<p>Felipe de Jes\u00fas Delgadillo Padierna, juez de control del Centro de Justicia Penal Federal del Reclusorio Preventivo Sur, consider\u00f3 que la Fiscal\u00eda aport\u00f3 elementos para mantener en prisi\u00f3n preventiva a El Felipillo, y a su pareja Ver\u00f3nica Morales Soto, como probables responsables en los delitos de portaci\u00f3n de armas de fuego de uso exclusivo de las fuerzas federales, contra la salud, en la modalidad de producci\u00f3n de coca\u00edna, mariguana y metanfetaminas.<\/p>\n","protected":false},"excerpt":{"rendered":"<p>Elementos de la Fiscal\u00eda General de la Rep\u00fablica, con apoyo de la Secretar\u00eda de Marina, capturaron a Diana Karen P\u00e9rez Ram\u00edrez, \u201cLa Princesa de Tl\u00e1huac\u201d o \u201cLa Negra\u201d, identificada como la sucesora al frente del C\u00e1rtel de Tl\u00e1huac, tras la captura de su hermano Luis Felipe P\u00e9rez Flores, \u201cEl Felipillo\u201d, presunto l\u00edder del C\u00e1rtel de Tl\u00e1huac.<\/p>\n","protected":false},"author":5,"featured_media":418702,"comment_status":"open","ping_status":"open","sticky":false,"template":"","format":"standard","meta":{"_monsterinsights_skip_tracking":false,"_monsterinsights_sitenote_active":false,"_monsterinsights_sitenote_note":"","_monsterinsights_sitenote_category":0,"footnotes":""},"categories":[7],"tags":[63373,204,83506,83503,83378,83504,63196,83505],"class_list":["post-418701","post","type-post","status-publish","format-standard","has-post-thumbnail","hentry","category-seguridad","tag-cartel-de-tlahuac","tag-ciudad-de-mexico","tag-colonia-del-mar","tag-dos-hijas","tag-el-felipillo","tag-luis-felipe-perez-flores","tag-el-ojos","tag-la-negra-y-la-sam"],"_links":{"self":[{"href":"https:\/\/www.diarioimagen.net\/index.php?rest_route=\/wp\/v2\/posts\/418701","targetHints":{"allow":["GET"]}}],"collection":[{"href":"https:\/\/www.diarioimagen.net\/index.php?rest_route=\/wp\/v2\/posts"}],"about":[{"href":"https:\/\/www.diarioimagen.net\/index.php?rest_route=\/wp\/v2\/types\/post"}],"author":[{"embeddable":true,"href":"https:\/\/www.diarioimagen.net\/index.php?rest_route=\/wp\/v2\/users\/5"}],"replies":[{"embeddable":true,"href":"https:\/\/www.diarioimagen.net\/index.php?rest_route=%2Fwp%2Fv2%2Fcomments&post=418701"}],"version-history":[{"count":0,"href":"https:\/\/www.diarioimagen.net\/index.php?rest_route=\/wp\/v2\/posts\/418701\/revisions"}],"wp:featuredmedia":[{"embeddable":true,"href":"https:\/\/www.diarioimagen.net\/index.php?rest_route=\/wp\/v2\/media\/418702"}],"wp:attachment":[{"href":"https:\/\/www.diarioimagen.net\/index.php?rest_route=%2Fwp%2Fv2%2Fmedia&parent=418701"}],"wp:term":[{"taxonomy":"category","embeddable":true,"href":"https:\/\/www.diarioimagen.net\/index.php?rest_route=%2Fwp%2Fv2%2Fcategories&post=418701"},{"taxonomy":"post_tag","embeddable":true,"href":"https:\/\/www.diarioimagen.net\/index.php?rest_route=%2Fwp%2Fv2%2Ftags&post=418701"}],"curies":[{"name":"wp","href":"https:\/\/api.w.org\/{rel}","templated":true}]}}