{"id":418739,"date":"2019-03-12T00:07:51","date_gmt":"2019-03-12T06:07:51","guid":{"rendered":"https:\/\/www.diarioimagen.net\/?p=418739"},"modified":"2019-03-12T23:04:46","modified_gmt":"2019-03-13T05:04:46","slug":"promueven-turismo-con-la-feria-de-magia-y-encanto","status":"publish","type":"post","link":"https:\/\/www.diarioimagen.net\/?p=418739","title":{"rendered":"Promueven turismo con la Feria de Magia y Encanto"},"content":{"rendered":"<ul>\n<li><em><strong>Oferta de atractivos de forma directa<\/strong><\/em><\/li>\n<li><em><strong>Se busca atraer a un n\u00famero cada vez mayor de viajeros a la entidad<\/strong><\/em><\/li>\n<\/ul>\n<p>&nbsp;<\/p>\n<p><a href=\"https:\/\/www.diarioimagen.net\/?attachment_id=418841\" rel=\"attachment wp-att-418841\"><img loading=\"lazy\" decoding=\"async\" class=\"aligncenter wp-image-418841 size-large\" src=\"https:\/\/www.diarioimagen.net\/wp-content\/uploads\/2019\/03\/edomex-460x259.jpg\" alt=\"\" width=\"460\" height=\"259\" srcset=\"https:\/\/www.diarioimagen.net\/wp-content\/uploads\/2019\/03\/edomex-460x259.jpg 460w, https:\/\/www.diarioimagen.net\/wp-content\/uploads\/2019\/03\/edomex-240x135.jpg 240w, https:\/\/www.diarioimagen.net\/wp-content\/uploads\/2019\/03\/edomex-235x132.jpg 235w, https:\/\/www.diarioimagen.net\/wp-content\/uploads\/2019\/03\/edomex-202x114.jpg 202w, https:\/\/www.diarioimagen.net\/wp-content\/uploads\/2019\/03\/edomex-350x196.jpg 350w, https:\/\/www.diarioimagen.net\/wp-content\/uploads\/2019\/03\/edomex-220x123.jpg 220w, https:\/\/www.diarioimagen.net\/wp-content\/uploads\/2019\/03\/edomex-237x132.jpg 237w, https:\/\/www.diarioimagen.net\/wp-content\/uploads\/2019\/03\/edomex.jpg 480w\" sizes=\"auto, (max-width: 460px) 100vw, 460px\" \/><\/a><\/p>\n<p>&nbsp;<\/p>\n<p><strong>Toluca, Estado de M\u00e9xico<\/strong>.- Daniel S\u00e1mano Jim\u00e9nez, director general de la Secretar\u00eda de Turismo estatal, anunci\u00f3 la realizaci\u00f3n de la Feria de Magia y Encanto, evento que tendr\u00e1 lugar del 16 al 18 del mes en curso en Xochitla Parque Ecol\u00f3gico, ubicado en el Pueblo M\u00e1gico de Tepotzotl\u00e1n.<\/p>\n<p>Acompa\u00f1ado de Gabriel Guti\u00e9rrez Garc\u00eda, gerente de Mercadotecnia de Fundaci\u00f3n Xochitla, se\u00f1al\u00f3 que se trata de un esfuerzo coordinado con dicha fundaci\u00f3n y con los destinos tur\u00edsticos del Estado de M\u00e9xico, para atraer a un n\u00famero cada vez mayor de viajeros a la entidad.<\/p>\n<p>Indic\u00f3 que los asistentes a esta feria conocer\u00e1n la oferta de productos tur\u00edsticos de los nueve Pueblos M\u00e1gicos, de los 22 Pueblos con Encanto del Estado de M\u00e9xico y de la ciudad de Toluca, como destino invitado, adem\u00e1s de que disfrutar\u00e1n de presentaciones art\u00edsticas como ballet, rock, bailes regionales, presentaciones musicales, payasos y folclor.<\/p>\n<p>La Feria de Magia y Encanto contar\u00e1 con 38 stands y dos pabellones, estos \u00faltimos albergar\u00e1n una expo-venta artesanal a cargo del Instituto de Investigaci\u00f3n y Fomento de las Artesan\u00edas del Estado de M\u00e9xico (IIFAEM), as\u00ed como un pabell\u00f3n gastron\u00f3mico, en donde los asistentes podr\u00e1n saborear los platillos tradicionales y t\u00edpicos preparados por ocho cocineras de las cinco etnias originales de la entidad.<\/p>\n<p>Asimismo, dentro de este pabell\u00f3n, se tienen reservados ocho lugares m\u00e1s para degustar la cocina t\u00edpica de los Pueblos M\u00e1gicos y con Encanto.<\/p>\n<p>Adicionalmente, se ofrecer\u00e1n exhibiciones de preparaci\u00f3n de platillos por las cocineras tradicionales, en donde dar\u00e1n a conocer los ingredientes y formas de preparaci\u00f3n de sus m\u00e1s ricas recetas.<\/p>\n<p>A\u00f1adieron que \u00e9ste es un buen momento para realizar la Feria de Magia y Encanto, pues ya se avecina el periodo vacacional de Semana Santa y con este evento los asistentes contar\u00e1n con informaci\u00f3n reciente y actualizada de los lugares que pueden conocer en fechas pr\u00f3ximas.<\/p>\n<p>Actualmente, Tepotzotl\u00e1n tiene infraestructura tur\u00edstica suficiente, al contar con 37 sitios para hospedarse con 879 habitaciones, entre hoteles, posadas y caba\u00f1as, as\u00ed como 74 restaurantes y diferentes establecimientos de alimentos y bebidas.<\/p>\n","protected":false},"excerpt":{"rendered":"<p>Toluca, M\u00e9x.- Daniel S\u00e1mano Jim\u00e9nez, director general de la Secretar\u00eda de Turismo estatal, anunci\u00f3 la realizaci\u00f3n de la Feria de Magia y Encanto, evento que tendr\u00e1 lugar del 16 al 18 del mes en curso en Xochitla Parque Ecol\u00f3gico, ubicado en el Pueblo M\u00e1gico de Tepotzotl\u00e1n.<\/p>\n","protected":false},"author":3,"featured_media":418841,"comment_status":"open","ping_status":"open","sticky":false,"template":"","format":"standard","meta":{"_monsterinsights_skip_tracking":false,"_monsterinsights_sitenote_active":false,"_monsterinsights_sitenote_note":"","_monsterinsights_sitenote_category":0,"footnotes":""},"categories":[5],"tags":[43675,83530,440,452],"class_list":["post-418739","post","type-post","status-publish","format-standard","has-post-thumbnail","hentry","category-estado-de-mexico","tag-estado-de-mexico","tag-feria-de-magia-y-encanto","tag-secretaria-de-turismo","tag-toluca"],"_links":{"self":[{"href":"https:\/\/www.diarioimagen.net\/index.php?rest_route=\/wp\/v2\/posts\/418739","targetHints":{"allow":["GET"]}}],"collection":[{"href":"https:\/\/www.diarioimagen.net\/index.php?rest_route=\/wp\/v2\/posts"}],"about":[{"href":"https:\/\/www.diarioimagen.net\/index.php?rest_route=\/wp\/v2\/types\/post"}],"author":[{"embeddable":true,"href":"https:\/\/www.diarioimagen.net\/index.php?rest_route=\/wp\/v2\/users\/3"}],"replies":[{"embeddable":true,"href":"https:\/\/www.diarioimagen.net\/index.php?rest_route=%2Fwp%2Fv2%2Fcomments&post=418739"}],"version-history":[{"count":0,"href":"https:\/\/www.diarioimagen.net\/index.php?rest_route=\/wp\/v2\/posts\/418739\/revisions"}],"wp:featuredmedia":[{"embeddable":true,"href":"https:\/\/www.diarioimagen.net\/index.php?rest_route=\/wp\/v2\/media\/418841"}],"wp:attachment":[{"href":"https:\/\/www.diarioimagen.net\/index.php?rest_route=%2Fwp%2Fv2%2Fmedia&parent=418739"}],"wp:term":[{"taxonomy":"category","embeddable":true,"href":"https:\/\/www.diarioimagen.net\/index.php?rest_route=%2Fwp%2Fv2%2Fcategories&post=418739"},{"taxonomy":"post_tag","embeddable":true,"href":"https:\/\/www.diarioimagen.net\/index.php?rest_route=%2Fwp%2Fv2%2Ftags&post=418739"}],"curies":[{"name":"wp","href":"https:\/\/api.w.org\/{rel}","templated":true}]}}