{"id":418756,"date":"2019-03-12T00:08:25","date_gmt":"2019-03-12T06:08:25","guid":{"rendered":"https:\/\/www.diarioimagen.net\/?p=418756"},"modified":"2019-03-12T23:04:54","modified_gmt":"2019-03-13T05:04:54","slug":"mediacion-avanza-y-disminuye-la-judicializacion-de-casos-en-tsjcdmx","status":"publish","type":"post","link":"https:\/\/www.diarioimagen.net\/?p=418756","title":{"rendered":"Mediaci\u00f3n avanza y disminuye la\u00a0 judicializaci\u00f3n de casos en TSJCDMX"},"content":{"rendered":"<ul>\n<li><em><strong>El magistrado Rafael Guerra \u00c1lvarez inaugura la Direcci\u00f3n de Conciliaci\u00f3n y Mediaci\u00f3n Ciudadana en la alcald\u00eda de Benito Ju\u00e1rez<\/strong><\/em><\/li>\n<li><em><strong>En 2018 se ingresaron 22 mil 637 casos al Centro de Justicia Alternativa, con el objetivo de lograr una relaci\u00f3n ganar-ganar<\/strong><\/em><\/li>\n<\/ul>\n<p>&nbsp;<\/p>\n<div id=\"attachment_418836\" style=\"width: 470px\" class=\"wp-caption aligncenter\"><a href=\"https:\/\/www.diarioimagen.net\/?attachment_id=418836\" rel=\"attachment wp-att-418836\"><img loading=\"lazy\" decoding=\"async\" aria-describedby=\"caption-attachment-418836\" class=\"size-large wp-image-418836\" src=\"https:\/\/www.diarioimagen.net\/wp-content\/uploads\/2019\/03\/tribunal-4-460x259.jpg\" alt=\"\" width=\"460\" height=\"259\" srcset=\"https:\/\/www.diarioimagen.net\/wp-content\/uploads\/2019\/03\/tribunal-4-460x259.jpg 460w, https:\/\/www.diarioimagen.net\/wp-content\/uploads\/2019\/03\/tribunal-4-240x135.jpg 240w, https:\/\/www.diarioimagen.net\/wp-content\/uploads\/2019\/03\/tribunal-4-235x132.jpg 235w, https:\/\/www.diarioimagen.net\/wp-content\/uploads\/2019\/03\/tribunal-4-202x114.jpg 202w, https:\/\/www.diarioimagen.net\/wp-content\/uploads\/2019\/03\/tribunal-4-350x196.jpg 350w, https:\/\/www.diarioimagen.net\/wp-content\/uploads\/2019\/03\/tribunal-4-220x123.jpg 220w, https:\/\/www.diarioimagen.net\/wp-content\/uploads\/2019\/03\/tribunal-4-237x132.jpg 237w, https:\/\/www.diarioimagen.net\/wp-content\/uploads\/2019\/03\/tribunal-4.jpg 480w\" sizes=\"auto, (max-width: 460px) 100vw, 460px\" \/><\/a><p id=\"caption-attachment-418836\" class=\"wp-caption-text\">El presidente del TSJCDMX, Rafael Guerra \u00c1lvarez, inaugur\u00f3 la Direcci\u00f3n de Conciliaci\u00f3n y Mediaci\u00f3n Ciudadana en la alcald\u00eda de Benito Ju\u00e1rez.<\/p><\/div>\n<p>&nbsp;<\/p>\n<p>Lograr una relaci\u00f3n ganar-ganar es el objetivo de la mediaci\u00f3n y la justicia alternativa, por eso el Tribunal Superior de Justicia de la Ciudad de M\u00e9xico (TSJCDMX) capacit\u00f3 a profesionales de la alcald\u00eda Benito Ju\u00e1rez como facilitadores de la soluci\u00f3n de diferendos y con ellos se implement\u00f3 la Direcci\u00f3n de Conciliaci\u00f3n y Mediaci\u00f3n Ciudadana en la demarcaci\u00f3n.<\/p>\n<p>Durante la inauguraci\u00f3n de dicha direcci\u00f3n, el presidente del TSJCDMX, magistrado Rafael Guerra \u00c1lvarez, sostuvo que desde el \u00e1mbito de las alcald\u00edas se debe tener la oportunidad de resolver, v\u00eda la mediaci\u00f3n, conflictos entre vecinos y diferendos de los ciudadanos con sus autoridades, pues este mecanismo de justicia alternativa garantiza una soluci\u00f3n en la que todos ganamos.<\/p>\n<p>\u201cLos diferendos entre los ciudadanos han existido y existir\u00e1n siempre, pero no por ello tienen que llegar hasta un \u00f3rgano jurisdiccional, donde el justiciable, adem\u00e1s de gastar dinero en abogados, tendr\u00e1 que invertir tiempo valioso de su vida y someterse a lo que determine un juzgado\u201d, se\u00f1al\u00f3 el presidente del TSJCDMX.<\/p>\n<p>El magistrado detall\u00f3 que, bajo el mecanismo de la mediaci\u00f3n, el justiciable es un actor activo de la soluci\u00f3n a su controversia, que con ayuda de un mediador y la disposici\u00f3n de las partes se logra concretar un convenio con la caracter\u00edstica jur\u00eddica de cosa juzgada, situaci\u00f3n que permite resolver oportunamente conflictos que pueden convertirse en focos de inconformidad en sus comunidades.<\/p>\n<p>A\u00f1adi\u00f3 que con la mediaci\u00f3n se disminuye la judicializaci\u00f3n de los casos, se permite rescatar la armon\u00eda en las comunidades y se fortalece la cultura de la paz. \u201cPorque todo esfuerzo que se haga en esta materia es un esfuerzo a favor de la paz, y la cultura de la paz nos conviene a todos, muchos m\u00e1s en estos atribulados tiempos\u201d.<\/p>\n<p>El magistrado Guerra \u00c1lvarez destac\u00f3 que en 2018 se ingresaron 22 mil 367 casos al Centro de Justicia Alternativa del TSJCDMX, lo que signific\u00f3 un incremento de 36 por ciento comparado con 2017. \u201cSabemos que este incremento, que seguramente ser\u00e1 mayor en \u00e9ste y los siguientes a\u00f1os se debe a que la mediaci\u00f3n es una alternativa breve, amable, personalizada, privada, confidencial, con apego a la legalidad y sin costo\u201d.<\/p>\n<p>El presidente del Tribunal Superior de Justicia refrend\u00f3 su compromiso con la sociedad y las autoridades para colaborar y asesorar en materia de mediaci\u00f3n con el objetivo de dirimir controversias de la forma m\u00e1s sencilla y justa para todas las partes.<\/p>\n<p>&nbsp;<\/p>\n<div id=\"attachment_418838\" style=\"width: 470px\" class=\"wp-caption aligncenter\"><a href=\"https:\/\/www.diarioimagen.net\/?attachment_id=418838\" rel=\"attachment wp-att-418838\"><img loading=\"lazy\" decoding=\"async\" aria-describedby=\"caption-attachment-418838\" class=\"size-large wp-image-418838\" src=\"https:\/\/www.diarioimagen.net\/wp-content\/uploads\/2019\/03\/tribunal-1-2-460x259.jpg\" alt=\"\" width=\"460\" height=\"259\" srcset=\"https:\/\/www.diarioimagen.net\/wp-content\/uploads\/2019\/03\/tribunal-1-2-460x259.jpg 460w, https:\/\/www.diarioimagen.net\/wp-content\/uploads\/2019\/03\/tribunal-1-2-240x135.jpg 240w, https:\/\/www.diarioimagen.net\/wp-content\/uploads\/2019\/03\/tribunal-1-2-235x132.jpg 235w, https:\/\/www.diarioimagen.net\/wp-content\/uploads\/2019\/03\/tribunal-1-2-202x114.jpg 202w, https:\/\/www.diarioimagen.net\/wp-content\/uploads\/2019\/03\/tribunal-1-2-350x196.jpg 350w, https:\/\/www.diarioimagen.net\/wp-content\/uploads\/2019\/03\/tribunal-1-2-220x123.jpg 220w, https:\/\/www.diarioimagen.net\/wp-content\/uploads\/2019\/03\/tribunal-1-2-237x132.jpg 237w, https:\/\/www.diarioimagen.net\/wp-content\/uploads\/2019\/03\/tribunal-1-2.jpg 480w\" sizes=\"auto, (max-width: 460px) 100vw, 460px\" \/><\/a><p id=\"caption-attachment-418838\" class=\"wp-caption-text\">El magistrado Rafael Guerra \u00c1lvarez sostuvo que desde el \u00e1mbito de las alcald\u00edas se debe tener la oportunidad de resolver, v\u00eda la mediaci\u00f3n, conflictos entre vecinos y diferendos con sus autoridades.<\/p><\/div>\n","protected":false},"excerpt":{"rendered":"<p>Lograr una relaci\u00f3n ganar-ganar es el objetivo de la mediaci\u00f3n y la justicia alternativa, por eso el Tribunal Superior de Justicia de la Ciudad de M\u00e9xico (TSJCDMX) capacit\u00f3 a profesionales de la alcald\u00eda Benito Ju\u00e1rez como facilitadores de la soluci\u00f3n de diferendos y con ellos se implement\u00f3 la Direcci\u00f3n de Conciliaci\u00f3n y Mediaci\u00f3n Ciudadana en la demarcaci\u00f3n.<\/p>\n","protected":false},"author":3,"featured_media":418838,"comment_status":"open","ping_status":"open","sticky":false,"template":"","format":"standard","meta":{"_monsterinsights_skip_tracking":false,"_monsterinsights_sitenote_active":false,"_monsterinsights_sitenote_note":"","_monsterinsights_sitenote_category":0,"footnotes":""},"categories":[6],"tags":[204,79994,51325],"class_list":["post-418756","post","type-post","status-publish","format-standard","has-post-thumbnail","hentry","category-cd-de-mexico","tag-ciudad-de-mexico","tag-rafael-guerra-alvarez","tag-tsjcdmx"],"_links":{"self":[{"href":"https:\/\/www.diarioimagen.net\/index.php?rest_route=\/wp\/v2\/posts\/418756","targetHints":{"allow":["GET"]}}],"collection":[{"href":"https:\/\/www.diarioimagen.net\/index.php?rest_route=\/wp\/v2\/posts"}],"about":[{"href":"https:\/\/www.diarioimagen.net\/index.php?rest_route=\/wp\/v2\/types\/post"}],"author":[{"embeddable":true,"href":"https:\/\/www.diarioimagen.net\/index.php?rest_route=\/wp\/v2\/users\/3"}],"replies":[{"embeddable":true,"href":"https:\/\/www.diarioimagen.net\/index.php?rest_route=%2Fwp%2Fv2%2Fcomments&post=418756"}],"version-history":[{"count":0,"href":"https:\/\/www.diarioimagen.net\/index.php?rest_route=\/wp\/v2\/posts\/418756\/revisions"}],"wp:featuredmedia":[{"embeddable":true,"href":"https:\/\/www.diarioimagen.net\/index.php?rest_route=\/wp\/v2\/media\/418838"}],"wp:attachment":[{"href":"https:\/\/www.diarioimagen.net\/index.php?rest_route=%2Fwp%2Fv2%2Fmedia&parent=418756"}],"wp:term":[{"taxonomy":"category","embeddable":true,"href":"https:\/\/www.diarioimagen.net\/index.php?rest_route=%2Fwp%2Fv2%2Fcategories&post=418756"},{"taxonomy":"post_tag","embeddable":true,"href":"https:\/\/www.diarioimagen.net\/index.php?rest_route=%2Fwp%2Fv2%2Ftags&post=418756"}],"curies":[{"name":"wp","href":"https:\/\/api.w.org\/{rel}","templated":true}]}}