{"id":418758,"date":"2019-03-12T00:08:22","date_gmt":"2019-03-12T06:08:22","guid":{"rendered":"https:\/\/www.diarioimagen.net\/?p=418758"},"modified":"2019-03-12T06:26:04","modified_gmt":"2019-03-12T12:26:04","slug":"el-mastografo-movil-recorrera-varias-comunidades-de-tlalnepantla","status":"publish","type":"post","link":"https:\/\/www.diarioimagen.net\/?p=418758","title":{"rendered":"El mast\u00f3grafo m\u00f3vil recorrer\u00e1 varias comunidades de Tlalnepantla"},"content":{"rendered":"<ul>\n<li><strong><em>Servicios de salud hasta tu casa<\/em><\/strong><\/li>\n<\/ul>\n<p>&nbsp;<\/p>\n<div id=\"attachment_418850\" style=\"width: 470px\" class=\"wp-caption aligncenter\"><a href=\"https:\/\/www.diarioimagen.net\/?attachment_id=418850\" rel=\"attachment wp-att-418850\"><img loading=\"lazy\" decoding=\"async\" aria-describedby=\"caption-attachment-418850\" class=\"size-large wp-image-418850\" src=\"https:\/\/www.diarioimagen.net\/wp-content\/uploads\/2019\/03\/TLALNEPANTLA-12-460x259.jpg\" alt=\"\" width=\"460\" height=\"259\" srcset=\"https:\/\/www.diarioimagen.net\/wp-content\/uploads\/2019\/03\/TLALNEPANTLA-12-460x259.jpg 460w, https:\/\/www.diarioimagen.net\/wp-content\/uploads\/2019\/03\/TLALNEPANTLA-12-240x135.jpg 240w, https:\/\/www.diarioimagen.net\/wp-content\/uploads\/2019\/03\/TLALNEPANTLA-12-235x132.jpg 235w, https:\/\/www.diarioimagen.net\/wp-content\/uploads\/2019\/03\/TLALNEPANTLA-12-202x114.jpg 202w, https:\/\/www.diarioimagen.net\/wp-content\/uploads\/2019\/03\/TLALNEPANTLA-12-350x196.jpg 350w, https:\/\/www.diarioimagen.net\/wp-content\/uploads\/2019\/03\/TLALNEPANTLA-12-220x123.jpg 220w, https:\/\/www.diarioimagen.net\/wp-content\/uploads\/2019\/03\/TLALNEPANTLA-12-237x132.jpg 237w, https:\/\/www.diarioimagen.net\/wp-content\/uploads\/2019\/03\/TLALNEPANTLA-12.jpg 480w\" sizes=\"auto, (max-width: 460px) 100vw, 460px\" \/><\/a><p id=\"caption-attachment-418850\" class=\"wp-caption-text\">El alcalde Raciel P\u00e9rez Cruz indic\u00f3 que esta unidad m\u00e9dica m\u00f3vil es resultado de la colaboraci\u00f3n entre el gobierno municipal y el Instituto de Salud del Estado de M\u00e9xico.<\/p><\/div>\n<p>&nbsp;<\/p>\n<p><strong>Tlalnepantla. Estado de M\u00e9xico<\/strong>.- A partir de abril, en Tlalnepantla de Baz se contar\u00e1 con una unidad m\u00e9dica m\u00f3vil que realizar\u00e1 estudios para detectar c\u00e1ncer de mama, que recorrer\u00e1 las comunidades del municipio, en especial aquellas ubicadas en zonas en condici\u00f3n de vulnerabilidad, inform\u00f3 el presidente municipal, Raciel P\u00e9rez Cruz.<\/p>\n<p>Durante una jornada m\u00e9dica realizada en la Plaza C\u00edvica Dr. Gustavo Baz Prada, en el marco de la conmemoraci\u00f3n del D\u00eda Internacional de la Mujer, el edil indic\u00f3 que esta unidad m\u00e9dica m\u00f3vil es resultado de la colaboraci\u00f3n entre el gobierno municipal y el Instituto de Salud del Estado de M\u00e9xico, \u201cal que agradecemos y reconocemos su disposici\u00f3n para trabajar de manera coordinada con el objetivo de elevar la calidad de vida de las ciudadanas y ciudadanos de Tlalnepantla\u201d.<\/p>\n<p>El alcalde manifest\u00f3 que \u201cde la manera m\u00e1s directa, sin mucha burocracia, sin muchos tr\u00e1mites, sin muchas citas, brindaremos este servicio, porque de lo que se trata es que ninguna mujer de entre 40 y 69 a\u00f1os de edad, se quede sin atenci\u00f3n en salud reproductiva\u201d.<\/p>\n<p>Raciel P\u00e9rez Cruz indic\u00f3 que se trabajar\u00e1 de manera intensa en los tres a\u00f1os de la administraci\u00f3n que encabeza, para dejar constancia de que \u201cfuimos conscientes y nos comprometimos en esta lucha para que las mujeres ejerzan su derecho a la salud\u201d.<\/p>\n<p>El edil estuvo acompa\u00f1ado de Lili\u00e1n Rodr\u00edguez Soto, encargada del despacho del Instituto Municipal de Salud; Elizabeth Cort\u00e9s Garc\u00eda, coordinadora Normativa de Salud Reproductiva de la Jurisdicci\u00f3n Sanitaria de Tlalnepantla y Eric Garcilazo Viveros, director del Centro de Salud de San Javier.<\/p>\n","protected":false},"excerpt":{"rendered":"<p>A partir de abril, en Tlalnepantla de Baz se contar\u00e1 con una unidad m\u00e9dica m\u00f3vil que realizar\u00e1 estudios para detectar c\u00e1ncer de mama, que recorrer\u00e1 las comunidades del municipio, en especial aquellas ubicadas en zonas en condici\u00f3n de vulnerabilidad, inform\u00f3 el presidente municipal, Raciel P\u00e9rez Cruz.<\/p>\n","protected":false},"author":3,"featured_media":418850,"comment_status":"open","ping_status":"open","sticky":false,"template":"","format":"standard","meta":{"_monsterinsights_skip_tracking":false,"_monsterinsights_sitenote_active":false,"_monsterinsights_sitenote_note":"","_monsterinsights_sitenote_category":0,"footnotes":""},"categories":[35155],"tags":[83534,81517,80713],"class_list":["post-418758","post","type-post","status-publish","format-standard","has-post-thumbnail","hentry","category-estado-de-mexico-estado-de-mexico","tag-mastografo","tag-raciel-perez-cruz","tag-tlalnepantla-estado-de-mexico"],"_links":{"self":[{"href":"https:\/\/www.diarioimagen.net\/index.php?rest_route=\/wp\/v2\/posts\/418758","targetHints":{"allow":["GET"]}}],"collection":[{"href":"https:\/\/www.diarioimagen.net\/index.php?rest_route=\/wp\/v2\/posts"}],"about":[{"href":"https:\/\/www.diarioimagen.net\/index.php?rest_route=\/wp\/v2\/types\/post"}],"author":[{"embeddable":true,"href":"https:\/\/www.diarioimagen.net\/index.php?rest_route=\/wp\/v2\/users\/3"}],"replies":[{"embeddable":true,"href":"https:\/\/www.diarioimagen.net\/index.php?rest_route=%2Fwp%2Fv2%2Fcomments&post=418758"}],"version-history":[{"count":0,"href":"https:\/\/www.diarioimagen.net\/index.php?rest_route=\/wp\/v2\/posts\/418758\/revisions"}],"wp:featuredmedia":[{"embeddable":true,"href":"https:\/\/www.diarioimagen.net\/index.php?rest_route=\/wp\/v2\/media\/418850"}],"wp:attachment":[{"href":"https:\/\/www.diarioimagen.net\/index.php?rest_route=%2Fwp%2Fv2%2Fmedia&parent=418758"}],"wp:term":[{"taxonomy":"category","embeddable":true,"href":"https:\/\/www.diarioimagen.net\/index.php?rest_route=%2Fwp%2Fv2%2Fcategories&post=418758"},{"taxonomy":"post_tag","embeddable":true,"href":"https:\/\/www.diarioimagen.net\/index.php?rest_route=%2Fwp%2Fv2%2Ftags&post=418758"}],"curies":[{"name":"wp","href":"https:\/\/api.w.org\/{rel}","templated":true}]}}