{"id":418764,"date":"2019-03-12T00:07:40","date_gmt":"2019-03-12T06:07:40","guid":{"rendered":"https:\/\/www.diarioimagen.net\/?p=418764"},"modified":"2019-03-12T06:27:49","modified_gmt":"2019-03-12T12:27:49","slug":"con-carrera-the-colors-culmina-semana-de-la-mujer-en-nicolas-romero","status":"publish","type":"post","link":"https:\/\/www.diarioimagen.net\/?p=418764","title":{"rendered":"Con carrera\u00a0\u201cThe Colors\u201c culmina Semana de la Mujer en Nicol\u00e1s Romero"},"content":{"rendered":"<p><a href=\"https:\/\/www.diarioimagen.net\/?attachment_id=418856\" rel=\"attachment wp-att-418856\"><img loading=\"lazy\" decoding=\"async\" class=\"aligncenter size-large wp-image-418856\" src=\"https:\/\/www.diarioimagen.net\/wp-content\/uploads\/2019\/03\/NICOLAS-12-460x345.jpg\" alt=\"\" width=\"460\" height=\"345\" srcset=\"https:\/\/www.diarioimagen.net\/wp-content\/uploads\/2019\/03\/NICOLAS-12-460x345.jpg 460w, https:\/\/www.diarioimagen.net\/wp-content\/uploads\/2019\/03\/NICOLAS-12-240x180.jpg 240w, https:\/\/www.diarioimagen.net\/wp-content\/uploads\/2019\/03\/NICOLAS-12.jpg 700w\" sizes=\"auto, (max-width: 460px) 100vw, 460px\" \/><\/a><\/p>\n<p>&nbsp;<\/p>\n<p><strong>Nicol\u00e1s Romero, Estado de M\u00e9xico<\/strong><strong>.-<\/strong> La carrera-caminata \u201cThe Colors\u201c, fue el broche de oro con el que cerr\u00f3 la Semana de la Mujer en este municipio, por ser la combinaci\u00f3n perfecta de fiesta, diversi\u00f3n y deporte. Esta actividad se realiz\u00f3 en la Ruta Ecotur\u00edstica de Transfiguraci\u00f3n, donde se dieron cita mil competidores para cubrir los 3.5 kil\u00f3metros del sector.<\/p>\n<p>\u201cLa actividad transcurri\u00f3 en el marco del D\u00eda Internacional de la Mujer y con la compa\u00f1\u00eda de los hombres a seguir avanzando en el respeto a los derechos de las mujeres\u201c, refiri\u00f3 el presidente municipal, Armando Navarrete, al concluir la celebraci\u00f3n.<\/p>\n<p>&nbsp;<\/p>\n","protected":false},"excerpt":{"rendered":"<p>La carrera-caminata \u201cThe Colors\u201c, fue el broche de oro con el que cerr\u00f3 la Semana de la Mujer en este municipio, por ser la combinaci\u00f3n perfecta de fiesta, diversi\u00f3n y deporte. Esta actividad se realiz\u00f3 en la Ruta Ecotur\u00edstica de Transfiguraci\u00f3n, donde se dieron cita mil competidores para cubrir los 3.5 kil\u00f3metros del sector.<\/p>\n","protected":false},"author":3,"featured_media":418856,"comment_status":"open","ping_status":"open","sticky":false,"template":"","format":"standard","meta":{"_monsterinsights_skip_tracking":false,"_monsterinsights_sitenote_active":false,"_monsterinsights_sitenote_note":"","_monsterinsights_sitenote_category":0,"footnotes":""},"categories":[35155],"tags":[3313,43675,752],"class_list":["post-418764","post","type-post","status-publish","format-standard","has-post-thumbnail","hentry","category-estado-de-mexico-estado-de-mexico","tag-dia-internacional-de-la-mujer","tag-estado-de-mexico","tag-nicolas-romero"],"_links":{"self":[{"href":"https:\/\/www.diarioimagen.net\/index.php?rest_route=\/wp\/v2\/posts\/418764","targetHints":{"allow":["GET"]}}],"collection":[{"href":"https:\/\/www.diarioimagen.net\/index.php?rest_route=\/wp\/v2\/posts"}],"about":[{"href":"https:\/\/www.diarioimagen.net\/index.php?rest_route=\/wp\/v2\/types\/post"}],"author":[{"embeddable":true,"href":"https:\/\/www.diarioimagen.net\/index.php?rest_route=\/wp\/v2\/users\/3"}],"replies":[{"embeddable":true,"href":"https:\/\/www.diarioimagen.net\/index.php?rest_route=%2Fwp%2Fv2%2Fcomments&post=418764"}],"version-history":[{"count":0,"href":"https:\/\/www.diarioimagen.net\/index.php?rest_route=\/wp\/v2\/posts\/418764\/revisions"}],"wp:featuredmedia":[{"embeddable":true,"href":"https:\/\/www.diarioimagen.net\/index.php?rest_route=\/wp\/v2\/media\/418856"}],"wp:attachment":[{"href":"https:\/\/www.diarioimagen.net\/index.php?rest_route=%2Fwp%2Fv2%2Fmedia&parent=418764"}],"wp:term":[{"taxonomy":"category","embeddable":true,"href":"https:\/\/www.diarioimagen.net\/index.php?rest_route=%2Fwp%2Fv2%2Fcategories&post=418764"},{"taxonomy":"post_tag","embeddable":true,"href":"https:\/\/www.diarioimagen.net\/index.php?rest_route=%2Fwp%2Fv2%2Ftags&post=418764"}],"curies":[{"name":"wp","href":"https:\/\/api.w.org\/{rel}","templated":true}]}}