{"id":418796,"date":"2019-03-12T00:01:13","date_gmt":"2019-03-12T06:01:13","guid":{"rendered":"https:\/\/www.diarioimagen.net\/?p=418796"},"modified":"2019-03-12T00:23:53","modified_gmt":"2019-03-12T06:23:53","slug":"amlolandia-tierra-sonada","status":"publish","type":"post","link":"https:\/\/www.diarioimagen.net\/?p=418796","title":{"rendered":"AMLOlandia, tierra so\u00f1ada"},"content":{"rendered":"<h2>La Retaguardia<\/h2>\n<h5>Adriana Moreno Cordero<\/h5>\n<p><em>\u00a0<\/em><\/p>\n<ul>\n<li><strong><em>Aplausos desangelados para el Presidente<\/em><\/strong><\/li>\n<li><strong><em>Yeidckol, una mujer ilusionada<\/em><\/strong><\/li>\n<\/ul>\n<p>&nbsp;<\/p>\n<p>&nbsp;<\/p>\n<p>Definitivamente, el informe de los 100 d\u00edas de gesti\u00f3n del presidente <strong>Andr\u00e9s Manuel L\u00f3pez Obrador<\/strong>, fue una ceremonia que estuvo llena de aplausos hacia el Jefe del Ejecutivo, pero si de medir se trata, hubo poco m\u00e1s de veinte ovaciones, pero bastante regulares, hechas m\u00e1s bien con des\u00e1nimo, por aquello de la austeridad y, ojo, reconociendo pendientes incumplidos como el que no se han quitado todos los privilegios a la alta burocracia, con eso de que el presidente asegur\u00f3 en d\u00edas pasados que los servicios de gastos m\u00e9dicos mayores solo los hacen los funcionarios para cirugearse, as\u00ed como tampoco se han resuelto temas pol\u00e9micos que siguen en la agenda de prioridades pendientes.<\/p>\n<p>Pero aqu\u00ed valdr\u00eda la pena se\u00f1alar que ni los resolver\u00e1n los que enarbolan con tanto af\u00e1n la llamada Cuarta Transformaci\u00f3n. Simplemente no saben c\u00f3mo.<\/p>\n<p>As\u00ed, AMLOlandia, esa tierra so\u00f1ada por la actual administraci\u00f3n, solo estuvo presente en el imaginario del flamante gabinete del presidente L\u00f3pez Obrador, en un discurso que pertenece m\u00e1s a un mes\u00edas que a un jefe de Estado, y si alguna duda hubiera, ah\u00ed est\u00e1n los pilares que el propio tabasque\u00f1o deline\u00f3 de su administraci\u00f3n como: el amor a la familia, al pr\u00f3jimo, a la naturaleza, a la patria y a la humanidad. Un discurso en el que promueve \u201cel bienestar material y el bienestar del alma\u201d.<\/p>\n<p>De los 100 compromisos que hizo el presidente L\u00f3pez Obrador para los primeros tres meses de su gesti\u00f3n, la Presidencia inform\u00f3 que ha cumplido 62, un margen para muchos, muy respetable, pero para otros, no tanto porque sin duda, la pol\u00edtica l\u00f3pezobradorista est\u00e1 basada en el reparto de dinero, as\u00ed como en la conformaci\u00f3n de un padr\u00f3n electoral que el presidente pueda utilizar para las elecciones intermedias del 2021, porque eso de que someter\u00e1 a una acostumbrada ilegal\u00a0 consulta popular su mandato para ver si se queda o no, m\u00e1s bien parece una vacilada, o un af\u00e1n de lanzar \u201cun pial\u201d para corroborar c\u00f3mo toma la sociedad la idea de poder reelegirse.<\/p>\n<p>Otro dato ilustrativo, fue los gobernadores que no asistieron a la ceremonia de los 100 d\u00edas de la gesti\u00f3n del tabasque\u00f1o.<\/p>\n<p>No estuvieron <strong>Jos\u00e9 Ignacio Peralta<\/strong>, de Colima; <strong>Cuauht\u00e9moc Blanco<\/strong>, gobernador de Morelos; <strong>Enrique Alfaro<\/strong>, de Jalisco, ni <strong>Javier Corral Jurado<\/strong>, el mandatario estatal de Chihuahua.<\/p>\n<p>Con todos, se supone que salvo el ex futbolista del Am\u00e9rica, AMLO ha tenido serias diferencias y ah\u00ed est\u00e1 como muestra que se llevaron sendas rechiflas en m\u00edtines encabezados por el tabasque\u00f1o.<\/p>\n<p>Por su parte, el gobernador de Michoac\u00e1n,<strong>\u00a0Silvano Aureoles Conejo<\/strong>, que s\u00ed hizo acto de presencia, consider\u00f3 que la gesti\u00f3n del tabasque\u00f1o, se ha destacado por ser \u00a0una tendencia al centralismo<strong>\u00a0<\/strong>en el\u00a0gobierno federal, por lo que L\u00f3pez Obrdor, de plano no toma en cuenta a las entidades y municipios.<\/p>\n<p>Concretamente, el michoacano se\u00f1al\u00f3: \u201cNosotros por lo menos visualizamos que hay una tendencia al centralismo, cosa que yo no comparto, hay una mayor concentraci\u00f3n de funciones, de tareas, y eso<strong>\u00a0<\/strong>atenta contra el federalismo\u201d.<\/p>\n<p>El gobernador perredista se\u00f1al\u00f3 que no escuch\u00f3 el tema de la relaci\u00f3n con\u00a0municipios y estados, por lo cual, todo se centraliza, \u201cen ninguna parte del discurso escuch\u00e9 el tema de la relaci\u00f3n con municipios y estados\u201d, eso es algo que no le importa al tabasque\u00f1o, definitivamente.<\/p>\n<p style=\"text-align: center;\"><strong>Municiones<\/strong><\/p>\n<p>*** Para el senador del PRD, <strong>Miguel Angel Mancera<\/strong>, los 100 d\u00edas de AMLO han sido b\u00e1sicamente un ejercicio de comunicaci\u00f3n que le est\u00e1 funcionando muy bien al tabasque\u00f1o el posicionar por las ma\u00f1anas la agenda del d\u00eda.<\/p>\n<p>Ahora bien, si cada tres meses se estar\u00e1 haciendo este ejercicio, \u201cvamos a estar preguntando de los avances y no solo de la parte informativa, sino de los resultados, es decir, se va a estar preguntando para cu\u00e1ndo los avances y cu\u00e1nto costar\u00e1n\u201d. Y ojo, un dato muy importante es que al ex jefe de Gobierno de la Ciudad de M\u00e9xico, simplemente, no lo requirieron, es decir, no lo invitaron a la ceremonia, pero afortunadamente, eso ni le quita el sue\u00f1o, ni lo angustia.<\/p>\n<p>*** Tampoco invitaron a Palacio Nacional, al coordinador de la bancada del PRI en el Senado de la Rep\u00fablica, <strong>Miguel Angel Osorio Chong<\/strong>, quien de cualquier manera opin\u00f3 sobre los primeros cien d\u00edas de la administraci\u00f3n de AMLO y se\u00f1al\u00f3 que hoy resulta que la gasolina no baja y solo miran hacia atr\u00e1s y dicen que es culpa del pasado, el ejercicio preferido del l\u00f3pezobradorismo.<\/p>\n<p>Se cancela un aeropuerto (como el de Texcoco), y dicen tambi\u00e9n que es cosa del pasado. \u201cNos bajan las calificadoras, que va a pegar hacia adelante en los bolsillos de los mexicanos y dicen que es cosa del pasado\u201d, al tiempo que el ex titular de la Segob pregunta: \u201c\u00bfCu\u00e1ndo van a asumir su responsabilidad?<\/p>\n<p>Tienen que asumir cada uno de los actos, de las acciones que vienen realizando, que le est\u00e1n lastimando a la poblaci\u00f3n, como lo de las estancias infantiles, \u00bftambi\u00e9n es cosa del pasado?\u201d.<\/p>\n<p>Anot\u00f3 tambi\u00e9n el hidalguense que no es posible que le quiten a una mam\u00e1 cualquiera la posibilidad de salir a estudiar, a prepararse o a trabajar, de dejar en un lugar seguro a sus hijas e hijos.<\/p>\n<p>M\u00e1s de 400 mil ni\u00f1as y ni\u00f1os hoy quedaron desprotegidos. O los refugios, donde una mujer que ha sido violentada le quitan el espacio donde la van a proteger, donde la van a cuidar, y todo porque dicen que tampoco le dar\u00e1n nada de dinero a las organizaciones sociales. Cien d\u00edas muy complicados para M\u00e9xico. \u00bfAs\u00ed o m\u00e1s claro?<\/p>\n<p>*** Para el dirigente del PAN, <strong>Marko Cort\u00e9s<\/strong>, el \u00fanico acierto que se le puede reconocer al presidente, es que ha comunicado de una forma mucho m\u00e1s cercana a la sociedad, o sea, la referencia es para las conferencias de prensa ma\u00f1aneras.<\/p>\n<p>Sin embargo, pueden m\u00e1s los desaciertos, particularmente en materia econ\u00f3mica y social. Record\u00f3 el dirigente panista que la cancelaci\u00f3n del Aeropuerto de Texcoco cost\u00f3 150 mil millones de pesos, las huelgas en Tamaulipas est\u00e1n generando que se puedan quedar sin trabajo alrededor de cuatro\u00a0 mil trabajadores; ah\u00ed est\u00e1 tambi\u00e9n el incremento de homicidios dolosos y secuestros.<\/p>\n<p>*** La que de plano sin duda, es una mujer ilusionada, es la dirigente de Morena, <strong>Yeidckol Polevnsky<\/strong>, que no obstante los problemas que ha causado y ella ha propiciado en la elecci\u00f3n extraordinaria que tendr\u00e1 lugar en Puebla, asegur\u00f3, sonriente y emocionada, que calificaba al presidente L\u00f3pez Obrador, no con un diez, sino con un mil. \u00a1Qu\u00e9 tal!<\/p>\n<p>*** \u00bfEl c\u00e1rtel de Tl\u00e1huac se acaba?, todo pareciera indicar que s\u00ed, m\u00e1s a\u00fan porque ayer, la Fiscal\u00eda General de la Rep\u00fablica, inform\u00f3 que se detuvo a <strong>Diana Karen<\/strong> (a) \u201cLa Princesa\u201d y a <strong>Samantha<\/strong>, mejor conocida como \u201cSam\u201d, hijas de quien fuera el l\u00edder del c\u00e1rtel de Tl\u00e1huac, <strong>Felipe de Jes\u00fas P\u00e9rez Luna<\/strong>, (a), \u201cEl Ojos\u201d.<\/p>\n<p><a href=\"mailto:morcora@gmail.com\" target=\"_blank\" rel=\"noopener noreferrer\"><em>morcora@gmail.com<\/em><\/a><\/p>\n","protected":false},"excerpt":{"rendered":"<p><span style=\"color: #005497;\"><strong>Adriana Moreno Cordero<\/strong><\/span><\/p>\n","protected":false},"author":3,"featured_media":0,"comment_status":"open","ping_status":"open","sticky":false,"template":"","format":"standard","meta":{"_monsterinsights_skip_tracking":false,"_monsterinsights_sitenote_active":false,"_monsterinsights_sitenote_note":"","_monsterinsights_sitenote_category":0,"footnotes":""},"categories":[69370],"tags":[69369,69368,43674],"class_list":["post-418796","post","type-post","status-publish","format-standard","hentry","category-adriana-moreno-cordero","tag-adriana-moreno-cordero","tag-la-retaguardia","tag-opinion"],"_links":{"self":[{"href":"https:\/\/www.diarioimagen.net\/index.php?rest_route=\/wp\/v2\/posts\/418796","targetHints":{"allow":["GET"]}}],"collection":[{"href":"https:\/\/www.diarioimagen.net\/index.php?rest_route=\/wp\/v2\/posts"}],"about":[{"href":"https:\/\/www.diarioimagen.net\/index.php?rest_route=\/wp\/v2\/types\/post"}],"author":[{"embeddable":true,"href":"https:\/\/www.diarioimagen.net\/index.php?rest_route=\/wp\/v2\/users\/3"}],"replies":[{"embeddable":true,"href":"https:\/\/www.diarioimagen.net\/index.php?rest_route=%2Fwp%2Fv2%2Fcomments&post=418796"}],"version-history":[{"count":0,"href":"https:\/\/www.diarioimagen.net\/index.php?rest_route=\/wp\/v2\/posts\/418796\/revisions"}],"wp:attachment":[{"href":"https:\/\/www.diarioimagen.net\/index.php?rest_route=%2Fwp%2Fv2%2Fmedia&parent=418796"}],"wp:term":[{"taxonomy":"category","embeddable":true,"href":"https:\/\/www.diarioimagen.net\/index.php?rest_route=%2Fwp%2Fv2%2Fcategories&post=418796"},{"taxonomy":"post_tag","embeddable":true,"href":"https:\/\/www.diarioimagen.net\/index.php?rest_route=%2Fwp%2Fv2%2Ftags&post=418796"}],"curies":[{"name":"wp","href":"https:\/\/api.w.org\/{rel}","templated":true}]}}