{"id":418805,"date":"2019-03-12T00:03:02","date_gmt":"2019-03-12T06:03:02","guid":{"rendered":"https:\/\/www.diarioimagen.net\/?p=418805"},"modified":"2019-03-12T00:38:04","modified_gmt":"2019-03-12T06:38:04","slug":"las-marginadas","status":"publish","type":"post","link":"https:\/\/www.diarioimagen.net\/?p=418805","title":{"rendered":"Las marginadas"},"content":{"rendered":"<h2>Folclor urbano<\/h2>\n<h5>Salvador Estrada<\/h5>\n<p>&nbsp;<\/p>\n<p>La fiesta no fue pareja, porque en el D\u00eda Internacional de la Mujer, la mayor\u00eda de ellas fueron felicitadas y agasajas, pero a otras no las tomaron en cuenta.<\/p>\n<p>Las mujeres que por diversas circunstancias se encuentran en los \u00a0penales capitalinos,\u00a0las autoridades de la ciudad no las olvidaron.<\/p>\n<p>La jefa de Gobierno, Claudia Sheinbaum, y su secretaria de Gobierno, Rosa lcela Rodr\u00edguez, acudieron \u00a0al penal de Santa Martha Acatitla para ofrecerles una comida a las internas en el D\u00eda Internacional de la Mujer. No las abandonaron, sino las tuvieron presentes, lo cual alegr\u00f3 y \u00a0emocion\u00f3 a esas internas que est\u00e1n pagando una culpa, porque el destino les jug\u00f3 una mala pasada, quiz\u00e1 por amor o por un error de juventud.<\/p>\n<p>Las mujeres que trabajan en los hogares capitalinos, como sirvientas de tiempo completo o medio d\u00eda, tampoco fueron olvidadas. La pel\u00edcula <em>Roma<\/em> las puso en las conciencias de sus patrones para tratarlas como trabajadoras del hogar y no como \u201ccriadas\u201d. Y tambi\u00e9n fueron felicitadas e incluso algunas recibieron regalos.<\/p>\n<p>Sin embargo, las que fueron marginadas de la sociedad y de sus \u201cclientes\u201d fueron las sexoservidores a las que nadie felicit\u00f3 y que para ellas no fue un d\u00eda de fiesta ni un d\u00eda especial.<\/p>\n<p>Ellas ni siquiera ten\u00edan idea de que las mujeres son festejadas un \u00a0d\u00eda al a\u00f1o, pero como no pertenecen a la sociedad \u00a0y est\u00e1n olvidadas, la fecha pas\u00f3 inadvertida y el 8 de marzo fue un d\u00eda m\u00e1s de trabajo para ellas.<\/p>\n<p>A las trabajadores del hogar se les va a incorporar al Seguro Social y lo mismo pueden hacerlo con \u201clas chicas de la noche\u201d, que tambi\u00e9n trabajan en el d\u00eda, y si lo dudan acudan a la esquina del edificio del \u00a0PRI en Buenavista, frente a la alcald\u00eda Cuauht\u00e9moc y las ver\u00e1n que est\u00e1n ah\u00ed en la calle \u00a0\u201cdispuestas a trabajar\u201d.<\/p>\n<p>Otras prestan \u201csus servicios\u201d en la ma\u00f1ana en la calle de San Pablo, en La Merced, y en \u00a0las noches est\u00e1n presentes en el cruce de Ignacio Mariscal y Rosales y en la acera del Museo de San Carlos, en Puente de Alvarado. Y tambi\u00e9n se ubican en la Calzada de Tlalpan o en la calle de Sullivan<\/p>\n<p>Y si la sociedad quiere reivindicarse con ellas, las debe tomar en cuenta y luchar porque tengan protecci\u00f3n social.<\/p>\n<p>Estas chicas tambi\u00e9n necesitan ser atendidas y registradas en el IMSS o en el Seguro Popular, porque como \u201ctrabajadoras sociales\u201d tienen ese derecho, con lo cual se proteger\u00eda su salud y se evitar\u00eda que tuvieran enfermedades ven\u00e9reas o el VIH. Y muchos \u201cclientes\u201d estar\u00edan agradecidos que las sexoservidoras tengan tarjeta de sanidad.<\/p>\n<p>Alguna \u00a0ONG o sociedad altruista puede abocarse a protegerlas porque tambi\u00e9n tienen derechos y hasta ahora nadie las pela y si las toman en cuenta quiz\u00e1 hasta pudieran estudiar y dejar ese \u201ctrabajo\u201d y encontrar otro camino para su realizaci\u00f3n.<\/p>\n<p><em><a href=\"mailto:chavasec@yahoo.com.mx\" target=\"_blank\" rel=\"noopener noreferrer\">chavasec@yahoo.com.mx<\/a><\/em><\/p>\n","protected":false},"excerpt":{"rendered":"<p><span style=\"color: #005497;\"><strong>Salvador Estrada<\/strong><\/span><\/p>\n","protected":false},"author":3,"featured_media":0,"comment_status":"open","ping_status":"open","sticky":false,"template":"","format":"standard","meta":{"_monsterinsights_skip_tracking":false,"_monsterinsights_sitenote_active":false,"_monsterinsights_sitenote_note":"","_monsterinsights_sitenote_category":0,"footnotes":""},"categories":[41601],"tags":[41599,43674,41600],"class_list":["post-418805","post","type-post","status-publish","format-standard","hentry","category-salvador-estrada-opinion","tag-folclor-urbano","tag-opinion","tag-salvador-estrada"],"_links":{"self":[{"href":"https:\/\/www.diarioimagen.net\/index.php?rest_route=\/wp\/v2\/posts\/418805","targetHints":{"allow":["GET"]}}],"collection":[{"href":"https:\/\/www.diarioimagen.net\/index.php?rest_route=\/wp\/v2\/posts"}],"about":[{"href":"https:\/\/www.diarioimagen.net\/index.php?rest_route=\/wp\/v2\/types\/post"}],"author":[{"embeddable":true,"href":"https:\/\/www.diarioimagen.net\/index.php?rest_route=\/wp\/v2\/users\/3"}],"replies":[{"embeddable":true,"href":"https:\/\/www.diarioimagen.net\/index.php?rest_route=%2Fwp%2Fv2%2Fcomments&post=418805"}],"version-history":[{"count":0,"href":"https:\/\/www.diarioimagen.net\/index.php?rest_route=\/wp\/v2\/posts\/418805\/revisions"}],"wp:attachment":[{"href":"https:\/\/www.diarioimagen.net\/index.php?rest_route=%2Fwp%2Fv2%2Fmedia&parent=418805"}],"wp:term":[{"taxonomy":"category","embeddable":true,"href":"https:\/\/www.diarioimagen.net\/index.php?rest_route=%2Fwp%2Fv2%2Fcategories&post=418805"},{"taxonomy":"post_tag","embeddable":true,"href":"https:\/\/www.diarioimagen.net\/index.php?rest_route=%2Fwp%2Fv2%2Ftags&post=418805"}],"curies":[{"name":"wp","href":"https:\/\/api.w.org\/{rel}","templated":true}]}}