{"id":418821,"date":"2019-03-12T00:09:29","date_gmt":"2019-03-12T06:09:29","guid":{"rendered":"https:\/\/www.diarioimagen.net\/?p=418821"},"modified":"2019-03-12T06:46:21","modified_gmt":"2019-03-12T12:46:21","slug":"mensaje-presidencial-con-destinatarios","status":"publish","type":"post","link":"https:\/\/www.diarioimagen.net\/?p=418821","title":{"rendered":"\u00bfMensaje presidencial con destinatarios?"},"content":{"rendered":"<h2>Poder y dinero<\/h2>\n<h5>V\u00edctor S\u00e1nchez Ba\u00f1os<\/h5>\n<p><em>\u00a0<\/em><\/p>\n<ul>\n<li><strong><em>100 d\u00edas, guerra total al \u201cneoliberalismo\u201d<\/em><\/strong><\/li>\n<li><strong><em>Este a\u00f1o, cobros con celulares: banqueros<\/em><\/strong><\/li>\n<\/ul>\n<p><em>\u00a0<\/em><\/p>\n<p style=\"text-align: right;\"><strong><em>No hay ninguna felicidad donde<\/em><\/strong><em><strong>\u00a0no existe ninguna sabidur\u00eda<\/strong><br \/>\n<\/em><em>S\u00f3focles, 496-406 a. de C.; <\/em><em>dramaturgo ateniense<\/em><\/p>\n<p>&nbsp;<\/p>\n<div id=\"attachment_418889\" style=\"width: 470px\" class=\"wp-caption aligncenter\"><a href=\"https:\/\/www.diarioimagen.net\/?attachment_id=418889\" rel=\"attachment wp-att-418889\"><img loading=\"lazy\" decoding=\"async\" aria-describedby=\"caption-attachment-418889\" class=\"size-large wp-image-418889\" src=\"https:\/\/www.diarioimagen.net\/wp-content\/uploads\/2019\/03\/CASTIGO-SIN-PAR-jose-luis-460x402.jpg\" alt=\"\" width=\"460\" height=\"402\" srcset=\"https:\/\/www.diarioimagen.net\/wp-content\/uploads\/2019\/03\/CASTIGO-SIN-PAR-jose-luis-460x402.jpg 460w, https:\/\/www.diarioimagen.net\/wp-content\/uploads\/2019\/03\/CASTIGO-SIN-PAR-jose-luis-240x210.jpg 240w, https:\/\/www.diarioimagen.net\/wp-content\/uploads\/2019\/03\/CASTIGO-SIN-PAR-jose-luis-768x671.jpg 768w, https:\/\/www.diarioimagen.net\/wp-content\/uploads\/2019\/03\/CASTIGO-SIN-PAR-jose-luis.jpg 1200w\" sizes=\"auto, (max-width: 460px) 100vw, 460px\" \/><\/a><p id=\"caption-attachment-418889\" class=\"wp-caption-text\">\u00abCastigo\u00bb sin par&#8230; | Jos\u00e9 Luis<\/p><\/div>\n<p>&nbsp;<\/p>\n<p>#AMLO #100D\u00edasm #AMLOEnBlancoYNegro #Neoliberalismo #Morenos #Morena #Yeidckol #GobiernosPasados #Econom\u00edaRegular #Pol\u00edticaYeidckol #SociedadConforme #Corrupci\u00f3n #CobrosCelulares #Banxico #MarcosMart\u00ednez #Ni\u00f1oDeRivera #ABM #Acapulco #BMV<\/p>\n<p>&nbsp;<\/p>\n<p>El Andr\u00e9s Manuel L\u00f3pez Obrador cumpli\u00f3 100 d\u00edas en el poder en blanco y negro; sin puntos medios ni escalas de grises.<\/p>\n<p>Los resultados son magros, de acuerdo a las metas que se fij\u00f3 el Presidente de la Rep\u00fablica en sus promesas de campa\u00f1a.<\/p>\n<p>Desde el punto de vista electoral, los resultados son excepcionales. Crece la aceptaci\u00f3n del l\u00edder del Ejecutivo y se convierte en un factor de aceptaci\u00f3n totalmente mayoritaria.<\/p>\n<p>En las \u00faltimas encuestas no se aprecia ning\u00fan factor de malestar. Ni siquiera la falta de abasto de gasolina que azot\u00f3 a la clase media durante los primeros d\u00edas de \u00e9ste a\u00f1o. Es m\u00e1s, hoy est\u00e1 en el olvido. Pero vamos a diseccionar el gobierno lopezobradorista.<\/p>\n<p>ECONOM\u00cdA: La inversi\u00f3n productiva cay\u00f3 en los primeros cien d\u00edas de gobierno y las estimaciones de crecimiento econ\u00f3mico se ven muy complicadas para el cierre de este a\u00f1o.<\/p>\n<p>Esto significa que no lograremos llegar a la media internacional de 4%, y que nos ubicaremos en el 1.5 o menos. Esto derivado de varias medidas adoptadas por la presente administraci\u00f3n, que van desde la cancelaci\u00f3n de obras de infraestructura como el aeropuerto en Texcoco; la suspensi\u00f3n del tren r\u00e1pido M\u00e9xico-Toluca, as\u00ed como otras v\u00edas fundamentales para la comunicaci\u00f3n del pa\u00eds. Asimismo, en la guerra de declaraciones exhibicionistas de los funcionarios del gobierno federal, que cometen errores.<\/p>\n<p>LEGISLATIVA: Positiva actividad. Se aprobaron varias leyes donde destaca la de Extinci\u00f3n de Dominio. Adem\u00e1s, de la creaci\u00f3n de la Guardia Nacional, que se convirti\u00f3 en un \u00edcono legislativo, debido a que se aprob\u00f3 por unanimidad en el Congreso y por la mayor\u00eda de los Congresos locales debido a que se trata de una reforma Constitucional.<\/p>\n<p>SOCIAL: En la lucha contra flagelos como el del <em>Huachicol,<\/em> la actual administraci\u00f3n encontr\u00f3 que se encuentran involucrados pueblos enteros y son los que protegen a mafias enteras. Asimismo, dos decisiones provocaron malestar entre la sociedad: la cancelaci\u00f3n de las estancias infantiles y los refugios para mujeres agredidas. Esto no provoc\u00f3 una ca\u00edda en la aceptaci\u00f3n de AMLO.<\/p>\n<p>POL\u00cdTICA: La relaci\u00f3n con los gobernadores es tirante, fundamentalmente por los afanes y ansias de poder de los pol\u00edticos de Morena, que quieren utilizar la presencia de L\u00f3pez Obrador, para agredir y denostar a los gobernadores; muchos de los cu\u00e1les se lo merecen, pero se rompen las reglas de convivencia. Hay tirantez tambi\u00e9n en las entidades donde habr\u00e1 elecciones, fundamentalmente en BCN, Tamaulipas y especialmente en Puebla, donde no hay rumbo en el partido en el poder, encabezado por Yeidckol Polenvsky.<\/p>\n<p>IDEOLOG\u00cdA: Ya estamos de lleno en un gobierno socialista, por una parte, por lo que ataca al neoliberalismo (\u00bf\u00bf??) econ\u00f3mico como el m\u00e1s feroz de los enemigos de la sociedad que, seg\u00fan \u00e9l no dio resultados desde la \u00e9poca de Carlos Salinas de Gortari.<\/p>\n<p>Adem\u00e1s, el discurso va contra lo hecho, bien o mal, en administraciones pasadas. Borrar el pasado gubernamental, por que el actual gobierno \u201ces el salvador del pa\u00eds\u201d. Por ello, a 100 d\u00edas de gobierno, el bono electoral se mantiene.<\/p>\n<p><strong>PODEROSOS CABALLEROS<\/strong>: A marchas forzadas trabajan los m\u00e1s grandes bancos del pa\u00eds, para que en el marco de la Convenci\u00f3n Bancaria est\u00e9n listos para operar con la nueva plataforma de Banxico, C\u00f3digo Digital, CoDi que permitir\u00e1 realizar transferencias electr\u00f3nicas, y pagos en comercios utilizando el tel\u00e9fono m\u00f3vil con un c\u00f3digo QR.\u00a0 Ser\u00e1 este mismo a\u00f1o, seg\u00fan los banqueros que preside Marcos Mart\u00ednez, presidente de la ABM, ante el presidente L\u00f3pez Obrador. En el lanzamiento del programa de impulso al sector financiero, 20 bancos estar\u00edan listos para iniciar operaciones con el nuevo CoDi cuando arranque la Convenci\u00f3n Bancaria el pr\u00f3ximo 21 de marzo en Acapulco. Luis Ni\u00f1o de Rivera, presidente de Banco Azteca, quien asumir\u00e1 la presidencia de la ABM el 22 de marzo, tendr\u00e1 entre sus primeros retos el aterrizaje del CoDi porque el Banco de M\u00e9xico, que s\u00ed est\u00e1 totalmente listo para el arranque de operaciones, fij\u00f3 ya el calendario y, si bien en esta primera etapa la adhesi\u00f3n al CoDi es voluntaria, a partir del 1 de septiembre ser\u00e1 obligatorio para todos los bancos que tengan cuentas de dep\u00f3sito y servicios de cr\u00e9dito.<\/p>\n<p>*** En l\u00ednea con las necesidades de protecci\u00f3n en materia de seguridad inform\u00e1tica, la aseguradora Suramericana, que dirige Gonzalo P\u00e9rez, alista una cobertura contra riesgos cibern\u00e9ticos, que no s\u00f3lo estar\u00eda enfocado al sector bancario, sino tambi\u00e9n a los intermediarios financieros no bancarios, con la finalidad de que no se repita un hackeo como el ocurrido el a\u00f1o pasado al Sistema de Pagos Electr\u00f3nicos Interbancarios, desarrollado por el Banco de M\u00e9xico<\/p>\n<p><strong>RESPONSABILIDAD SOCIAL CORPORATIVA<\/strong>: La BMV, que dirige Jos\u00e9-Oriol Bosch, como la Bolsa Institucional de Valores, que encabeza Mar\u00eda Ariza, analizaron la permanencia de la mujer en el sector financiero. Buscan mayor participaci\u00f3n en el mundo de las finanzas, de la mujer.<\/p>\n<p><a href=\"http:\/\/poderydinero.mx\" target=\"_blank\" rel=\"noopener noreferrer\"><em>poderydinero.mx<\/em><\/a><em><b><br \/>\n<\/b><a href=\"mailto:vsanchezb@gmail.com\" target=\"_blank\" rel=\"noopener noreferrer\">vsanchezb@gmail.com<br \/>\n<\/a><strong>Twitter:<\/strong><a href=\"https:\/\/twitter.com\/vsanchezbanos\" target=\"_blank\" rel=\"noopener noreferrer\">@vsanchezbano<br \/>\n<\/a><strong>Facebook:\u00a0<\/strong><a href=\"https:\/\/www.facebook.com\/vsanchezbanos?fref=ts\" target=\"_blank\" rel=\"noopener noreferrer\">vsanchezbano<\/a><\/em><\/p>\n","protected":false},"excerpt":{"rendered":"<p><span style=\"color: #005497;\"><strong>V\u00edctor S\u00e1nchez Ba\u00f1os<\/strong><\/span><br \/>\n<br \/>\nEl Andr\u00e9s Manuel L\u00f3pez Obrador cumpli\u00f3 100 d\u00edas en el poder en blanco y negro; sin puntos medios ni escalas de grises.<\/p>\n","protected":false},"author":3,"featured_media":418889,"comment_status":"open","ping_status":"open","sticky":false,"template":"","format":"standard","meta":{"_monsterinsights_skip_tracking":false,"_monsterinsights_sitenote_active":false,"_monsterinsights_sitenote_note":"","_monsterinsights_sitenote_category":0,"footnotes":""},"categories":[38844],"tags":[43674,38847,38848],"class_list":["post-418821","post","type-post","status-publish","format-standard","has-post-thumbnail","hentry","category-victor-sanchez-banos","tag-opinion","tag-poder-y-dinero","tag-victor-sanchez-banos"],"_links":{"self":[{"href":"https:\/\/www.diarioimagen.net\/index.php?rest_route=\/wp\/v2\/posts\/418821","targetHints":{"allow":["GET"]}}],"collection":[{"href":"https:\/\/www.diarioimagen.net\/index.php?rest_route=\/wp\/v2\/posts"}],"about":[{"href":"https:\/\/www.diarioimagen.net\/index.php?rest_route=\/wp\/v2\/types\/post"}],"author":[{"embeddable":true,"href":"https:\/\/www.diarioimagen.net\/index.php?rest_route=\/wp\/v2\/users\/3"}],"replies":[{"embeddable":true,"href":"https:\/\/www.diarioimagen.net\/index.php?rest_route=%2Fwp%2Fv2%2Fcomments&post=418821"}],"version-history":[{"count":0,"href":"https:\/\/www.diarioimagen.net\/index.php?rest_route=\/wp\/v2\/posts\/418821\/revisions"}],"wp:featuredmedia":[{"embeddable":true,"href":"https:\/\/www.diarioimagen.net\/index.php?rest_route=\/wp\/v2\/media\/418889"}],"wp:attachment":[{"href":"https:\/\/www.diarioimagen.net\/index.php?rest_route=%2Fwp%2Fv2%2Fmedia&parent=418821"}],"wp:term":[{"taxonomy":"category","embeddable":true,"href":"https:\/\/www.diarioimagen.net\/index.php?rest_route=%2Fwp%2Fv2%2Fcategories&post=418821"},{"taxonomy":"post_tag","embeddable":true,"href":"https:\/\/www.diarioimagen.net\/index.php?rest_route=%2Fwp%2Fv2%2Ftags&post=418821"}],"curies":[{"name":"wp","href":"https:\/\/api.w.org\/{rel}","templated":true}]}}