{"id":418825,"date":"2019-03-12T00:11:10","date_gmt":"2019-03-12T06:11:10","guid":{"rendered":"https:\/\/www.diarioimagen.net\/?p=418825"},"modified":"2019-03-12T06:45:01","modified_gmt":"2019-03-12T12:45:01","slug":"amlo-reporte-sin-sorpresas-encuestas-afirman-que-83-esta-con-el","status":"publish","type":"post","link":"https:\/\/www.diarioimagen.net\/?p=418825","title":{"rendered":"AMLO, reporte sin sorpresas; encuestas afirman que 83% est\u00e1 con \u00e9l"},"content":{"rendered":"<h2>Tras la puerta del poder<\/h2>\n<h5>Roberto Vizca\u00edno<\/h5>\n<p>&nbsp;<\/p>\n<div id=\"attachment_418883\" style=\"width: 470px\" class=\"wp-caption aligncenter\"><a href=\"https:\/\/www.diarioimagen.net\/?attachment_id=418883\" rel=\"attachment wp-att-418883\"><img loading=\"lazy\" decoding=\"async\" aria-describedby=\"caption-attachment-418883\" class=\"size-large wp-image-418883\" src=\"https:\/\/www.diarioimagen.net\/wp-content\/uploads\/2019\/03\/atento-al-changarro-LUIS-XAVIER-460x355.jpg\" alt=\"\" width=\"460\" height=\"355\" srcset=\"https:\/\/www.diarioimagen.net\/wp-content\/uploads\/2019\/03\/atento-al-changarro-LUIS-XAVIER-460x355.jpg 460w, https:\/\/www.diarioimagen.net\/wp-content\/uploads\/2019\/03\/atento-al-changarro-LUIS-XAVIER-240x185.jpg 240w, https:\/\/www.diarioimagen.net\/wp-content\/uploads\/2019\/03\/atento-al-changarro-LUIS-XAVIER-768x593.jpg 768w, https:\/\/www.diarioimagen.net\/wp-content\/uploads\/2019\/03\/atento-al-changarro-LUIS-XAVIER.jpg 1200w\" sizes=\"auto, (max-width: 460px) 100vw, 460px\" \/><\/a><p id=\"caption-attachment-418883\" class=\"wp-caption-text\">Atento al changarro&#8230; | Luis Xavier<\/p><\/div>\n<p>&nbsp;<\/p>\n<p>El largo y lento informe de ayer de<strong> Andr\u00e9s Manuel L\u00f3pez Obrador<\/strong> en uno de los patios de Palacio Nacional no aport\u00f3 realmente nada nuevo a lo que ha venido diciendo y anunciando en las plazas p\u00fablicas del pa\u00eds y en sus conferencias ma\u00f1aneras.<\/p>\n<p>La novedad la dieron ayer las encuestadoras, las que, a pesar de que han comenzado a aflorar las inconformidades ciudadanas a su alrededor, sobre todo por el recorte presupuestal y cierre de estancias infantiles, por los despidos masivos en dependencias del gobierno y por temas como el de la Termoel\u00e9ctrica de Huexca en Morelos, lo sit\u00faan con hasta el 83% de apoyos entre los mexicanos.<\/p>\n<p>Las \u00e1reas de sondeos de diarios como <em>El Universal <\/em>lo colocaron ayer en una aprobaci\u00f3n de 79.4% y encuestadoras como Gabinete de Comunicaci\u00f3n Estrat\u00e9gica que comandan <strong>Li\u00e9bano S\u00e1enz<\/strong> y <strong>Federico Berrueto<\/strong> lo sit\u00faan en hasta el 83% de apoyos frente apenas un 16% de desacuerdos.<\/p>\n<p>Con estas calificaciones <strong>Andr\u00e9s Manuel L\u00f3pez Obrador<\/strong> puede enfrentar pr\u00e1cticamente las transformaciones que quiera.<\/p>\n<p>Con un trabajo sectorial m\u00e1s profundo, que muestra rasgos de incongruencia en los encuestados. El Gabinete de Comunicaci\u00f3n Estrat\u00e9gica encontr\u00f3 que, en lo personal, 58% de los consultados por ellos, reconoce no haber obtenido beneficios hasta ahora de parte del nuevo gobierno, en tanto que el 38% dice sentirse beneficiado por los apoyos a adultos mayores, la medida de combate a la delincuencia (Guardia Nacional), aumento del salario m\u00ednimo, entre otros.<\/p>\n<p>Esta encuesta evalu\u00f3 22 acciones del gobierno de AMLO realizadas durante los primeros 100 d\u00edas.<\/p>\n<p>Entre ellas las que presentaron m\u00e1s aprobaci\u00f3n fueron las de austeridad: eliminaci\u00f3n de pensiones a ex presidentes (96%) y la reducci\u00f3n de sueldos de altos funcionarios de gobierno (95%).<\/p>\n<p>En cuanto a las acciones sociales, lo mejor evaluado se encuentra en las pensiones de personas con discapacidad (94%) y adultos mayores (92%); en temas econ\u00f3micos el programa de capacitaci\u00f3n laboral y becas a j\u00f3venes es de los de mayor acuerdo (91%), seguido del programa de combate al<em> huachicoleo <\/em>(86%).<\/p>\n<p>Las medidas con mayor desacuerdo fueron: la cancelaci\u00f3n de recursos a refugios de mujeres victimas de violencia (59%), cancelaci\u00f3n de recursos a estancias infantiles (55%), entrega de visas humanitarias a migrantes centroamericanos (48%), cancelaci\u00f3n del nuevo aeropuerto (38%) y el presupuesto de 500 millones al programa Pro-b\u00e9sibol (37%).<\/p>\n<p>El estudio completo, para quien quiera consultarlo, lo encuentran en:\u00a0 www.gabinete.mx).<\/p>\n<p>Sin duda estos resultados son para realizar una reflexi\u00f3n personal y de grupo, sobre todo entre quienes hoy muestran un profundo desacuerdo con la forma de gobernar de <strong>L\u00f3pez Obrador.<\/strong><\/p>\n<p style=\"text-align: center;\"><strong>Carlos Slim apoya a AMLO<\/strong><\/p>\n<p>Reconocido como la voz m\u00e1s importante del empresariado mexicano, <strong>Carlos Slim<\/strong>, consider\u00f3 que en sus primeros 100 d\u00edas de gobierno, el presidente Andr\u00e9s Manuel L\u00f3pez Obrador ha mostrado que si se puede disminuir la pobreza y combatir la corrupci\u00f3n.<\/p>\n<p>Igual dijo que M\u00e9xico puede crecer en un 4% como lo afirma L\u00f3pez Obrador, siempre y cuando su gobierno aumente la inversi\u00f3n en el sector productivo, aclar\u00f3.<\/p>\n<p>Entrevistado al salir del informe del presidente L\u00f3pez Orador a 100 d\u00edas de gobierno, Slim indic\u00f3 que el programa de becar a j\u00f3venes mientras se capacitan en empresas es un paso muy importante, pero advirti\u00f3 que ahora a ese programa le hace falta prepararlos con una educaci\u00f3n moderna y de alta calidad para que puedan ingresar a la nueva sociedad del conocimiento y tecnolog\u00eda.<\/p>\n<p>Ser\u00eda conveniente, agreg\u00f3, que el apoyo econ\u00f3mico no se diera cada dos meses, sino cada 15 d\u00edas, para que los estudiantes no caigan en deudas, ya que los pr\u00e9stamos pueden resultar caros.<\/p>\n<p>En cuanto a la baja en la perspectiva crediticia dictada por parte de Standard &amp; Poor\u2019s, no desautoriz\u00f3 a la calificadora, pero subray\u00f3 que hoy el gobierno tiene un presupuesto razonable e incluso el presidente ha hablado de un ingreso fiscal superior al presupuestado.<\/p>\n<p>Con las cosas as\u00ed, agreg\u00f3, \u201cla disciplina presupuestaria y el mantenimiento de los equilibrios macroecon\u00f3micos que se requiere para ello est\u00e1n funcionando, estamos muy bien y no hay preocupaci\u00f3n\u201d.<\/p>\n<p>Si bien aclar\u00f3 que no existe una crisis econ\u00f3mica o financiera en M\u00e9xico en estos momentos, si hay lentitud en la econom\u00eda.<\/p>\n<p>\u201cEl planteamiento es observar un crecimiento econ\u00f3mico al doble y lo veo completamente viable e indispensable que lo hagamos, pero hay que darle tiempo (al presidente), llevamos apenas 100 d\u00edas\u201d, se\u00f1al\u00f3.<\/p>\n<p>Concluy\u00f3 al indicar que \u00e9l entiende que lo que advirti\u00f3 S&amp;P con su nota a la baja, es que Pemex y CFE tienen una situaci\u00f3n dif\u00edcil \u201cy ese rescate hay que hacerlo con urgencia\u201d, en donde incluso se han ca\u00eddo los niveles de producci\u00f3n a la mitad, por lo que es necesario retomar niveles hist\u00f3ricos.<\/p>\n<p style=\"text-align: center;\"><strong>La mejor coordinaci\u00f3n: Monreal<\/strong><\/p>\n<p>Al recibir el reconocimiento de Andr\u00e9s Manuel L\u00f3pez Obrador quien se\u00f1al\u00f3 que su relaci\u00f3n con el Congreso es inmejorable, Ricardo Monreal, presidente de la Junta de Coordinaci\u00f3n Pol\u00edtica del Senado y l\u00edder de la mayor\u00eda senatorial de Morena indic\u00f3 que el balance de esta coordinaci\u00f3n institucional no podr\u00eda ser mejor.<\/p>\n<p>Monreal reconoci\u00f3 a su vez el respeto mostrado por el Presidente de la Rep\u00fablica a la autonom\u00eda del poder legislativo.<\/p>\n<p>Y consider\u00f3 que as\u00ed como ayer el Presidente present\u00f3 los mejores resultados durante los primeros 100 d\u00edas de su gesti\u00f3n, as\u00ed el Poder Legislativo podr\u00eda congratularse por haber vivido en este mismo lapso\u00a0 una etapa din\u00e1mica, de intensa actividad y de avances en temas como la austeridad republicana, medidas anticorrupci\u00f3n, equidad de g\u00e9nero, justicia social, rescate del campo y la aprobaci\u00f3n de la Guardia Nacional por unanimidad.<\/p>\n<p>Iniciativas como la revocaci\u00f3n de mandato, la eliminaci\u00f3n del fuero, las consultas ciudadanas est\u00e1n en tr\u00e1mite y saldr\u00e1n pronto.<\/p>\n<p>La reforma educativa y la Constituci\u00f3n Moral, esperan las reformas constitucionales y legales correspondientes, aunque ya se encuentran en an\u00e1lisis en el Congreso, agreg\u00f3.<\/p>\n<p>Sobre el alto nivel de aceptaci\u00f3n de L\u00f3pez Obrador, donde ocho de cada 10 mexicanos aprueban su gesti\u00f3n, dijo, surge de la congruencia de su discurso con su conducta,<\/p>\n<p>En ello es esencial que 86 de los 100 puntos del Plan de Gobierno que present\u00f3 en el Z\u00f3calo, en diciembre pasado, ya hay acciones iniciadas, en proceso avanzado de cumplimiento, o ya fueron cumplidas.<\/p>\n<p>Otros ejemplos son, agreg\u00f3, la austeridad republicana, la transparencia, la eliminaci\u00f3n de los s\u00edmbolos del viejo r\u00e9gimen, la desmitificaci\u00f3n del neoliberalismo econ\u00f3mico, la separaci\u00f3n del poder pol\u00edtico del econ\u00f3mico y la extinci\u00f3n de dominio, delitos de huachicoleo, corrupci\u00f3n, extorsi\u00f3n y fraudes electorales, entre los principales.<\/p>\n<p>\u201cAl sacudirse de los s\u00edmbolos del viejo r\u00e9gimen, y al alejarse del autoritarismo, los mexicanos lo ven como un ciudadano, como un ciudadano preocupado por lo que pasa en el pa\u00eds, desnudado de todo este tipo de parafernalia que yo reconozco y aprendo\u201d, subray\u00f3.<\/p>\n<p>Destac\u00f3 que sin duda los programas sociales m\u00e1s valorados de AMLO por los mexicanos de estos primeros 100 d\u00edas, los m\u00e1s apreciados, son: la pensi\u00f3n para personas adultas mayores, J\u00f3venes Construyendo el Futuro, becas para estudiantes, personas con discapacidad, cr\u00e9ditos a la palabra para campesinos e ind\u00edgenas, y apoyos para la reforestaci\u00f3n de \u00e1rboles maderables y frutales, entre otros.<\/p>\n<p><em><a href=\"http:\/\/endirecto.mx\" target=\"_blank\" rel=\"noopener noreferrer\">www.endirecto.mx<\/a><\/em><br \/>\n<em><a href=\"https:\/\/twitter.com\/_rvizcaino\" target=\"_blank\" rel=\"noopener noreferrer\">@_RVizcaino<\/a><\/em><br \/>\n<a href=\"https:\/\/www.facebook.com\/rvizcainoa\" target=\"_blank\" rel=\"noopener noreferrer\">f<em>acebook.com\/rvizcainoa<\/em><\/a><\/p>\n","protected":false},"excerpt":{"rendered":"<p><span style=\"color: #005497;\"><strong>Roberto Vizca\u00edno<\/strong><\/span><br \/>\n<br \/>\nEl largo y lento informe de ayer de<strong> Andr\u00e9s Manuel L\u00f3pez Obrador<\/strong> en uno de los patios de Palacio Nacional no aport\u00f3 realmente nada nuevo a lo que ha venido diciendo y anunciando en las plazas p\u00fablicas del pa\u00eds y en sus conferencias ma\u00f1aneras.<\/p>\n","protected":false},"author":3,"featured_media":418883,"comment_status":"open","ping_status":"open","sticky":false,"template":"","format":"standard","meta":{"_monsterinsights_skip_tracking":false,"_monsterinsights_sitenote_active":false,"_monsterinsights_sitenote_note":"","_monsterinsights_sitenote_category":0,"footnotes":""},"categories":[136],"tags":[43674,93,94],"class_list":["post-418825","post","type-post","status-publish","format-standard","has-post-thumbnail","hentry","category-roberto-vizcaino-opinion","tag-opinion","tag-roberto-vizcaino","tag-tras-la-puerta-del-poder"],"_links":{"self":[{"href":"https:\/\/www.diarioimagen.net\/index.php?rest_route=\/wp\/v2\/posts\/418825","targetHints":{"allow":["GET"]}}],"collection":[{"href":"https:\/\/www.diarioimagen.net\/index.php?rest_route=\/wp\/v2\/posts"}],"about":[{"href":"https:\/\/www.diarioimagen.net\/index.php?rest_route=\/wp\/v2\/types\/post"}],"author":[{"embeddable":true,"href":"https:\/\/www.diarioimagen.net\/index.php?rest_route=\/wp\/v2\/users\/3"}],"replies":[{"embeddable":true,"href":"https:\/\/www.diarioimagen.net\/index.php?rest_route=%2Fwp%2Fv2%2Fcomments&post=418825"}],"version-history":[{"count":0,"href":"https:\/\/www.diarioimagen.net\/index.php?rest_route=\/wp\/v2\/posts\/418825\/revisions"}],"wp:featuredmedia":[{"embeddable":true,"href":"https:\/\/www.diarioimagen.net\/index.php?rest_route=\/wp\/v2\/media\/418883"}],"wp:attachment":[{"href":"https:\/\/www.diarioimagen.net\/index.php?rest_route=%2Fwp%2Fv2%2Fmedia&parent=418825"}],"wp:term":[{"taxonomy":"category","embeddable":true,"href":"https:\/\/www.diarioimagen.net\/index.php?rest_route=%2Fwp%2Fv2%2Fcategories&post=418825"},{"taxonomy":"post_tag","embeddable":true,"href":"https:\/\/www.diarioimagen.net\/index.php?rest_route=%2Fwp%2Fv2%2Ftags&post=418825"}],"curies":[{"name":"wp","href":"https:\/\/api.w.org\/{rel}","templated":true}]}}