{"id":418900,"date":"2019-03-13T00:06:14","date_gmt":"2019-03-13T06:06:14","guid":{"rendered":"https:\/\/www.diarioimagen.net\/?p=418900"},"modified":"2019-03-13T23:20:42","modified_gmt":"2019-03-14T05:20:42","slug":"avanzan-gobiernos-estatal-y-municipales-en-desazolve-de-la-presa-el-angulo","status":"publish","type":"post","link":"https:\/\/www.diarioimagen.net\/?p=418900","title":{"rendered":"Avanzan gobiernos estatal y municipales en desazolve de la presa \u201cEl \u00c1ngulo\u201d"},"content":{"rendered":"<ul>\n<li><em><strong>Retiran 6 mil 56 metros c\u00fabicos de azolve y nueve toneladas de basura<\/strong><\/em><\/li>\n<\/ul>\n<p><strong>\u00a0<\/strong><\/p>\n<div id=\"attachment_418901\" style=\"width: 470px\" class=\"wp-caption aligncenter\"><img loading=\"lazy\" decoding=\"async\" aria-describedby=\"caption-attachment-418901\" class=\"size-large wp-image-418901\" src=\"https:\/\/www.diarioimagen.net\/wp-content\/uploads\/2019\/03\/DESAZOLVE13-portal-460x268.jpg\" alt=\"\" width=\"460\" height=\"268\" srcset=\"https:\/\/www.diarioimagen.net\/wp-content\/uploads\/2019\/03\/DESAZOLVE13-portal-460x268.jpg 460w, https:\/\/www.diarioimagen.net\/wp-content\/uploads\/2019\/03\/DESAZOLVE13-portal-240x140.jpg 240w, https:\/\/www.diarioimagen.net\/wp-content\/uploads\/2019\/03\/DESAZOLVE13-portal.jpg 480w\" sizes=\"auto, (max-width: 460px) 100vw, 460px\" \/><p id=\"caption-attachment-418901\" class=\"wp-caption-text\">Retiran 6 mil 56 metros c\u00fabicos de azolve y nueve toneladas de basura durante el primer mes de trabajo.<\/p><\/div>\n<p>&nbsp;<\/p>\n<p><strong>Naucalpan, Estado de M\u00e9xico<\/strong>.- Como parte del Programa Preventivo Permanente contra Inundaciones que implementa el Gobierno de Alfredo Del Mazo Maza, a trav\u00e9s de la Comisi\u00f3n del Agua del Estado de M\u00e9xico (CAEM), arrancaron los trabajos de desazolve de la Presa \u201cEl \u00c1ngulo\u201d, ubicada en el municipio de Cuautitl\u00e1n Izcalli.<\/p>\n<p>Alfredo P\u00e9rez Guzm\u00e1n, Vocal Ejecutivo de la CAEM, inform\u00f3 que trabajan en coordinaci\u00f3n con el Organismo de Agua Potable, Alcantarillado y Saneamiento de Cuautitl\u00e1n Izcalli (OPERAGUA), y con el Organismo P\u00fablico Descentralizado de Agua Potable y Saneamiento de Atizap\u00e1n de Zaragoza (SAPASA), lo que ha permitido que durante el primer mes de labores, se extrajeran 6 mil 56 metros c\u00fabicos de azolve y nueve toneladas de basura.<\/p>\n<p>La previsi\u00f3n es retirar 260 metros c\u00fabicos de azolve por d\u00eda, para que al final de la temporada de estiaje, se haya hecho la extracci\u00f3n de 29 mil metros c\u00fabicos, aproximadamente.<\/p>\n<p>El funcionario record\u00f3 que gracias a los trabajos preventivos y de mantenimiento de la presa \u201cEl \u00c1ngulo\u201d, llevados a cabo durante el pasado 2018, retiraron 54 mil metros c\u00fabicos de azolve, lo que disminuy\u00f3 el n\u00famero de incidencias en la zona durante la temporada de lluvia del a\u00f1o pasado.<\/p>\n","protected":false},"excerpt":{"rendered":"<p>Como parte del Programa Preventivo Permanente contra Inundaciones que implementa el Gobierno de Alfredo Del Mazo Maza, a trav\u00e9s de la Comisi\u00f3n del Agua del Estado de M\u00e9xico (CAEM), arrancaron los trabajos de desazolve de la Presa \u201cEl \u00c1ngulo\u201d, ubicada en el municipio de Cuautitl\u00e1n Izcalli.<\/p>\n","protected":false},"author":5,"featured_media":418901,"comment_status":"open","ping_status":"open","sticky":false,"template":"","format":"standard","meta":{"_monsterinsights_skip_tracking":false,"_monsterinsights_sitenote_active":false,"_monsterinsights_sitenote_note":"","_monsterinsights_sitenote_category":0,"footnotes":""},"categories":[5],"tags":[2505,83544,64870,43675,83543,970],"class_list":["post-418900","post","type-post","status-publish","format-standard","has-post-thumbnail","hentry","category-estado-de-mexico","tag-alfredo-del-mazo-maza","tag-avanzan-gobiernos","tag-el-angulo","tag-estado-de-mexico","tag-municipales-en-desazolve","tag-naucalpan"],"_links":{"self":[{"href":"https:\/\/www.diarioimagen.net\/index.php?rest_route=\/wp\/v2\/posts\/418900","targetHints":{"allow":["GET"]}}],"collection":[{"href":"https:\/\/www.diarioimagen.net\/index.php?rest_route=\/wp\/v2\/posts"}],"about":[{"href":"https:\/\/www.diarioimagen.net\/index.php?rest_route=\/wp\/v2\/types\/post"}],"author":[{"embeddable":true,"href":"https:\/\/www.diarioimagen.net\/index.php?rest_route=\/wp\/v2\/users\/5"}],"replies":[{"embeddable":true,"href":"https:\/\/www.diarioimagen.net\/index.php?rest_route=%2Fwp%2Fv2%2Fcomments&post=418900"}],"version-history":[{"count":0,"href":"https:\/\/www.diarioimagen.net\/index.php?rest_route=\/wp\/v2\/posts\/418900\/revisions"}],"wp:featuredmedia":[{"embeddable":true,"href":"https:\/\/www.diarioimagen.net\/index.php?rest_route=\/wp\/v2\/media\/418901"}],"wp:attachment":[{"href":"https:\/\/www.diarioimagen.net\/index.php?rest_route=%2Fwp%2Fv2%2Fmedia&parent=418900"}],"wp:term":[{"taxonomy":"category","embeddable":true,"href":"https:\/\/www.diarioimagen.net\/index.php?rest_route=%2Fwp%2Fv2%2Fcategories&post=418900"},{"taxonomy":"post_tag","embeddable":true,"href":"https:\/\/www.diarioimagen.net\/index.php?rest_route=%2Fwp%2Fv2%2Ftags&post=418900"}],"curies":[{"name":"wp","href":"https:\/\/api.w.org\/{rel}","templated":true}]}}