{"id":418934,"date":"2019-03-13T00:01:00","date_gmt":"2019-03-13T06:01:00","guid":{"rendered":"https:\/\/www.diarioimagen.net\/?p=418934"},"modified":"2019-03-12T20:49:27","modified_gmt":"2019-03-13T02:49:27","slug":"recurso-barato-el-de-ariadna-montiel","status":"publish","type":"post","link":"https:\/\/www.diarioimagen.net\/?p=418934","title":{"rendered":"Recurso barato, el de Ariadna Montiel\u00a0"},"content":{"rendered":"<h2>La Retaguardia<\/h2>\n<h5>Adriana Moreno Cordero<\/h5>\n<p>&nbsp;<\/p>\n<ul>\n<li><strong><i>Delgado no se quiso \u201cquemar\u201d otra vez <\/i><\/strong><\/li>\n<li><strong><i>Yazm\u00edn, nueva ministra \u00bfOtra prueba de la alianza PRIMOR?<\/i><\/strong><\/li>\n<\/ul>\n<p>&nbsp;<\/p>\n<p>\u00a1Qu\u00e9 recurso tan barato y falto de imaginaci\u00f3n!, por decir lo menos, utiliz\u00f3 <b>Ariadna Montiel Reyes<\/b>, subsecretaria de Bienestar, que ayer se present\u00f3 a la Reuni\u00f3n de Trabajo de Comisiones Unidas en la C\u00e1mara de Diputados, supuestamente para hablar acerca del Programa de Apoyo para el Bienestar de las Ni\u00f1as y Ni\u00f1os, Hijos de Madres Trabajadoras, es decir, el de Estancias Infantiles y de repente, la comparecencia se interrumpi\u00f3 porque la funcionaria se sinti\u00f3 mal.<span class=\"Apple-converted-space\">\u00a0<\/span><\/p>\n<p>Incluso el coordinador de la bancada de Morena, <b>Mario Mart\u00edn Delgado<\/b>, explic\u00f3 que la subsecretaria hab\u00eda tenido un inconveniente, \u00a1pues qu\u00e9 conveniente!, \u00bfno?<\/p>\n<p>Conveniente porque este \u201ccontratiempo\u201d, ocurri\u00f3 justo cuando se anunci\u00f3 el cierre de alrededor de cinco mil Comedores Comunitarios, exactamente con el mismo pretexto que el de las Estancias Infantiles o los Centros de Apoyo para Mujeres V\u00edctimas de Violencia, pero lo cierto es que lo que en realidad pretende el presidente <b>Andr\u00e9s Manuel L\u00f3pez Obrador<\/b>, es borrar de un tajo todo lo que tenga que ver con administraciones pasadas y que pudiera \u201chacerle sombra\u201d.<\/p>\n<p>Asimismo, el coordinador de los diputados morenistas no quiso volverse a \u201cquemar\u201d como en aquella ocasi\u00f3n en que la secretaria de Energ\u00eda, <b>Roc\u00edo Nahle<\/b> y el no menos flamante director de Pemex, <b>Octavio Romero Oropeza<\/b>, dejaron \u201ccolgados\u201d a diputados, cuando ten\u00edan que dar explicaciones sobre la p\u00e9sima estrategia implementada por el presidente en torno al combate al llamado huachicoleo.<\/p>\n<p>En esa ocasi\u00f3n, los diputados de oposici\u00f3n acusaron que este par de funcionarios de la llamada cuarta transformaci\u00f3n, le hab\u00edan faltado al respeto al Legislativo, por eso, ahora no resulta nada descabellado que en San L\u00e1zaro hubieran fraguado eso del repentino y oportuno malestar de la subsecretaria Montiel, porque no ten\u00eda elementos para explicar el tema de las Estancias Infantiles y menos a\u00fan, para abordar lo referente al cierre de los Comedores Comunitarios.<span class=\"Apple-converted-space\">\u00a0<\/span><\/p>\n<p>La diputada pri\u00edsta, <b>Laura Barrera<\/b> explic\u00f3 esta situaci\u00f3n al se\u00f1alar que<span class=\"Apple-converted-space\">\u00a0 <\/span>\u201cnos quedamos con ganas de platicar con ella\u201d.<\/p>\n<p>Barrera record\u00f3 el d\u00eda de la toma de protesta del tabasque\u00f1o, cuando se traslad\u00f3 al Z\u00f3calo \u201cy de los 100 compromisos que ley\u00f3, el tercero era precisamente el de fortalecimiento -son sus palabras-, al Programa de Estancias Infantiles y la regularizaci\u00f3n y observaci\u00f3n de los Cendis, de la mano de la Secretar\u00eda de Bienestar y de la Secretar\u00eda de Educaci\u00f3n\u201d.<\/p>\n<p>Barrera cit\u00f3 que el 15 de diciembre del a\u00f1o pasado, se present\u00f3 el paquete econ\u00f3mico, ya con una reducci\u00f3n de dos mil millones de pesos, en detrimento de las Estancias Infantiles.<\/p>\n<p>Finalmente y como lo apunt\u00f3 la legisladora tricolor, lo m\u00e1s importante son los ni\u00f1os y sus derechos, sin embargo, no hay que olvidar que desde la \u00f3ptica del jefe del Ejecutivo, los ni\u00f1os no votan, sus pap\u00e1s s\u00ed, por eso ofreci\u00f3 dinero, mil 600 pesos bimestrales que de ninguna manera garantizan los derechos del menor.<span class=\"Apple-converted-space\">\u00a0<\/span><\/p>\n<p>Por lo visto, Ariadna Montiel no iba lo suficientemente preparada para dar informaci\u00f3n sobre las arbitrarias medidas adoptadas por el tabasque\u00f1o y por eso le dio un repentino, pero oportuno ataque de gastritis.<\/p>\n<p style=\"text-align: center;\"><b>Municiones<\/b><\/p>\n<p>*** A las cinco de la tarde con 43 minutos, se hizo oficial que <b>Yazm\u00edn Esquivel Mossa<\/b> se convert\u00eda en la nueva ministra de la Suprema Corte de Justicia de la Naci\u00f3n, para un per\u00edodo de 15 a\u00f1os y esto fue producto de una negociaci\u00f3n hecha por el coordinador de la bancada de Morena, <b>Ricardo Monreal<\/b>, quien desde la tribuna, cuando en la primera votaci\u00f3n no sali\u00f3 la propuesta favorita de L\u00f3pez Obrador dijo enojado:<span class=\"Apple-converted-space\">\u00a0 <\/span>\u201cno descalifiquen a priori a tres mujeres extraordinarias\u201d, en referencia a la propia Esquivel, a Celia Maya y a Loretta Ortiz.<span class=\"Apple-converted-space\">\u00a0<\/span><\/p>\n<p>La oposici\u00f3n, especialmente la bancada panista que coordina <b>Mauricio Kuri<\/b>, se\u00f1al\u00f3 una y otra vez que era una decisi\u00f3n pol\u00edtica la de impulsar a una incondicional del presidente ya ninguna de las tres propuestas garantizaba independencia del Ejecutivo ni la autonom\u00eda.<span class=\"Apple-converted-space\">\u00a0<\/span><\/p>\n<p>Despu\u00e9s de una reuni\u00f3n de una hora en la Junta de Coordinaci\u00f3n Pol\u00edtica, vino la segunda votaci\u00f3n y por 95 votos, Esquivel Mossa gan\u00f3. <b>Celia Maya<\/b> no tuvo ning\u00fan voto a su favor y tan solo seis <b>Loretta Ort\u00edz<\/b>, adem\u00e1s de 19 votos albiazules en contra de la terna.<span class=\"Apple-converted-space\">\u00a0<\/span><\/p>\n<p>En la segunda votaci\u00f3n, fueron los votos del PRI que la primera vez se registraron nulos, los que ayudaron a que la esposa, -desde hace 7 a\u00f1os-, del consultor favorito de AMLO, <b>Jos\u00e9 Mar\u00eda Riobo\u00f3<\/b>, alcanzara un lugar en la SCJN, entonces, \u00bfvimos otra muestra de la alianza PRIMOR?<span class=\"Apple-converted-space\">\u00a0<\/span><\/p>\n<p>*** Sin duda la \u00faltima edici\u00f3n de los premios \u00d3scar muestran claramente que<span class=\"Apple-converted-space\">\u00a0 <\/span>nuestro pa\u00eds no carece de talento para el histrionismo y as\u00ed como tenemos una figura como <b>Yalitza Aparicio<\/b>, que surge de M\u00e9xico hacia la internacionalizaci\u00f3n, contamos con j\u00f3venes que han estudiado en el extranjero y ahora se proyectan en nuestro pa\u00eds.<\/p>\n<p>Uno de ellos es <b>Roy Verdiguel<\/b>, quien surgi\u00f3 de la Academia de Germ\u00e1n Robles, y tras<span class=\"Apple-converted-space\">\u00a0 <\/span>especializarse<span class=\"Apple-converted-space\">\u00a0 <\/span>en la <i>American Musical and Dramatic Academy (AMDA<\/i>), tanto en el <i>campus <\/i>de Nueva York como en el de Los \u00c1ngeles, ha regresado a M\u00e9xico y en breve participar\u00e1 en el estreno de<span class=\"Apple-converted-space\">\u00a0 <\/span>una obra<span class=\"Apple-converted-space\">\u00a0 <\/span>dirigida y escrita por la tambi\u00e9n talentosa Sandra Burgos, con quien ya particip\u00f3 en las puestas en escena <i>Casa de Mu\u00f1ecos <\/i>y<i> <span class=\"Apple-converted-space\">\u00a0<\/span><\/i> <i>Espectros Inmundos, <\/i>con las<i> <\/i>que rompieron r\u00e9cord de taquilla en el Foro Vicente Le\u00f1ero.<span class=\"Apple-converted-space\">\u00a0<\/span><\/p>\n<p>Roy ya ha dado muestras de su<span class=\"Apple-converted-space\">\u00a0 <\/span>talento tanto en<span class=\"Apple-converted-space\">\u00a0 <\/span>cine, como en televisi\u00f3n y teatro Verdiguel obtuvo una nominaci\u00f3n a Mejor Actor en el Festival de Cine Alternativo en Toronto y con el denominado \u201cMi M\u00e9xico No Tiene Precio\u201d, gan\u00f3 el Vota Film Fest 2018.<\/p>\n<p>*** <b>Xavier Desiderio Autrey Maza<\/b>, el empresario que impunemente pisotea la ley, se burla de sus seis hermanos para conseguir sus fines, mientras se apodera de las acciones de su propia familia, hoy, comienza a ver su suerte.<span class=\"Apple-converted-space\">\u00a0<\/span><\/p>\n<p>Y es que, las acusaciones que infundadamente emprendi\u00f3 en contra de su sobrino, <b>Adolfo Autrey Da Costa<\/b>, hijo de su hermano Adolfo, al se\u00f1alarlo de presuntamente haber participado en un atentado que sufri\u00f3, de plano ya se le hicieron agua.<span class=\"Apple-converted-space\">\u00a0<\/span><\/p>\n<p>El joven, est\u00e1 libre de cualquier culpa ya que en un acto de mera justicia, qued\u00f3 claro que\u00a0 al empresario Autrey Maza, a quien su ambici\u00f3n no lo detiene y atenta contra su propia familia, de nada le sirvi\u00f3 el tr\u00e1fico de influencias que pr\u00e1ctica el ex fiscal especial de Morelos, <b>Fernando L\u00f3pez V\u00e1zquez<\/b>, a quien contrat\u00f3 para el trabajo sucio y\u00a0 a su vez, duplic\u00f3 funciones al trabajar en la entidad, durante el gobierno de <b>Graco Ram\u00edrez<\/b> <b>Abreu<\/b>, como cabeza en las indagatorias sobre el asesinato de la alcaldesa de Temixco, <b>Gisela Mota<\/b>, y al mismo tiempo ser defensor en la Ciudad de M\u00e9xico en la Fiscal\u00eda de Juzgados Familiares.<span class=\"Apple-converted-space\">\u00a0<\/span><\/p>\n<p><a href=\"mailto:morcora@gmail.com\" target=\"_blank\" rel=\"noopener noreferrer\"><em>morcora@gmail.com<\/em><\/a><\/p>\n","protected":false},"excerpt":{"rendered":"<p><span style=\"color: #005497;\"><strong>Adriana Moreno Cordero<\/strong><\/span><\/p>\n","protected":false},"author":1,"featured_media":0,"comment_status":"open","ping_status":"open","sticky":false,"template":"","format":"standard","meta":{"_monsterinsights_skip_tracking":false,"_monsterinsights_sitenote_active":false,"_monsterinsights_sitenote_note":"","_monsterinsights_sitenote_category":0,"footnotes":""},"categories":[69370],"tags":[69369,43674,83559],"class_list":["post-418934","post","type-post","status-publish","format-standard","hentry","category-adriana-moreno-cordero","tag-adriana-moreno-cordero","tag-opinion","tag-retaguardia"],"_links":{"self":[{"href":"https:\/\/www.diarioimagen.net\/index.php?rest_route=\/wp\/v2\/posts\/418934","targetHints":{"allow":["GET"]}}],"collection":[{"href":"https:\/\/www.diarioimagen.net\/index.php?rest_route=\/wp\/v2\/posts"}],"about":[{"href":"https:\/\/www.diarioimagen.net\/index.php?rest_route=\/wp\/v2\/types\/post"}],"author":[{"embeddable":true,"href":"https:\/\/www.diarioimagen.net\/index.php?rest_route=\/wp\/v2\/users\/1"}],"replies":[{"embeddable":true,"href":"https:\/\/www.diarioimagen.net\/index.php?rest_route=%2Fwp%2Fv2%2Fcomments&post=418934"}],"version-history":[{"count":0,"href":"https:\/\/www.diarioimagen.net\/index.php?rest_route=\/wp\/v2\/posts\/418934\/revisions"}],"wp:attachment":[{"href":"https:\/\/www.diarioimagen.net\/index.php?rest_route=%2Fwp%2Fv2%2Fmedia&parent=418934"}],"wp:term":[{"taxonomy":"category","embeddable":true,"href":"https:\/\/www.diarioimagen.net\/index.php?rest_route=%2Fwp%2Fv2%2Fcategories&post=418934"},{"taxonomy":"post_tag","embeddable":true,"href":"https:\/\/www.diarioimagen.net\/index.php?rest_route=%2Fwp%2Fv2%2Ftags&post=418934"}],"curies":[{"name":"wp","href":"https:\/\/api.w.org\/{rel}","templated":true}]}}