{"id":418959,"date":"2019-03-13T00:11:56","date_gmt":"2019-03-13T06:11:56","guid":{"rendered":"https:\/\/www.diarioimagen.net\/?p=418959"},"modified":"2019-03-13T02:49:40","modified_gmt":"2019-03-13T08:49:40","slug":"avanza-uaem-hacia-igualdad-de-oportunidades-barrera","status":"publish","type":"post","link":"https:\/\/www.diarioimagen.net\/?p=418959","title":{"rendered":"Avanza UAEM hacia igualdad de oportunidades: Barrera"},"content":{"rendered":"<ul>\n<li><strong><em>Conmemoran al D\u00eda Institucional de la Mujer Acad\u00e9mica Universitaria<\/em><\/strong><\/li>\n<\/ul>\n<p>&nbsp;<\/p>\n<div id=\"attachment_419023\" style=\"width: 470px\" class=\"wp-caption aligncenter\"><a href=\"https:\/\/www.diarioimagen.net\/?attachment_id=419023\" rel=\"attachment wp-att-419023\"><img loading=\"lazy\" decoding=\"async\" aria-describedby=\"caption-attachment-419023\" class=\"size-large wp-image-419023\" src=\"https:\/\/www.diarioimagen.net\/wp-content\/uploads\/2019\/03\/UAEM-13-460x307.jpg\" alt=\"\" width=\"460\" height=\"307\" srcset=\"https:\/\/www.diarioimagen.net\/wp-content\/uploads\/2019\/03\/UAEM-13-460x307.jpg 460w, https:\/\/www.diarioimagen.net\/wp-content\/uploads\/2019\/03\/UAEM-13-240x160.jpg 240w, https:\/\/www.diarioimagen.net\/wp-content\/uploads\/2019\/03\/UAEM-13.jpg 700w\" sizes=\"auto, (max-width: 460px) 100vw, 460px\" \/><\/a><p id=\"caption-attachment-419023\" class=\"wp-caption-text\">El rector, Alfredo Barrera Baca, encabez\u00f3 la ceremonia conmemorativa al D\u00eda Institucional de la Mujer Acad\u00e9mica Universitaria.<\/p><\/div>\n<p>&nbsp;<\/p>\n<p><strong>Toluca, Estado de M\u00e9xico<\/strong>.\u2013 La autonom\u00eda permite a la Universidad Aut\u00f3noma del Estado de M\u00e9xico avanzar hacia la igualdad de oportunidades educativas y laborales entre hombres y mujeres, asever\u00f3 el rector Alfredo Barrera Baca, quien destac\u00f3 que la comunidad auriverde gana espacio al machismo y la cultura patriarcal.<\/p>\n<p>\u201cQue cada vez m\u00e1s mujeres ingresen a la UAEM y superen el n\u00famero de sus compa\u00f1eros varones habla de\u00a0un cambio profundo en la sociedad mexiquense, que ve en la universidad el lugar id\u00f3neo para los j\u00f3venes\u00a0tengan mejores oportunidades para desarrollar su vida\u201d.<\/p>\n<p>Acompa\u00f1ado de la presidenta de la Mesa Directiva de la LX legislatura del Estado de M\u00e9xico, Guadalupe Mariana Uribe Bernal, Barrera Baca detall\u00f3 que m\u00e1s de una tercera parte de los cargos directivos de espacios acad\u00e9micos son ocupados por mujeres. \u201cDestacan las facultades de Odontolog\u00eda, Ingenier\u00eda y Arquitectura y Dise\u00f1o, que por primera vez en su historia son dirigidas por mujeres de ciencia y academia\u201d.<\/p>\n<p>En la ceremonia conmemorativa al D\u00eda Institucional de la Mujer Acad\u00e9mica Universitaria, indic\u00f3 que 49 por ciento de los puestos directivos y 58 por ciento de las jefaturas de la administraci\u00f3n universitaria son ocupadas por distinguidas mujeres.<\/p>\n<p>\u201cDurante la actual administraci\u00f3n, instancias universitarias que tradicionalmente eran dirigidas por hombres como la secretar\u00eda de Rector\u00eda y la Direcci\u00f3n de Protecci\u00f3n Universitaria, ahora est\u00e1n a cargo de mujeres\u201d.<\/p>\n<p>Luego de entregar la Presea FAAPAUAEM a las acad\u00e9micas Am\u00e9rica Luna Mart\u00ednez, de la Facultad de Humanidades; Aurelia Peralta Col\u00edn, del Plantel \u201cIgnacio Ram\u00edrez Calzada\u201d de la Escuela Preparatoria, y a la profesora de asignatura de la Facultad de Arquitectura y Dise\u00f1o, Myrna Dalila Mendoza Mart\u00ednez, el rector enfatiz\u00f3 que este galard\u00f3n es un justo reconocimiento para quienes contribuyen a enriquecer la vida gremial y a fortalecer el arte, la ciencia, la tecnolog\u00eda y las humanidades.\u00a0En presencia de la directora de Bienestar Social para la Mujer del Consejo Estatal de la Mujer y Bienestar Social, Alejandra Peralta Zamora, Alfredo Barrera Baca reconoci\u00f3 a la Coordinaci\u00f3n Institucional de Equidad de G\u00e9nero y acad\u00e9micas participantes, quienes durante el reciente a\u00f1o ofrecieron 42 actividades de capacitaci\u00f3n relacionadas con la equidad de g\u00e9nero a mil servidores p\u00fablicos del gobierno de la entidad.\u00a0<strong>\u00a0<\/strong><\/p>\n","protected":false},"excerpt":{"rendered":"<p>La autonom\u00eda permite a la Universidad Aut\u00f3noma del Estado de M\u00e9xico avanzar hacia la igualdad de oportunidades educativas y laborales entre hombres y mujeres, asever\u00f3 el rector Alfredo Barrera Baca, quien destac\u00f3 que <\/p>\n","protected":false},"author":3,"featured_media":419023,"comment_status":"open","ping_status":"open","sticky":false,"template":"","format":"standard","meta":{"_monsterinsights_skip_tracking":false,"_monsterinsights_sitenote_active":false,"_monsterinsights_sitenote_note":"","_monsterinsights_sitenote_category":0,"footnotes":""},"categories":[5],"tags":[58572,43675,26688,452,1491],"class_list":["post-418959","post","type-post","status-publish","format-standard","has-post-thumbnail","hentry","category-estado-de-mexico","tag-alfredo-barrera-baca","tag-estado-de-mexico","tag-igualdad","tag-toluca","tag-uaem"],"_links":{"self":[{"href":"https:\/\/www.diarioimagen.net\/index.php?rest_route=\/wp\/v2\/posts\/418959","targetHints":{"allow":["GET"]}}],"collection":[{"href":"https:\/\/www.diarioimagen.net\/index.php?rest_route=\/wp\/v2\/posts"}],"about":[{"href":"https:\/\/www.diarioimagen.net\/index.php?rest_route=\/wp\/v2\/types\/post"}],"author":[{"embeddable":true,"href":"https:\/\/www.diarioimagen.net\/index.php?rest_route=\/wp\/v2\/users\/3"}],"replies":[{"embeddable":true,"href":"https:\/\/www.diarioimagen.net\/index.php?rest_route=%2Fwp%2Fv2%2Fcomments&post=418959"}],"version-history":[{"count":0,"href":"https:\/\/www.diarioimagen.net\/index.php?rest_route=\/wp\/v2\/posts\/418959\/revisions"}],"wp:featuredmedia":[{"embeddable":true,"href":"https:\/\/www.diarioimagen.net\/index.php?rest_route=\/wp\/v2\/media\/419023"}],"wp:attachment":[{"href":"https:\/\/www.diarioimagen.net\/index.php?rest_route=%2Fwp%2Fv2%2Fmedia&parent=418959"}],"wp:term":[{"taxonomy":"category","embeddable":true,"href":"https:\/\/www.diarioimagen.net\/index.php?rest_route=%2Fwp%2Fv2%2Fcategories&post=418959"},{"taxonomy":"post_tag","embeddable":true,"href":"https:\/\/www.diarioimagen.net\/index.php?rest_route=%2Fwp%2Fv2%2Ftags&post=418959"}],"curies":[{"name":"wp","href":"https:\/\/api.w.org\/{rel}","templated":true}]}}