{"id":419008,"date":"2019-03-13T00:07:52","date_gmt":"2019-03-13T06:07:52","guid":{"rendered":"https:\/\/www.diarioimagen.net\/?p=419008"},"modified":"2019-03-13T02:45:52","modified_gmt":"2019-03-13T08:45:52","slug":"combatira-toluca-inseguridad-desde-raiz-e-impulsara-prevencion-del-delito","status":"publish","type":"post","link":"https:\/\/www.diarioimagen.net\/?p=419008","title":{"rendered":"Combatir\u00e1 Toluca inseguridad desde ra\u00edz e impulsar\u00e1 prevenci\u00f3n del delito"},"content":{"rendered":"<ul>\n<li><strong><em>Inicia el programa Vive la Vida Toluca por la Libertad<\/em><\/strong><\/li>\n<\/ul>\n<p>&nbsp;<\/p>\n<div id=\"attachment_419053\" style=\"width: 470px\" class=\"wp-caption aligncenter\"><a href=\"https:\/\/www.diarioimagen.net\/?attachment_id=419053\" rel=\"attachment wp-att-419053\"><img loading=\"lazy\" decoding=\"async\" aria-describedby=\"caption-attachment-419053\" class=\"size-large wp-image-419053\" src=\"https:\/\/www.diarioimagen.net\/wp-content\/uploads\/2019\/03\/TOLUCA-13-460x259.jpg\" alt=\"\" width=\"460\" height=\"259\" srcset=\"https:\/\/www.diarioimagen.net\/wp-content\/uploads\/2019\/03\/TOLUCA-13-460x259.jpg 460w, https:\/\/www.diarioimagen.net\/wp-content\/uploads\/2019\/03\/TOLUCA-13-240x135.jpg 240w, https:\/\/www.diarioimagen.net\/wp-content\/uploads\/2019\/03\/TOLUCA-13-235x132.jpg 235w, https:\/\/www.diarioimagen.net\/wp-content\/uploads\/2019\/03\/TOLUCA-13-202x114.jpg 202w, https:\/\/www.diarioimagen.net\/wp-content\/uploads\/2019\/03\/TOLUCA-13-350x196.jpg 350w, https:\/\/www.diarioimagen.net\/wp-content\/uploads\/2019\/03\/TOLUCA-13-220x123.jpg 220w, https:\/\/www.diarioimagen.net\/wp-content\/uploads\/2019\/03\/TOLUCA-13-237x132.jpg 237w, https:\/\/www.diarioimagen.net\/wp-content\/uploads\/2019\/03\/TOLUCA-13.jpg 480w\" sizes=\"auto, (max-width: 460px) 100vw, 460px\" \/><\/a><p id=\"caption-attachment-419053\" class=\"wp-caption-text\">El programa Vive la Vida Toluca por la Libertad, fue puesto en marcha por el presidente municipal, Juan Rodolfo S\u00e1nchez G\u00f3mez en la escuela Preparatoria Oficial n\u00famero 116.<\/p><\/div>\n<p>&nbsp;<\/p>\n<p><strong>Toluca, Estado de M\u00e9xico<\/strong>.- Combatir desde la ra\u00edz la inseguridad, facilitar la prevenci\u00f3n del delito, evitar conductas autodestructivas y propiciar familias fuertes y el desarrollo personal para vivir en plenitud, abiertos al futuro y llenos de esperanza, son objetivos del programa Vive la Vida Toluca por la Libertad, puesto en marcha por el presidente municipal Juan Rodolfo S\u00e1nchez G\u00f3mez en la Escuela Preparatoria Oficial n\u00famero 116.<\/p>\n<p>\u201cYo he crecido en Toluca y el municipio fue, es y ser\u00e1 fuerte si sus familias son fuertes, si se debilitan como hoy se han debilitado, no habr\u00e1 patrullas, polic\u00edas, c\u00e1maras, nada que alcance, necesitamos fortalecerlas, por ello este programa busca ir m\u00e1s all\u00e1, entrar al ataque no de las consecuencias, sino de las causas, necesitamos ir al fondo de la mente y del coraz\u00f3n de las personas\u201d, asegur\u00f3 S\u00e1nchez G\u00f3mez.<\/p>\n<p>A trav\u00e9s de la proximidad con la poblaci\u00f3n estudiantil, este programa generar\u00e1 grupos llamados Protectores de la Libertad, que tendr\u00e1n tres ejes fundamentales: informarnos, vincularnos y comprometernos. Con este esquema se busca alcanzar a 583 planteles de nivel b\u00e1sico, medio y medio superior del municipio, para tener al menos 5 mil 830 Protectores de la Libertad, con un impacto de 52 mil 470 alumnos beneficiados de forma directa.<\/p>\n<p>En su intervenci\u00f3n, el director de Prevenci\u00f3n Comunitaria, Fernando Galindo Cruz, explic\u00f3 que se impulsar\u00e1n tres cursos: Protocolos de seguridad escolar, que se realizar\u00e1n con asesor\u00eda de la UAEM, Finanzas personales y Periodismo c\u00edvico, para mantener una comunicaci\u00f3n continua y constante con la ciudadan\u00eda a trav\u00e9s de una plataforma digital que impulsar\u00e1 el ayuntamiento.<\/p>\n<p>Asimismo, el director general de Seguridad P\u00fablica, Roberto Vald\u00e9s Garc\u00eda, record\u00f3 a los asistentes que \u201cproteger la vida y defender la libertad con honor es el lema que se ha implementado en la dependencia y lo que mueve a cada elemento\u201d; igualmente, dijo que se redoblar\u00e1n los esfuerzos para crear una sociedad en paz, por lo que se necesita la participaci\u00f3n ciudadana y la formaci\u00f3n de c\u00edrculos virtuosos.<\/p>\n<p>Asimismo, record\u00f3 a los alumnos que enfrentan soledad, miedo y tristeza, que siempre hay una salida y que su vida es muy valiosa, por lo que los exhort\u00f3 a acercarse a sus familiares, amigos o autoridades para recibir ayuda.<\/p>\n<p>Por su parte, el director del plantel, Jos\u00e9 Luis Garc\u00eda \u00c1lvarez, agradeci\u00f3 el inter\u00e9s del alcalde por visitar su escuela, a la que acuden 871 estudiantes, y comenzar ah\u00ed el programa, ya que en 25 a\u00f1os que lleva funcionando la preparatoria esta es la primera ocasi\u00f3n que los visita un presidente municipal, lo cual los motiva a continuar alcanzando sus metas.<\/p>\n","protected":false},"excerpt":{"rendered":"<p>Combatir desde la ra\u00edz la inseguridad, facilitar la prevenci\u00f3n del delito, evitar conductas autodestructivas y propiciar familias fuertes y el desarrollo personal para vivir en plenitud, abiertos al futuro y llenos de esperanza, son objetivos del programa Vive la Vida Toluca por la Libertad, puesto en marcha por el presidente municipal Juan Rodolfo S\u00e1nchez G\u00f3mez en la Escuela Preparatoria Oficial n\u00famero 116.<\/p>\n","protected":false},"author":3,"featured_media":419053,"comment_status":"open","ping_status":"open","sticky":false,"template":"","format":"standard","meta":{"_monsterinsights_skip_tracking":false,"_monsterinsights_sitenote_active":false,"_monsterinsights_sitenote_note":"","_monsterinsights_sitenote_category":0,"footnotes":""},"categories":[35155],"tags":[24241,43675,21732,452],"class_list":["post-419008","post","type-post","status-publish","format-standard","has-post-thumbnail","hentry","category-estado-de-mexico-estado-de-mexico","tag-delito","tag-estado-de-mexico","tag-prevencion","tag-toluca"],"_links":{"self":[{"href":"https:\/\/www.diarioimagen.net\/index.php?rest_route=\/wp\/v2\/posts\/419008","targetHints":{"allow":["GET"]}}],"collection":[{"href":"https:\/\/www.diarioimagen.net\/index.php?rest_route=\/wp\/v2\/posts"}],"about":[{"href":"https:\/\/www.diarioimagen.net\/index.php?rest_route=\/wp\/v2\/types\/post"}],"author":[{"embeddable":true,"href":"https:\/\/www.diarioimagen.net\/index.php?rest_route=\/wp\/v2\/users\/3"}],"replies":[{"embeddable":true,"href":"https:\/\/www.diarioimagen.net\/index.php?rest_route=%2Fwp%2Fv2%2Fcomments&post=419008"}],"version-history":[{"count":0,"href":"https:\/\/www.diarioimagen.net\/index.php?rest_route=\/wp\/v2\/posts\/419008\/revisions"}],"wp:featuredmedia":[{"embeddable":true,"href":"https:\/\/www.diarioimagen.net\/index.php?rest_route=\/wp\/v2\/media\/419053"}],"wp:attachment":[{"href":"https:\/\/www.diarioimagen.net\/index.php?rest_route=%2Fwp%2Fv2%2Fmedia&parent=419008"}],"wp:term":[{"taxonomy":"category","embeddable":true,"href":"https:\/\/www.diarioimagen.net\/index.php?rest_route=%2Fwp%2Fv2%2Fcategories&post=419008"},{"taxonomy":"post_tag","embeddable":true,"href":"https:\/\/www.diarioimagen.net\/index.php?rest_route=%2Fwp%2Fv2%2Ftags&post=419008"}],"curies":[{"name":"wp","href":"https:\/\/api.w.org\/{rel}","templated":true}]}}