{"id":419160,"date":"2019-03-14T00:08:13","date_gmt":"2019-03-14T06:08:13","guid":{"rendered":"https:\/\/www.diarioimagen.net\/?p=419160"},"modified":"2019-03-14T06:21:25","modified_gmt":"2019-03-14T12:21:25","slug":"trabajamos-para-recuperar-la-paz-en-toluca-afirma-rodolfo-sanchez","status":"publish","type":"post","link":"https:\/\/www.diarioimagen.net\/?p=419160","title":{"rendered":"Trabajamos para recuperar la paz en Toluca, afirma Rodolfo S\u00e1nchez\u00a0"},"content":{"rendered":"<ul>\n<li><strong><em>Participaci\u00f3n en mesa de seguridad<\/em><\/strong><\/li>\n<\/ul>\n<p>&nbsp;<\/p>\n<div id=\"attachment_419239\" style=\"width: 470px\" class=\"wp-caption aligncenter\"><a href=\"https:\/\/www.diarioimagen.net\/?attachment_id=419239\" rel=\"attachment wp-att-419239\"><img loading=\"lazy\" decoding=\"async\" aria-describedby=\"caption-attachment-419239\" class=\"size-large wp-image-419239\" src=\"https:\/\/www.diarioimagen.net\/wp-content\/uploads\/2019\/03\/toluca-1-460x259.jpg\" alt=\"\" width=\"460\" height=\"259\" srcset=\"https:\/\/www.diarioimagen.net\/wp-content\/uploads\/2019\/03\/toluca-1-460x259.jpg 460w, https:\/\/www.diarioimagen.net\/wp-content\/uploads\/2019\/03\/toluca-1-240x135.jpg 240w, https:\/\/www.diarioimagen.net\/wp-content\/uploads\/2019\/03\/toluca-1-235x132.jpg 235w, https:\/\/www.diarioimagen.net\/wp-content\/uploads\/2019\/03\/toluca-1-202x114.jpg 202w, https:\/\/www.diarioimagen.net\/wp-content\/uploads\/2019\/03\/toluca-1-350x196.jpg 350w, https:\/\/www.diarioimagen.net\/wp-content\/uploads\/2019\/03\/toluca-1-220x123.jpg 220w, https:\/\/www.diarioimagen.net\/wp-content\/uploads\/2019\/03\/toluca-1-237x132.jpg 237w, https:\/\/www.diarioimagen.net\/wp-content\/uploads\/2019\/03\/toluca-1.jpg 480w\" sizes=\"auto, (max-width: 460px) 100vw, 460px\" \/><\/a><p id=\"caption-attachment-419239\" class=\"wp-caption-text\">Durante la mesa de seguridad, Juan Rodolfo S\u00e1nchez G\u00f3mez estuvo acompa\u00f1ado por el fiscal general y la titular de la SS.<\/p><\/div>\n<p>&nbsp;<\/p>\n<p><strong>Toluca, Estado de M\u00e9xico<\/strong>.- \u201cQueremos decirle a los toluque\u00f1os que las autoridades federales, estatales y municipales estamos haciendo un frente com\u00fan para trabajar y que Toluca recupere la seguridad y sus ciudadanos, paz y confianza\u201d, expres\u00f3 el presidente municipal de la capital, Juan Rodolfo S\u00e1nchez G\u00f3mez, al t\u00e9rmino de la mesa de seguridad en la que estuvo acompa\u00f1ado del Fiscal General de Justicia del Estado de M\u00e9xico, Alejandro Jaime G\u00f3mez S\u00e1nchez, la secretaria de Seguridad del Gobierno del Estado de M\u00e9xico, Maribel Cervantes Guerrero, y el Comandante de la 22 Zona Militar, Eduardo Vera Rivera.<\/p>\n<p>S\u00e1nchez G\u00f3mez dijo que las mesas de trabajo se efect\u00faan en un ambiente de cordialidad, respeto y resultados, de los cuales el fiscal Alejandro G\u00f3mez S\u00e1nchez precis\u00f3: \u201cGracias a esta coordinaci\u00f3n, las cifras muestran que Toluca tuvo una disminuci\u00f3n de 32 por ciento en delitos de alto impacto\u201d, aunque acept\u00f3 que hay focos rojos que se tienen que atender.<\/p>\n<p>Refiri\u00f3 que entre los aspectos pendientes est\u00e1n los delitos contra la salud y los homicidios registrados, de los que asegur\u00f3 \u201cno corresponden a delincuencia organizada, van desde la ri\u00f1a hasta venganza o problem\u00e1ticas familiares, no hay una preocupaci\u00f3n que se deba tener por ejecuciones de delincuencia organizada\u201d.<\/p>\n<p>El fiscal de la entidad mencion\u00f3 que en las mesas de trabajo se han acordado acciones como intercambio de informaci\u00f3n, investigaciones conjuntas y potenciar estas pesquisas con la participaci\u00f3n de la polic\u00eda estatal y municipal, as\u00ed como la orientaci\u00f3n del Ministerio P\u00fablico, por lo que \u201clo fundamental es el trabajo conjunto que se est\u00e1 llevando a cabo\u201d.<\/p>\n<p>Adem\u00e1s refiri\u00f3 que lo m\u00e1s importante es la coordinaci\u00f3n territorial que se est\u00e1 desarrollando en la ciudad de Toluca, al ser \u201cun acuerdo que se ha adoptado para la construcci\u00f3n de la seguridad y la paz\u201d. Mencion\u00f3 que se har\u00e1 una serie de visitas itinerantes a los municipios, que iniciaron en la capital del estado.<\/p>\n<p>Por su parte, la secretaria de Seguridad del Gobierno del Estado de M\u00e9xico, Maribel Cervantes Guerrero, dio a conocer que en algunas localidades se tuvo un incremento en delitos de violaci\u00f3n y agresi\u00f3n contra mujeres, por lo que uno de los acuerdos fue que se van a reforzar los trabajos con la unidad de g\u00e9nero en Toluca, para incidir de manera directa en el delito de violencia contra las mujeres con medidas espec\u00edficas para cuidarlas.<\/p>\n<p>Record\u00f3 que el n\u00famero 089 de denuncia an\u00f3nima est\u00e1 a disposici\u00f3n de las mujeres: \u201cEstamos acompa\u00f1\u00e1ndolas a partir de que hagan su denuncia durante todo el proceso, con tareas de investigaci\u00f3n e inteligencia\u201d.<\/p>\n<p>En la mesa de seguridad, que se efectu\u00f3 este martes, tambi\u00e9n acudieron Eduardo Vela Rivera, Comandante de la 22 Zona Militar; Jes\u00fas Antonio Mart\u00ednez Gonz\u00e1lez, Fiscal Especializado de Homicidios del Valle de Toluca; Maestro Mart\u00edn Mar\u00edn Col\u00edn, Fiscal Regional de Toluca: Marisela Mora, Secretar\u00eda T\u00e9cnica de Seguridad: Alejandro Javier G\u00f3mez Barrera, Director General de Pol\u00edticas P\u00fablicas Generales y representante del Secretario General de Gobierno del Grupo Estatal de Seguridad; Jorge Pe\u00f1a Sandoval, Delegado de la Fiscal\u00eda General de la Rep\u00fablica; Benjam\u00edn Bernal Su\u00e1rez, primer Visitador General de la Comisi\u00f3n de Derechos Humanos del Estado de M\u00e9xico; Ismael Gonz\u00e1lez Contreras, subdelegado de la Fiscal\u00eda General de la Rep\u00fablica; Armando Ju\u00e1rez Bejarano, encargado del Centro Nacional de Inteligencia del Estado de M\u00e9xico;\u00a0 Max Avil\u00e9s Islas, polic\u00eda Federal; Sergio A. Ch\u00e1vez Garc\u00eda, subsecretario de Seguridad P\u00fablica del Estado de M\u00e9xico.<\/p>\n","protected":false},"excerpt":{"rendered":"<p>\u201cQueremos decirle a los toluque\u00f1os que las autoridades federales, estatales y municipales estamos haciendo un frente com\u00fan para trabajar y que Toluca recupere la seguridad y sus ciudadanos, paz y confianza\u201d, expres\u00f3 el presidente municipal de la capital, Juan Rodolfo S\u00e1nchez G\u00f3mez, al t\u00e9rmino de la mesa de seguridad en la que estuvo acompa\u00f1ado del Fiscal General de Justicia del Estado de M\u00e9xico, Alejandro Jaime G\u00f3mez S\u00e1nchez, la secretaria de Seguridad del Gobierno del Estado de M\u00e9xico, Maribel Cervantes Guerrero, y el Comandante de la 22 Zona Militar, Eduardo Vera Rivera.<\/p>\n","protected":false},"author":3,"featured_media":419239,"comment_status":"open","ping_status":"open","sticky":false,"template":"","format":"standard","meta":{"_monsterinsights_skip_tracking":false,"_monsterinsights_sitenote_active":false,"_monsterinsights_sitenote_note":"","_monsterinsights_sitenote_category":0,"footnotes":""},"categories":[35155],"tags":[43675,83359,4470,72501,452],"class_list":["post-419160","post","type-post","status-publish","format-standard","has-post-thumbnail","hentry","category-estado-de-mexico-estado-de-mexico","tag-estado-de-mexico","tag-juan-rodolfo-sanchez-gomez","tag-paz","tag-recuperar","tag-toluca"],"_links":{"self":[{"href":"https:\/\/www.diarioimagen.net\/index.php?rest_route=\/wp\/v2\/posts\/419160","targetHints":{"allow":["GET"]}}],"collection":[{"href":"https:\/\/www.diarioimagen.net\/index.php?rest_route=\/wp\/v2\/posts"}],"about":[{"href":"https:\/\/www.diarioimagen.net\/index.php?rest_route=\/wp\/v2\/types\/post"}],"author":[{"embeddable":true,"href":"https:\/\/www.diarioimagen.net\/index.php?rest_route=\/wp\/v2\/users\/3"}],"replies":[{"embeddable":true,"href":"https:\/\/www.diarioimagen.net\/index.php?rest_route=%2Fwp%2Fv2%2Fcomments&post=419160"}],"version-history":[{"count":0,"href":"https:\/\/www.diarioimagen.net\/index.php?rest_route=\/wp\/v2\/posts\/419160\/revisions"}],"wp:featuredmedia":[{"embeddable":true,"href":"https:\/\/www.diarioimagen.net\/index.php?rest_route=\/wp\/v2\/media\/419239"}],"wp:attachment":[{"href":"https:\/\/www.diarioimagen.net\/index.php?rest_route=%2Fwp%2Fv2%2Fmedia&parent=419160"}],"wp:term":[{"taxonomy":"category","embeddable":true,"href":"https:\/\/www.diarioimagen.net\/index.php?rest_route=%2Fwp%2Fv2%2Fcategories&post=419160"},{"taxonomy":"post_tag","embeddable":true,"href":"https:\/\/www.diarioimagen.net\/index.php?rest_route=%2Fwp%2Fv2%2Ftags&post=419160"}],"curies":[{"name":"wp","href":"https:\/\/api.w.org\/{rel}","templated":true}]}}