{"id":419260,"date":"2019-03-15T00:11:01","date_gmt":"2019-03-15T06:11:01","guid":{"rendered":"https:\/\/www.diarioimagen.net\/?p=419260"},"modified":"2019-03-15T05:00:39","modified_gmt":"2019-03-15T11:00:39","slug":"alistan-leyes-secundarias-de-guardia-nacional-y-extincion-de-dominio","status":"publish","type":"post","link":"https:\/\/www.diarioimagen.net\/?p=419260","title":{"rendered":"Alistan leyes secundarias de Guardia Nacional y Extinci\u00f3n de Dominio"},"content":{"rendered":"<ul>\n<li><em><strong>Tras declaratoria de constitucionalidad<\/strong><\/em><\/li>\n<\/ul>\n<p>&nbsp;<\/p>\n<div id=\"attachment_419261\" style=\"width: 470px\" class=\"wp-caption aligncenter\"><img loading=\"lazy\" decoding=\"async\" aria-describedby=\"caption-attachment-419261\" class=\"size-large wp-image-419261\" src=\"https:\/\/www.diarioimagen.net\/wp-content\/uploads\/2019\/03\/LEYES15-portal-460x268.jpg\" alt=\"\" width=\"460\" height=\"268\" srcset=\"https:\/\/www.diarioimagen.net\/wp-content\/uploads\/2019\/03\/LEYES15-portal-460x268.jpg 460w, https:\/\/www.diarioimagen.net\/wp-content\/uploads\/2019\/03\/LEYES15-portal-240x140.jpg 240w, https:\/\/www.diarioimagen.net\/wp-content\/uploads\/2019\/03\/LEYES15-portal.jpg 480w\" sizes=\"auto, (max-width: 460px) 100vw, 460px\" \/><p id=\"caption-attachment-419261\" class=\"wp-caption-text\">Olga S\u00e1nchez Cordero anunci\u00f3 que tras aprobaci\u00f3n de la Guardia Nacional, Extinci\u00f3n de Domino y Prisi\u00f3n Preventiva Oficiosa para delitos graves, se expedir\u00e1n las leyes secundarias.<\/p><\/div>\n<p>&nbsp;<\/p>\n<p>La secretaria de Gobernaci\u00f3n, Olga S\u00e1nchez Cordero, indic\u00f3 que luego de la aprobaci\u00f3n de las reformas constitucionales sobre la creaci\u00f3n de la Guardia Nacional, Extinci\u00f3n de Domino y Prisi\u00f3n Preventiva Oficiosa para delitos graves, se expedir\u00e1n las leyes secundarias correspondientes.<\/p>\n<p>En la conferencia de prensa matutina del presidente Andr\u00e9s Manuel L\u00f3pez Obrador, la funcionaria detall\u00f3 que s\u00f3lo para la Guardia Nacional, de la cual se har\u00e1 la declaratoria en breve, habr\u00e1 reformas a la Ley de Seguridad P\u00fablica, y se expedir\u00e1n las leyes de la nueva guardia, del uso de la fuerza y de registro nacional de detenciones.<\/p>\n<p>S\u00e1nchez Cordero coment\u00f3 que renuevan al personal del Instituto Nacional de Migraci\u00f3n (INM), al ser uno de los organismos m\u00e1s afectados por la corrupci\u00f3n, y que ya han presentado al menos tres denuncias contra agentes migratorios que presuntamente extorsionaban a personas que intentaban ingresar al pa\u00eds.<\/p>\n<p>En la conferencia de prensa realizada en Palacio Nacional, el subsecretario de Gobernaci\u00f3n, Zo\u00e9 Robledo Aburto, asegur\u00f3 que habr\u00e1 leyes secundarias derivadas de la aprobaci\u00f3n de la Guardia Nacional, pues se trata de un mandato constitucional y porque \u201caqu\u00ed no hay espacio para la simulaci\u00f3n\u201d.<\/p>\n<p>Confi\u00f3 en que para la aprobaci\u00f3n de la normatividad secundaria se tendr\u00e1 el mismo apoyo que hubo para lograr la reforma constitucional, toda vez que ha sido planteada a partir del consenso, del acuerdo que tiene la ruta que ha marcado el Presidente para construir la paz y garantizar la seguridad de todos.<\/p>\n<p>Esta construcci\u00f3n se dio con un proceso diferente en el que se aplic\u00f3 el principio de parlamento abierto y se escucharon tanto a especialistas como a funcionarios locales, federales, as\u00ed como a acad\u00e9micos y poblaci\u00f3n en general, a fin \u201cde dar una respuesta a los mexicanos respecto al tema de seguridad, principalmente, con el tema de Guardia de Nacional\u201d.<\/p>\n","protected":false},"excerpt":{"rendered":"<p>La secretaria de Gobernaci\u00f3n, Olga S\u00e1nchez Cordero, indic\u00f3 que luego de la aprobaci\u00f3n de las reformas constitucionales sobre la creaci\u00f3n de la Guardia Nacional, Extinci\u00f3n de Domino y Prisi\u00f3n Preventiva Oficiosa para delitos graves, se expedir\u00e1n las leyes secundarias correspondientes.<\/p>\n","protected":false},"author":5,"featured_media":419261,"comment_status":"open","ping_status":"open","sticky":false,"template":"","format":"standard","meta":{"_monsterinsights_skip_tracking":false,"_monsterinsights_sitenote_active":false,"_monsterinsights_sitenote_note":"","_monsterinsights_sitenote_category":0,"footnotes":""},"categories":[3],"tags":[82019,4160,29720,43673,10638],"class_list":["post-419260","post","type-post","status-publish","format-standard","has-post-thumbnail","hentry","category-nacional","tag-extincion-de-dominio","tag-guardia-nacional","tag-leyes-secundarias","tag-nacional","tag-olga-sanchez-cordero"],"_links":{"self":[{"href":"https:\/\/www.diarioimagen.net\/index.php?rest_route=\/wp\/v2\/posts\/419260","targetHints":{"allow":["GET"]}}],"collection":[{"href":"https:\/\/www.diarioimagen.net\/index.php?rest_route=\/wp\/v2\/posts"}],"about":[{"href":"https:\/\/www.diarioimagen.net\/index.php?rest_route=\/wp\/v2\/types\/post"}],"author":[{"embeddable":true,"href":"https:\/\/www.diarioimagen.net\/index.php?rest_route=\/wp\/v2\/users\/5"}],"replies":[{"embeddable":true,"href":"https:\/\/www.diarioimagen.net\/index.php?rest_route=%2Fwp%2Fv2%2Fcomments&post=419260"}],"version-history":[{"count":0,"href":"https:\/\/www.diarioimagen.net\/index.php?rest_route=\/wp\/v2\/posts\/419260\/revisions"}],"wp:featuredmedia":[{"embeddable":true,"href":"https:\/\/www.diarioimagen.net\/index.php?rest_route=\/wp\/v2\/media\/419261"}],"wp:attachment":[{"href":"https:\/\/www.diarioimagen.net\/index.php?rest_route=%2Fwp%2Fv2%2Fmedia&parent=419260"}],"wp:term":[{"taxonomy":"category","embeddable":true,"href":"https:\/\/www.diarioimagen.net\/index.php?rest_route=%2Fwp%2Fv2%2Fcategories&post=419260"},{"taxonomy":"post_tag","embeddable":true,"href":"https:\/\/www.diarioimagen.net\/index.php?rest_route=%2Fwp%2Fv2%2Ftags&post=419260"}],"curies":[{"name":"wp","href":"https:\/\/api.w.org\/{rel}","templated":true}]}}